{"id":11244,"date":"2022-06-30T11:42:56","date_gmt":"2022-06-30T18:42:56","guid":{"rendered":"https:\/\/peninsula360press.com\/?p=11244"},"modified":"2022-06-30T14:10:03","modified_gmt":"2022-06-30T21:10:03","slug":"elmo-gets-vaccinated-against-covid-19","status":"publish","type":"post","link":"https:\/\/peninsula360press.com\/en\/elmo-gets-vaccinated-against-covid-19\/","title":{"rendered":"\"Elmo\" gets vaccinated against COVID-19"},"content":{"rendered":"<figure class=\"wp-block-image size-large is-resized\"><img fetchpriority=\"high\" decoding=\"async\" src=\"https:\/\/peninsula360press.com\/wp-content\/uploads\/2022\/06\/elmo-se-vacuna-1024x575.jpeg\" alt=\"elmo gets vaccinated\" class=\"wp-image-11245\" width=\"696\" height=\"390\" srcset=\"https:\/\/peninsula360press.com\/wp-content\/uploads\/2022\/06\/elmo-se-vacuna-1024x575.jpeg 1024w, https:\/\/peninsula360press.com\/wp-content\/uploads\/2022\/06\/elmo-se-vacuna-300x169.jpeg 300w, https:\/\/peninsula360press.com\/wp-content\/uploads\/2022\/06\/elmo-se-vacuna-768x431.jpeg 768w, https:\/\/peninsula360press.com\/wp-content\/uploads\/2022\/06\/elmo-se-vacuna-18x10.jpeg 18w, https:\/\/peninsula360press.com\/wp-content\/uploads\/2022\/06\/elmo-se-vacuna-150x84.jpeg 150w, https:\/\/peninsula360press.com\/wp-content\/uploads\/2022\/06\/elmo-se-vacuna-696x391.jpeg 696w, https:\/\/peninsula360press.com\/wp-content\/uploads\/2022\/06\/elmo-se-vacuna-1068x600.jpeg 1068w\" sizes=\"(max-width: 696px) 100vw, 696px\" \/><figcaption>Image of the video <a href=\"https:\/\/youtu.be\/xoSzm5lJYLs\" target=\"_blank\" rel=\"noreferrer noopener\">Elmo gets vaccinated against COVID<\/a><\/figcaption><\/figure>\n\n\n\n<p>Little Elmo, one of the most beloved characters on Sesame Street, happily received his first dose of the COVID-19 vaccine this Monday after it was authorized weeks ago by the U.S. Centers for Disease Control and Prevention (CDC) for children 6 months and older.<\/p>\n\n\n\n<p>After a small puncture, the young three-and-a-half-year-old muppet said he was fine and happy to have a &quot;super-duper&quot; band-aid.<\/p>\n\n\n\n<p>&quot;It was a little prick, but everything is fine. Elmo is happy that daddy and baby David went with him,&quot; the furry red-haired boy said in a video that was broadcast on the Sesame Workshop channel on the YouTube streaming platform.<\/p>\n\n\n\n<figure class=\"wp-block-embed is-type-video is-provider-youtube wp-block-embed-youtube wp-embed-aspect-16-9 wp-has-aspect-ratio\"><div class=\"wp-block-embed__wrapper\">\n<iframe title=\"Elmo gets vaccinated against COVID\" width=\"696\" height=\"392\" src=\"https:\/\/www.youtube.com\/embed\/xoSzm5lJYLs?feature=oembed\" frameborder=\"0\" allow=\"accelerometer; autoplay; clipboard-write; encrypted-media; gyroscope; picture-in-picture\" allowfullscreen><\/iframe>\n<\/div><\/figure>\n\n\n\n<p>Elmo&#039;s dad, Louie, meanwhile, reminded parents that it&#039;s OK to have questions and encouraged viewers to talk to a pediatrician or health care provider to get the latest data on vaccines, which have been shown to reduce the chances of severe illness and hospitalization from COVID-19.<\/p>\n\n\n\n<p>Elmo was joined by his father Louie, who just a year ago received the adult vaccine, which, in his own words, &quot;allowed him to start socializing more freely with the people around him.&quot;<\/p>\n\n\n\n<p>Louie did not wait to hear the various questions that arose before vaccinating his little Elmo, such as, for example, &quot;Is it safe? Was it the right decision?&quot;, questions that he considered pertinent for Elmo&#039;s pediatrician.<\/p>\n\n\n\n<p>\u201cI talked to our pediatrician so I could make the right decision. I learned that Elmo getting his vaccine is the best way for him, our friends, neighbors and all of us to stay healthy and doing the things we love,\u201d Louie said.<br>This is not the first time Elmo has gone to the doctor, but it is the first time he has been vaccinated against COVID-19, and he knows very well how to approach this topic, since previously in the Sesame Street panel: The ABCs of COVID Vaccines, in which he participated, he did so with the same question: Can children under five be vaccinated?<\/p>\n\n\n\n<p>At that time \u2013 November 2021 \u2013 the Pfizer COVID-19 vaccine was approved for children ages five to 11 in doses just one-third the amount given to adolescents and adults.<\/p>\n\n\n\n<p>In this campaign, a total of 28 million children in that age range were vaccinated.<\/p>\n\n\n\n<p>The minute-long video, endorsed by the CDC and the American Academy of Pediatrics (AAP), was broadcast in English and Spanish.<\/p>\n\n\n\n<p>The public service announcement (PSA), featuring Elmo and his father Louie, encourages parents and caregivers to educate themselves about COVID-19 vaccines so they can get the necessary doses for their children, thereby protecting them and the community around them from the disease.<\/p>\n\n\n\n<p>The new ad is the latest in a series featuring the Sesame Street Muppets, first targeting vaccinations for adults and more recently for children ages 5 and up.<\/p>\n\n\n\n<p>There were nearly 5.7 million childhood cases of COVID-19 nationwide in 2022 alone, making vaccination an important step in protecting children and their families from this highly contagious virus and its variants.<\/p>\n\n\n\n<p>According to the AAP, only 29 percent of children ages 5 to 11 and 59 percent of adolescents ages 12 to 17 in the United States were fully vaccinated as of early June.<\/p>\n\n\n\n<p>New research from the nonprofit Ad Council found that 52 percent of parents are undecided about whether to vaccinate their children older than six months and younger than 5 years.<\/p>\n\n\n\n<p>However, the analysis also found that more than 50 percent of parents believe their children under age 5 are at higher risk of contracting a COVID-19 infection in public settings, particularly in out-of-home and public childcare settings.<\/p>\n\n\n\n<p>&quot;With summer activities starting and the new school year approaching, vaccines will help protect children in these public settings that parents say make them more vulnerable,&quot; the nonprofit educational organization Sesame Workshop said in a statement.<\/p>\n\n\n\n<p>Children under 5 years of age will be considered fully vaccinated against COVID-19 with two doses of the Moderna vaccine \u2013 one-quarter of the adult dose \u2013 four weeks apart, or three doses of the Pfizer\/BioNTech vaccine \u2013 one-tenth of the adult dose \u2013 with the first two doses administered three weeks apart and a third at least eight weeks after the second dose.<\/p>\n\n\n\n<p>\u201cOur work with Sesame Workshop has been invaluable in helping us connect parents and caregivers with the accurate information they need as they decide whether to vaccinate their children against COVID-19, an important decision many must make ahead of the upcoming school season,\u201d said Lisa Sherman, president and CEO of the Ad Council.<\/p>\n\n\n\n<p>In addition to the new announcement, Sesame Workshop is publishing additional bilingual resources for parents, caregivers and providers to answer common questions in an age-appropriate manner and provide strategies to help children prepare for vaccination.<\/p>\n\n\n\n<p>\u201cWith the help of Elmo and his dad Louie, we want to model real conversations, encourage questions from parents and help kids know what to expect,\u201d said Dr. Jeanette Betancourt, senior vice president of U.S. Social Impact at Sesame Workshop.<\/p>\n\n\n\n<p>In December, 6-year-old Big Bird and his Granny Bird appeared in a video for parents and caregivers of children ages 5 to 12, who also received the vaccine, just like Rosita.<\/p>\n\n\n\n<p>It is worth noting that the CDC recommends vaccination even for those who have already had COVID-19 to protect against reinfection, and has noted that it is OK to receive other vaccines at the same time.<\/p>\n\n\n\n<p><em>You may be interested in: <a href=\"https:\/\/peninsula360press.com\/en\/covid-19-vaccine-in-children-under-5-years-old\/\">Vaccination against COVID-19 in children under 5 years of age will reinforce community-wide protection<\/a><\/em><\/p>","protected":false},"excerpt":{"rendered":"<p>El peque\u00f1o Elmo, uno de los personajes m\u00e1s entra\u00f1ables de Plaza S\u00e9samo, recibi\u00f3 muy alegre su primera dosis de la vacuna contra COVID-19 este lunes luego de que, semanas atr\u00e1s, esta fuera autorizada por los Centros para el Control y la Prevenci\u00f3n de Enfermedades de EE. UU. \u2012CDC, por sus siglas en ingl\u00e9s\u2012 para ni\u00f1os [&hellip;]<\/p>","protected":false},"author":4,"featured_media":11245,"comment_status":"open","ping_status":"open","sticky":false,"template":"","format":"standard","meta":{"footnotes":""},"categories":[14,170],"tags":[],"class_list":{"0":"post-11244","1":"post","2":"type-post","3":"status-publish","4":"format-standard","5":"has-post-thumbnail","7":"category-cover","8":"category-covid19"},"_links":{"self":[{"href":"https:\/\/peninsula360press.com\/en\/wp-json\/wp\/v2\/posts\/11244","targetHints":{"allow":["GET"]}}],"collection":[{"href":"https:\/\/peninsula360press.com\/en\/wp-json\/wp\/v2\/posts"}],"about":[{"href":"https:\/\/peninsula360press.com\/en\/wp-json\/wp\/v2\/types\/post"}],"author":[{"embeddable":true,"href":"https:\/\/peninsula360press.com\/en\/wp-json\/wp\/v2\/users\/4"}],"replies":[{"embeddable":true,"href":"https:\/\/peninsula360press.com\/en\/wp-json\/wp\/v2\/comments?post=11244"}],"version-history":[{"count":4,"href":"https:\/\/peninsula360press.com\/en\/wp-json\/wp\/v2\/posts\/11244\/revisions"}],"predecessor-version":[{"id":11263,"href":"https:\/\/peninsula360press.com\/en\/wp-json\/wp\/v2\/posts\/11244\/revisions\/11263"}],"wp:featuredmedia":[{"embeddable":true,"href":"https:\/\/peninsula360press.com\/en\/wp-json\/wp\/v2\/media\/11245"}],"wp:attachment":[{"href":"https:\/\/peninsula360press.com\/en\/wp-json\/wp\/v2\/media?parent=11244"}],"wp:term":[{"taxonomy":"category","embeddable":true,"href":"https:\/\/peninsula360press.com\/en\/wp-json\/wp\/v2\/categories?post=11244"},{"taxonomy":"post_tag","embeddable":true,"href":"https:\/\/peninsula360press.com\/en\/wp-json\/wp\/v2\/tags?post=11244"}],"curies":[{"name":"wp","href":"https:\/\/api.w.org\/{rel}","templated":true}]}}