{"id":11958,"date":"2022-08-02T10:29:58","date_gmt":"2022-08-02T17:29:58","guid":{"rendered":"https:\/\/peninsula360press.com\/?p=11958"},"modified":"2022-08-02T10:30:00","modified_gmt":"2022-08-02T17:30:00","slug":"increase-in-covid-19-cases-in-the-us","status":"publish","type":"post","link":"https:\/\/peninsula360press.com\/en\/increase-in-covid-19-cases-in-the-us\/","title":{"rendered":"Increase in COVID-19 cases in the U.S. sparks discussion on possible return of mandates"},"content":{"rendered":"<figure class=\"wp-block-image size-large\"><img fetchpriority=\"high\" decoding=\"async\" width=\"1024\" height=\"682\" src=\"https:\/\/peninsula360press.com\/wp-content\/uploads\/2022\/08\/covid-1024x682.png\" alt=\"Increase in COVID-19 cases in the U.S.\" class=\"wp-image-11959\" srcset=\"https:\/\/peninsula360press.com\/wp-content\/uploads\/2022\/08\/covid-1024x682.png 1024w, https:\/\/peninsula360press.com\/wp-content\/uploads\/2022\/08\/covid-300x200.png 300w, https:\/\/peninsula360press.com\/wp-content\/uploads\/2022\/08\/covid-768x512.png 768w, https:\/\/peninsula360press.com\/wp-content\/uploads\/2022\/08\/covid-18x12.png 18w, https:\/\/peninsula360press.com\/wp-content\/uploads\/2022\/08\/covid-150x100.png 150w, https:\/\/peninsula360press.com\/wp-content\/uploads\/2022\/08\/covid-696x464.png 696w, https:\/\/peninsula360press.com\/wp-content\/uploads\/2022\/08\/covid-1068x711.png 1068w\" sizes=\"(max-width: 1024px) 100vw, 1024px\" \/><\/figure>\n\n\n\n<p>The fifth wave of the pandemic has caused a surge in COVID-19 cases in the U.S., sparking discussions about whether mask mandates should return and the importance of getting the COVID-19 vaccine.<\/p>\n\n\n\n<p>More than two-thirds of the U.S. population has tested positive for COVID-19, and 78 percent are part of the Omicron BA5 subvariant, which is not only more contagious but also has more severe symptoms. However, health measures to prevent contracting the disease have been reduced over time.<\/p>\n\n\n\n<p>The use of masks, antibacterial gel, and other things have been left behind, as people have had to return to normality. However, while precautionary measures lose importance, the virus advances.&nbsp;<\/p>\n\n\n\n<p>&quot;The virus is not fast, but it moves,&quot; said Ben Neuman, professor of biology and head of virology at Global Health in a panel organized by <a href=\"https:\/\/ethnicmediaservices.org\/\" target=\"_blank\" rel=\"noreferrer noopener\">Ethnic Media Services<\/a> where experts met to discuss the risks posed by new variants of SARS-CoV-2 virus infection.<\/p>\n\n\n\n<p>Neuman stressed the importance of the population getting the COVID-19 vaccine as well as its boosters, because although they do not rule out the possibility of becoming infected, they reduce complications, hospitalizations and deaths. \u201cWe have to use the tools we have as much as we can,\u201d he said.<\/p>\n\n\n\n<h2 class=\"wp-block-heading\"><strong>There are more positive cases than reported<\/strong><\/h2>\n\n\n\n<p>For his part, Peter Chin-Hong, a professor of medicine specializing in the treatment of infectious diseases, commented that the numbers of people who have tested positive for the disease caused by the SARS-CoV-2 virus are higher than those officially reported, since there are those who perform the tests at home or those who simply let the disease pass.<strong><em> &quot;If 1,300 cases are reported a day, there are probably actually a million,&quot;<\/em><\/strong> he said.<\/p>\n\n\n\n<p>&quot;The true number of infections is much higher than what we are counting,&quot; said William Schaffner, a professor of medicine in the Division of Infectious Diseases at Vanderbilt University School of Medicine.&nbsp;<\/p>\n\n\n\n<p>He also noted that in his experience, rapid COVID-19 tests are less likely to report a positive result in cases of Omicron&#039;s BA5 subvariant.<\/p>\n\n\n\n<p>He also stressed that respiratory infections have increased during this summer season, but this does not mean that all people who have symptoms have the disease caused by the SARS-CoV-2 virus, so it is best to take a PCR test instead of a rapid test at home.<\/p>\n\n\n\n<h2 class=\"wp-block-heading\"><strong>Discussions continue over the use of masks<\/strong><\/h2>\n\n\n\n<p>States like California have considered reinstating mask mandates, but have backed off because COVID-19 cases have been declining. \u201cThat will be up to local authorities to decide,\u201d Schaffner said, but he recommended that masks be worn at least by those at risk of complications, including older adults and people with underlying health conditions.<\/p>\n\n\n\n<p>\u201cJust because we don\u2019t have a mask mandate in public spaces doesn\u2019t mean it\u2019s not a good idea to wear a mask, so it\u2019s still a very strong recommendation even if you\u2019re fully vaccinated and you have your boosters, because who wants to be at home for 5 days?\u201d Chin-Hong said, noting that they not only allow those wearing them to protect themselves, but they also protect all levels of society.<\/p>\n\n\n\n<p>Neuman commented that \u201cfrom a technical standpoint, masks work, they are always a very good idea and we should have mask mandates and vaccine mandates.\u201d<\/p>\n\n\n\n<h2 class=\"wp-block-heading\"><strong>Is Paxlovid a viable treatment?<\/strong><\/h2>\n\n\n\n<p>The Centers for Disease Control and Prevention (CDC) says Paxlovid is still recommended as a treatment for early-stage mild to moderate COVID-19 disease in patients at high risk for severe disease, preventing hospitalization and death. However, people with kidney or liver problems are not eligible to receive the drug.<\/p>\n\n\n\n<p>&quot;It prevents the development of a more serious disease,&quot; said Schaffner, who along with his wife received the treatment when they were eligible, because although the Food and Drug Administration (FDA) approved it for emergency use, there are a series of requirements that patients must meet to obtain Paxlovid.<\/p>\n\n\n\n<p>The requirements for using Paxlovid as a treatment are:<\/p>\n\n\n\n<ul class=\"wp-block-list\"><li>Having tested positive for COVID-19 infection<\/li><li>Have mild or moderate disease<\/li><li>Have one or more risk factors for progression to severe disease<\/li><li>Not requiring hospitalization at the time of starting treatment<\/li><li>No evidence of renal or hepatic impairment<\/li><\/ul>\n\n\n\n<p>For more information on vaccines visit <a href=\"https:\/\/covid19.ca.gov\/es\/vaccines\/\" target=\"_blank\" rel=\"noreferrer noopener\">https:\/\/covid19.ca.gov\/es\/vaccines\/<\/a>.<\/p>\n\n\n\n<p><em>You may be interested in: <a href=\"https:\/\/peninsula360press.com\/en\/san-joaquin-county-challenges-covid-19\/\">San Joaquin County still faces major challenges in COVID-19 issues<\/a><\/em><\/p>","protected":false},"excerpt":{"rendered":"<p>La quinta ola de la pandemia ha causado un aumento de casos COVID-19 en EE. UU., lo cual ha generado discusiones sobre si los mandatos del uso de mascarillas deber\u00edan volver y la importancia de que la poblaci\u00f3n reciba la vacuna contra el COVID-19. M\u00e1s de dos tercios de la poblaci\u00f3n estadounidense ha dado positivo [&hellip;]<\/p>","protected":false},"author":4,"featured_media":11959,"comment_status":"open","ping_status":"open","sticky":false,"template":"","format":"standard","meta":{"footnotes":""},"categories":[14,170,8,12],"tags":[],"class_list":{"0":"post-11958","1":"post","2":"type-post","3":"status-publish","4":"format-standard","5":"has-post-thumbnail","7":"category-cover","8":"category-covid19","9":"category-usworld","10":"category-health"},"_links":{"self":[{"href":"https:\/\/peninsula360press.com\/en\/wp-json\/wp\/v2\/posts\/11958","targetHints":{"allow":["GET"]}}],"collection":[{"href":"https:\/\/peninsula360press.com\/en\/wp-json\/wp\/v2\/posts"}],"about":[{"href":"https:\/\/peninsula360press.com\/en\/wp-json\/wp\/v2\/types\/post"}],"author":[{"embeddable":true,"href":"https:\/\/peninsula360press.com\/en\/wp-json\/wp\/v2\/users\/4"}],"replies":[{"embeddable":true,"href":"https:\/\/peninsula360press.com\/en\/wp-json\/wp\/v2\/comments?post=11958"}],"version-history":[{"count":1,"href":"https:\/\/peninsula360press.com\/en\/wp-json\/wp\/v2\/posts\/11958\/revisions"}],"predecessor-version":[{"id":11960,"href":"https:\/\/peninsula360press.com\/en\/wp-json\/wp\/v2\/posts\/11958\/revisions\/11960"}],"wp:featuredmedia":[{"embeddable":true,"href":"https:\/\/peninsula360press.com\/en\/wp-json\/wp\/v2\/media\/11959"}],"wp:attachment":[{"href":"https:\/\/peninsula360press.com\/en\/wp-json\/wp\/v2\/media?parent=11958"}],"wp:term":[{"taxonomy":"category","embeddable":true,"href":"https:\/\/peninsula360press.com\/en\/wp-json\/wp\/v2\/categories?post=11958"},{"taxonomy":"post_tag","embeddable":true,"href":"https:\/\/peninsula360press.com\/en\/wp-json\/wp\/v2\/tags?post=11958"}],"curies":[{"name":"wp","href":"https:\/\/api.w.org\/{rel}","templated":true}]}}