{"id":14152,"date":"2022-11-19T10:24:15","date_gmt":"2022-11-19T17:24:15","guid":{"rendered":"https:\/\/peninsula360press.com\/?p=14152"},"modified":"2023-02-02T15:09:39","modified_gmt":"2023-02-02T22:09:39","slug":"homeless-crisis","status":"publish","type":"post","link":"https:\/\/peninsula360press.com\/en\/homeless-crisis\/","title":{"rendered":"Newsom calls for tackling homelessness crisis &#039;more aggressively&#039;"},"content":{"rendered":"<figure class=\"wp-block-image size-large\"><img fetchpriority=\"high\" decoding=\"async\" width=\"1024\" height=\"663\" src=\"https:\/\/peninsula360press.com\/wp-content\/uploads\/2022\/11\/people-4606605_1920-1024x663.jpg\" alt=\"homeless crisis\" class=\"wp-image-14153\" srcset=\"https:\/\/peninsula360press.com\/wp-content\/uploads\/2022\/11\/people-4606605_1920-1024x663.jpg 1024w, https:\/\/peninsula360press.com\/wp-content\/uploads\/2022\/11\/people-4606605_1920-300x194.jpg 300w, https:\/\/peninsula360press.com\/wp-content\/uploads\/2022\/11\/people-4606605_1920-768x498.jpg 768w, https:\/\/peninsula360press.com\/wp-content\/uploads\/2022\/11\/people-4606605_1920-18x12.jpg 18w, https:\/\/peninsula360press.com\/wp-content\/uploads\/2022\/11\/people-4606605_1920-150x97.jpg 150w, https:\/\/peninsula360press.com\/wp-content\/uploads\/2022\/11\/people-4606605_1920-696x451.jpg 696w, https:\/\/peninsula360press.com\/wp-content\/uploads\/2022\/11\/people-4606605_1920-1068x692.jpg 1068w\" sizes=\"(max-width: 1024px) 100vw, 1024px\" \/><\/figure>\n\n\n\n<p>The Governor <a href=\"https:\/\/twitter.com\/GavinNewsom\" data-type=\"URL\" data-id=\"https:\/\/twitter.com\/GavinNewsom\" target=\"_blank\" rel=\"noopener\">Gavin Newsom<\/a> convened local leaders on Friday to discuss their plans to address the homeless crisis and identify new strategies and opportunities to more ambitiously address street encampments across the state.<\/p>\n\n\n\n<p>Earlier this month, Newsom announced that the state would conduct the third round of Housing, Homeless Assistance and Prevention (HHAP) grants to local governments whose plans, taken together, would only reduce statewide homelessness by 2 percent by 2024.<\/p>\n\n\n\n<p>In response, the governor, in partnership with cities and counties, has laid out a path forward for applicants to receive their third round of HHAP funding, with grants set to go live next week, provided local governments agree to more ambitious reductions in homelessness.<\/p>\n\n\n\n<p>In the face of poor results, Newsom challenged local leaders to come up with more ambitious plans for their next round of funding; so far, 21 have pledged to step up in writing. The state expects the remaining applicants to do the same.<\/p>\n\n\n\n<p>\u201cThis was an important conversation that allowed us to speak candidly and share some good ideas,\u201d said Gavin Newsom. \u201cLocal leaders talked about the need for more collaboration between the city and county, more land use reforms to build housing faster, and a focus on keeping people housed who may be on the brink of homelessness \u2013 these leaders are our partners, and we all recognize that we are in this together.\u201d<\/p>\n\n\n\n<p>The third round of HHAP grants provides a portion of the $1 billion committed to each county on the condition that each local government has a state-approved plan that will reduce homelessness and increase permanent housing.&nbsp;<\/p>\n\n\n\n<p>The Governor&#039;s Office highlighted that so far, the state has provided more than $1.5 billion in flexible emergency assistance to address homelessness through the Homeless Emergency Assistance Program and the first two rounds of HHAP funding.<\/p>\n\n\n\n<p>HHAP Round 4 applications must be submitted by November 29, 2022.<\/p>\n\n\n\n<p>You may be interested in: <em><a href=\"https:\/\/peninsula360press.com\/en\/evictions-in-san-mateo-county-2\/\" data-type=\"URL\" data-id=\"https:\/\/peninsula360press.com\/es_mx\/desalojos-en-el-condado-de-san-mateo\/\">Million Dollar Strategy to Avoid Evictions in San Mateo County Announced<\/a><\/em><\/p>","protected":false},"excerpt":{"rendered":"<p>El gobernador Gavin Newsom convoc\u00f3 este viernes a l\u00edderes locales para discutir sus planes para abordar la crisis de personas sin hogar e identificar nuevas estrategias y oportunidades para abordar de manera m\u00e1s ambiciosa los campamentos callejeros en todo el estado. A principios de este mes, Newsom anunci\u00f3 que el estado llevar\u00eda a cabo la [&hellip;]<\/p>","protected":false},"author":4,"featured_media":14153,"comment_status":"open","ping_status":"open","sticky":false,"template":"","format":"standard","meta":{"footnotes":""},"categories":[9,14],"tags":[],"class_list":{"0":"post-14152","1":"post","2":"type-post","3":"status-publish","4":"format-standard","5":"has-post-thumbnail","7":"category-community","8":"category-cover"},"_links":{"self":[{"href":"https:\/\/peninsula360press.com\/en\/wp-json\/wp\/v2\/posts\/14152","targetHints":{"allow":["GET"]}}],"collection":[{"href":"https:\/\/peninsula360press.com\/en\/wp-json\/wp\/v2\/posts"}],"about":[{"href":"https:\/\/peninsula360press.com\/en\/wp-json\/wp\/v2\/types\/post"}],"author":[{"embeddable":true,"href":"https:\/\/peninsula360press.com\/en\/wp-json\/wp\/v2\/users\/4"}],"replies":[{"embeddable":true,"href":"https:\/\/peninsula360press.com\/en\/wp-json\/wp\/v2\/comments?post=14152"}],"version-history":[{"count":3,"href":"https:\/\/peninsula360press.com\/en\/wp-json\/wp\/v2\/posts\/14152\/revisions"}],"predecessor-version":[{"id":15080,"href":"https:\/\/peninsula360press.com\/en\/wp-json\/wp\/v2\/posts\/14152\/revisions\/15080"}],"wp:featuredmedia":[{"embeddable":true,"href":"https:\/\/peninsula360press.com\/en\/wp-json\/wp\/v2\/media\/14153"}],"wp:attachment":[{"href":"https:\/\/peninsula360press.com\/en\/wp-json\/wp\/v2\/media?parent=14152"}],"wp:term":[{"taxonomy":"category","embeddable":true,"href":"https:\/\/peninsula360press.com\/en\/wp-json\/wp\/v2\/categories?post=14152"},{"taxonomy":"post_tag","embeddable":true,"href":"https:\/\/peninsula360press.com\/en\/wp-json\/wp\/v2\/tags?post=14152"}],"curies":[{"name":"wp","href":"https:\/\/api.w.org\/{rel}","templated":true}]}}