{"id":14462,"date":"2022-12-23T11:45:51","date_gmt":"2022-12-23T18:45:51","guid":{"rendered":"https:\/\/peninsula360press.com\/?p=14462"},"modified":"2022-12-23T11:45:53","modified_gmt":"2022-12-23T18:45:53","slug":"murders-in-peru","status":"publish","type":"post","link":"https:\/\/peninsula360press.com\/en\/murders-in-peru\/","title":{"rendered":"Peruvians are mobilized in Mexico; They demand justice for the 28 murdered"},"content":{"rendered":"<figure class=\"wp-block-image size-large\"><img fetchpriority=\"high\" decoding=\"async\" width=\"1024\" height=\"495\" src=\"https:\/\/peninsula360press.com\/wp-content\/uploads\/2022\/12\/Protesta-Peru-CDMX-1024x495.jpeg\" alt=\"murders in Peru\" class=\"wp-image-14463\" srcset=\"https:\/\/peninsula360press.com\/wp-content\/uploads\/2022\/12\/Protesta-Peru-CDMX-1024x495.jpeg 1024w, https:\/\/peninsula360press.com\/wp-content\/uploads\/2022\/12\/Protesta-Peru-CDMX-300x145.jpeg 300w, https:\/\/peninsula360press.com\/wp-content\/uploads\/2022\/12\/Protesta-Peru-CDMX-768x371.jpeg 768w, https:\/\/peninsula360press.com\/wp-content\/uploads\/2022\/12\/Protesta-Peru-CDMX-18x9.jpeg 18w, https:\/\/peninsula360press.com\/wp-content\/uploads\/2022\/12\/Protesta-Peru-CDMX-150x72.jpeg 150w, https:\/\/peninsula360press.com\/wp-content\/uploads\/2022\/12\/Protesta-Peru-CDMX-696x336.jpeg 696w, https:\/\/peninsula360press.com\/wp-content\/uploads\/2022\/12\/Protesta-Peru-CDMX-1068x516.jpeg 1068w\" sizes=\"(max-width: 1024px) 100vw, 1024px\" \/><figcaption class=\"wp-element-caption\">Photo: Ingrid Sanchez P360P<\/figcaption><\/figure>\n\n\n\n<p>Peruvians, Chileans, Ecuadorians and Mexicans gathered at the Angel of Independence in Mexico City to protest the 28 murders in Peru that have occurred so far in what many describe as a dictatorship.<\/p>\n\n\n\n<p>&quot;We have gathered together to demand justice for the murders in Peru, for the militarization of power and for the murderous Congress and the murderous Dina Boluarte who does not want to step down from power and who would rather continue shedding blood than leave the position of president for which no one elected her,&quot; explained Andrea G\u00f3mez, a Peruvian resident in Mexico for 6 years.<\/p>\n\n\n\n<p>Among those killed by the army during the protests against Congress and against Dina Boluarte, there are at least five minors; most of them are from the jungle and mountainous regions of the country, since the capital, Lima, although it has witnessed protests, has not suffered the intense repression that has been observed in other parts of the country.<\/p>\n\n\n\n<figure class=\"wp-block-image size-large\"><img decoding=\"async\" width=\"768\" height=\"1024\" src=\"https:\/\/peninsula360press.com\/wp-content\/uploads\/2022\/12\/Protesta-Peru-CDMX-2-768x1024.png\" alt=\"murders in Peru\" class=\"wp-image-14465\" srcset=\"https:\/\/peninsula360press.com\/wp-content\/uploads\/2022\/12\/Protesta-Peru-CDMX-2-768x1024.png 768w, https:\/\/peninsula360press.com\/wp-content\/uploads\/2022\/12\/Protesta-Peru-CDMX-2-225x300.png 225w, https:\/\/peninsula360press.com\/wp-content\/uploads\/2022\/12\/Protesta-Peru-CDMX-2-1152x1536.png 1152w, https:\/\/peninsula360press.com\/wp-content\/uploads\/2022\/12\/Protesta-Peru-CDMX-2-9x12.png 9w, https:\/\/peninsula360press.com\/wp-content\/uploads\/2022\/12\/Protesta-Peru-CDMX-2-150x200.png 150w, https:\/\/peninsula360press.com\/wp-content\/uploads\/2022\/12\/Protesta-Peru-CDMX-2-300x400.png 300w, https:\/\/peninsula360press.com\/wp-content\/uploads\/2022\/12\/Protesta-Peru-CDMX-2-696x928.png 696w, https:\/\/peninsula360press.com\/wp-content\/uploads\/2022\/12\/Protesta-Peru-CDMX-2-1068x1424.png 1068w, https:\/\/peninsula360press.com\/wp-content\/uploads\/2022\/12\/Protesta-Peru-CDMX-2.png 1200w\" sizes=\"(max-width: 768px) 100vw, 768px\" \/><figcaption class=\"wp-element-caption\">Photo: Ingrid Sanchez. P360P<\/figcaption><\/figure>\n\n\n\n<p>With banners demanding an end to the repression and with the names of all those killed, the protesters shouted slogans against Congress, against Dina Boluarte and even against foreign forces in Peru such as the <a href=\"https:\/\/www.dea.gov\/es\" target=\"_blank\" rel=\"noreferrer noopener\">United States Drug Enforcement Agency<\/a> \u2014DEA\u2014as they walked around the Angel and displayed their signs to passersby and motorists passing by the area.<\/p>\n\n\n\n<p>&quot;They should all go! DEA out of Peru and Latin America! No to the military coup in Peru! Close Congress! No to dictatorship, yes to democracy! Peruvians, listen, join the fight! Elections in 2023! The united people will never be defeated! Justice for those killed!&quot; were some of the slogans heard during the mobilization.<\/p>\n\n\n\n<p>The indignation over the murders in Peru not only runs through the blood of Peruvians but also of Latin Americans and that is why some people from other nationalities also gathered at the Angel and showed solidarity with the Peruvian people.<\/p>\n\n\n\n<p>\u201cWhat is happening there is not something isolated. We are just coming out of an uprising and a revolt in Chile recently that led to a constituent process and the victory of a progressive government, and for that reason, as Chileans, we are very attentive to the other processes that are happening right now in Peru,\u201d explained a member of the Assembly of Organized Chileans in Mexico City, while waving her hands stained with the paint used to write down the names of the murdered Peruvians.<\/p>\n\n\n\n<figure class=\"wp-block-image size-large\"><img decoding=\"async\" width=\"1024\" height=\"495\" src=\"https:\/\/peninsula360press.com\/wp-content\/uploads\/2022\/12\/Protesta-Peru-CDMX-3-1024x495.jpeg\" alt=\"murders in Peru\" class=\"wp-image-14466\" srcset=\"https:\/\/peninsula360press.com\/wp-content\/uploads\/2022\/12\/Protesta-Peru-CDMX-3-1024x495.jpeg 1024w, https:\/\/peninsula360press.com\/wp-content\/uploads\/2022\/12\/Protesta-Peru-CDMX-3-300x145.jpeg 300w, https:\/\/peninsula360press.com\/wp-content\/uploads\/2022\/12\/Protesta-Peru-CDMX-3-768x371.jpeg 768w, https:\/\/peninsula360press.com\/wp-content\/uploads\/2022\/12\/Protesta-Peru-CDMX-3-18x9.jpeg 18w, https:\/\/peninsula360press.com\/wp-content\/uploads\/2022\/12\/Protesta-Peru-CDMX-3-150x72.jpeg 150w, https:\/\/peninsula360press.com\/wp-content\/uploads\/2022\/12\/Protesta-Peru-CDMX-3-696x336.jpeg 696w, https:\/\/peninsula360press.com\/wp-content\/uploads\/2022\/12\/Protesta-Peru-CDMX-3-1068x516.jpeg 1068w\" sizes=\"(max-width: 1024px) 100vw, 1024px\" \/><figcaption class=\"wp-element-caption\">Photo: Ingrid Sanchez. P360P<\/figcaption><\/figure>\n\n\n\n<p>For her, as a Chilean, it is necessary to make visible the situation in Peru because there are many similarities, especially in terms of the violence applied to the mobilizations of recent weeks and that experienced in Chile during the social outbreak of 2019.<\/p>\n\n\n\n<p>Among the Mexicans were teachers from the Coordinating Assembly of Sections 10 and 11, which is part of the National Coordinator of Education Workers (CNTE) and members of the International Coordinator of Solidarity and for the Freedom of Revolutionary Political Prisoners of the World (CISLPPRM), who also expressed their support for Peruvian society and demanded justice for those killed.<\/p>\n\n\n\n<p>&quot;The right has taken hold, the right has acted with fascism and has not allowed the people to go through this process of democratization. Even though Castillo arrived with that possibility, not the certainty but the possibility of moving forward along a democratic path, the extreme right in Peru has denied it,&quot; analyzed Jos\u00e9, a member of the CISLPPRM.<\/p>\n\n\n\n<p>Mexico City is not the only place in the country where protests have been called to demand justice; a march was also held in Oaxaca on December 21 and a sit-in was called for December 22 at the Peruvian consulate in Guadalajara.<\/p>\n\n\n\n<p>Asked if they would protest again, the Peruvians looked at each other and, with anguish on their faces, explained: &quot;It depends. If the repression continues, we will have to go and protest, but now at the embassy.&quot;<\/p>\n\n\n\n<p><em>You may be interested in: <a href=\"https:\/\/peninsula360press.com\/en\/why-we-look-for-them\/\">Mexico: brigade searching for missing persons needs support<\/a><\/em><\/p>","protected":false},"excerpt":{"rendered":"<p>Peruanos, chilenos, ecuatorianos y mexicanos se dieron cita en el \u00c1ngel de la Independencia en la Ciudad de M\u00e9xico para protestar por los 28 asesinatos en Per\u00fa que han ocurrido hasta ahora en lo que muchos califican como una dictadura. \u00abNos hemos autoconvocado para reclamar justicia por los asesinatos en Per\u00fa, por la militarizaci\u00f3n del [&hellip;]<\/p>","protected":false},"author":33,"featured_media":14463,"comment_status":"open","ping_status":"open","sticky":false,"template":"","format":"standard","meta":{"footnotes":""},"categories":[14,8],"tags":[],"class_list":{"0":"post-14462","1":"post","2":"type-post","3":"status-publish","4":"format-standard","5":"has-post-thumbnail","7":"category-cover","8":"category-usworld"},"_links":{"self":[{"href":"https:\/\/peninsula360press.com\/en\/wp-json\/wp\/v2\/posts\/14462","targetHints":{"allow":["GET"]}}],"collection":[{"href":"https:\/\/peninsula360press.com\/en\/wp-json\/wp\/v2\/posts"}],"about":[{"href":"https:\/\/peninsula360press.com\/en\/wp-json\/wp\/v2\/types\/post"}],"author":[{"embeddable":true,"href":"https:\/\/peninsula360press.com\/en\/wp-json\/wp\/v2\/users\/33"}],"replies":[{"embeddable":true,"href":"https:\/\/peninsula360press.com\/en\/wp-json\/wp\/v2\/comments?post=14462"}],"version-history":[{"count":2,"href":"https:\/\/peninsula360press.com\/en\/wp-json\/wp\/v2\/posts\/14462\/revisions"}],"predecessor-version":[{"id":14468,"href":"https:\/\/peninsula360press.com\/en\/wp-json\/wp\/v2\/posts\/14462\/revisions\/14468"}],"wp:featuredmedia":[{"embeddable":true,"href":"https:\/\/peninsula360press.com\/en\/wp-json\/wp\/v2\/media\/14463"}],"wp:attachment":[{"href":"https:\/\/peninsula360press.com\/en\/wp-json\/wp\/v2\/media?parent=14462"}],"wp:term":[{"taxonomy":"category","embeddable":true,"href":"https:\/\/peninsula360press.com\/en\/wp-json\/wp\/v2\/categories?post=14462"},{"taxonomy":"post_tag","embeddable":true,"href":"https:\/\/peninsula360press.com\/en\/wp-json\/wp\/v2\/tags?post=14462"}],"curies":[{"name":"wp","href":"https:\/\/api.w.org\/{rel}","templated":true}]}}