{"id":17870,"date":"2023-05-02T10:55:34","date_gmt":"2023-05-02T17:55:34","guid":{"rendered":"https:\/\/peninsula360press.com\/?p=17870"},"modified":"2023-05-02T10:55:38","modified_gmt":"2023-05-02T17:55:38","slug":"small-business-month","status":"publish","type":"post","link":"https:\/\/peninsula360press.com\/en\/small-business-month\/","title":{"rendered":"Proclaim this May as Small Business Month"},"content":{"rendered":"<figure class=\"wp-block-gallery has-nested-images columns-default is-cropped wp-block-gallery-2 is-layout-flex wp-block-gallery-is-layout-flex\">\n<figure class=\"wp-block-image size-large\"><img fetchpriority=\"high\" decoding=\"async\" width=\"1024\" height=\"682\" data-id=\"17872\" src=\"https:\/\/peninsula360press.com\/wp-content\/uploads\/2023\/05\/empresa-1024x682.jpg\" alt=\"\" class=\"wp-image-17872\" srcset=\"https:\/\/peninsula360press.com\/wp-content\/uploads\/2023\/05\/empresa-1024x682.jpg 1024w, https:\/\/peninsula360press.com\/wp-content\/uploads\/2023\/05\/empresa-300x200.jpg 300w, https:\/\/peninsula360press.com\/wp-content\/uploads\/2023\/05\/empresa-768x512.jpg 768w, https:\/\/peninsula360press.com\/wp-content\/uploads\/2023\/05\/empresa-18x12.jpg 18w, https:\/\/peninsula360press.com\/wp-content\/uploads\/2023\/05\/empresa-150x100.jpg 150w, https:\/\/peninsula360press.com\/wp-content\/uploads\/2023\/05\/empresa-696x464.jpg 696w, https:\/\/peninsula360press.com\/wp-content\/uploads\/2023\/05\/empresa-1068x712.jpg 1068w\" sizes=\"(max-width: 1024px) 100vw, 1024px\" \/><\/figure>\n<\/figure>\n\n\n\n<p>The Governor <a href=\"https:\/\/twitter.com\/GavinNewsom\" target=\"_blank\" rel=\"noreferrer noopener\">Gavin Newsom<\/a> issued a proclamation on Monday declaring May 2023 as \u201cSmall Business Month\u201d in the state of California.<\/p>\n\n\n\n<p>The decree states that California&#039;s economy is home to more than 4.2 million small businesses, a figure that exceeds that of any other state.&nbsp;<\/p>\n\n\n\n<p>&quot;Small businesses and entrepreneurs accelerate economic growth and mobility in California, creating two-thirds of net new jobs, building wealth, innovating to solve global problems, launching future growth industries, bringing diversity to our economy and defining Main Streets in our local communities,&quot; Newsom said in the statement.<\/p>\n\n\n\n<p>California small businesses account for more than 99 percent of all businesses in the state and employ more than 7 million people, nearly half of the state&#039;s private sector workforce.&nbsp;<\/p>\n\n\n\n<p>\u201cOur small businesses are global leaders in innovation and economic competitiveness, and they embody the entrepreneurial spirit that drives the Golden State\u2019s economy,\u201d the governor added.<\/p>\n\n\n\n<p>California leads the nation in business creation, with 20 percent annual growth from 2019 to 2020, receives more than 50 percent of the nation&#039;s venture capital, and produces more patents per capita, research and development than any other state in the country.<\/p>\n\n\n\n<p>California is the center of U.S. manufacturing production, with more than 35,000 manufacturing companies employing more than 1.2 million Californians.&nbsp;<\/p>\n\n\n\n<p>Newsom noted that the state&#039;s manufacturing companies have created new industries and supplied the world with manufactured goods spanning aerospace, computing and electronics, and most recently, zero-emission vehicles.<\/p>\n\n\n\n<p>\u201cFor our economy to maintain its global leadership, we must ensure that all Californians, no matter who they are or where they come from, can pursue their dreams of starting, managing and growing resilient businesses in the Golden State,\u201d he said.<\/p>\n\n\n\n<p>He also explained that California continues to make historic investments to support diversity, equity and an inclusive economy.&nbsp;<\/p>\n\n\n\n<p>In that regard, she recalled that AB 2019, enacted in 2022, seeks innovative ways to increase diversity in state contracting and codifies a goal of 25 percent small business participation in contracting. The Small Business Technical Assistance Program, which was extended indefinitely in 2022, supports underserved small businesses and entrepreneurs so they can start, grow, and be resilient in California.<\/p>\n\n\n\n<p>On the other hand, he pointed out that the state has renewed the Accelerate California program to help expand the technological ecosystem to include more diverse founders, support new technological sectors, drive growth and create high-quality jobs in regions beyond the coast. \u201cOur small businesses are constantly adapting to an evolving market, integrating technology at a higher rate than ever before and developing innovative ways to connect with customers. This month, we recognize the tremendous success of our small businesses and their contributions to the California economy. We affirm our commitment to helping California small businesses thrive and, above all, we commit to ensuring that the California Dream is a reality for all,\u201d he concluded.<\/p>\n\n\n\n<p><\/p>\n\n\n\n<p><em>You may be interested in: <a href=\"https:\/\/peninsula360press.com\/en\/chase-bank-acquired-first-republic-bank\/\">Chase Bank acquires majority of assets and some liabilities of First Republic Bank<\/a><\/em><\/p>","protected":false},"excerpt":{"rendered":"<p>El gobernador Gavin Newsom emiti\u00f3 este lunes una proclamaci\u00f3n declarando mayo de 2023 como el \u00abMes de la Peque\u00f1a Empresa\u00bb en el estado de California. El decreto precisa que la econom\u00eda de California cuenta con m\u00e1s de 4.2 millones de peque\u00f1as empresas, cifra que rebasa a cualquier otro estado.&nbsp; \u00abLas peque\u00f1as empresas y los empresarios [&hellip;]<\/p>","protected":false},"author":7,"featured_media":17872,"comment_status":"open","ping_status":"open","sticky":false,"template":"","format":"standard","meta":{"footnotes":""},"categories":[9,14,45],"tags":[],"class_list":{"0":"post-17870","1":"post","2":"type-post","3":"status-publish","4":"format-standard","5":"has-post-thumbnail","7":"category-community","8":"category-cover","9":"category-negocios"},"_links":{"self":[{"href":"https:\/\/peninsula360press.com\/en\/wp-json\/wp\/v2\/posts\/17870","targetHints":{"allow":["GET"]}}],"collection":[{"href":"https:\/\/peninsula360press.com\/en\/wp-json\/wp\/v2\/posts"}],"about":[{"href":"https:\/\/peninsula360press.com\/en\/wp-json\/wp\/v2\/types\/post"}],"author":[{"embeddable":true,"href":"https:\/\/peninsula360press.com\/en\/wp-json\/wp\/v2\/users\/7"}],"replies":[{"embeddable":true,"href":"https:\/\/peninsula360press.com\/en\/wp-json\/wp\/v2\/comments?post=17870"}],"version-history":[{"count":1,"href":"https:\/\/peninsula360press.com\/en\/wp-json\/wp\/v2\/posts\/17870\/revisions"}],"predecessor-version":[{"id":17873,"href":"https:\/\/peninsula360press.com\/en\/wp-json\/wp\/v2\/posts\/17870\/revisions\/17873"}],"wp:featuredmedia":[{"embeddable":true,"href":"https:\/\/peninsula360press.com\/en\/wp-json\/wp\/v2\/media\/17872"}],"wp:attachment":[{"href":"https:\/\/peninsula360press.com\/en\/wp-json\/wp\/v2\/media?parent=17870"}],"wp:term":[{"taxonomy":"category","embeddable":true,"href":"https:\/\/peninsula360press.com\/en\/wp-json\/wp\/v2\/categories?post=17870"},{"taxonomy":"post_tag","embeddable":true,"href":"https:\/\/peninsula360press.com\/en\/wp-json\/wp\/v2\/tags?post=17870"}],"curies":[{"name":"wp","href":"https:\/\/api.w.org\/{rel}","templated":true}]}}