{"id":20080,"date":"2023-09-30T09:44:08","date_gmt":"2023-09-30T16:44:08","guid":{"rendered":"https:\/\/peninsula360press.com\/?p=20080"},"modified":"2023-09-30T09:44:08","modified_gmt":"2023-09-30T16:44:08","slug":"resilience-against-extreme-heat","status":"publish","type":"post","link":"https:\/\/peninsula360press.com\/en\/resilience-against-extreme-heat\/","title":{"rendered":"California advances its resilience against extreme heat"},"content":{"rendered":"<p><img fetchpriority=\"high\" decoding=\"async\" class=\"alignnone wp-image-20084 size-full\" src=\"https:\/\/peninsula360press.com\/wp-content\/uploads\/2023\/09\/Calor-extremo.jpg\" alt=\"California advances its resilience against extreme heat\" width=\"1280\" height=\"853\" srcset=\"https:\/\/peninsula360press.com\/wp-content\/uploads\/2023\/09\/Calor-extremo.jpg 1280w, https:\/\/peninsula360press.com\/wp-content\/uploads\/2023\/09\/Calor-extremo-300x200.jpg 300w, https:\/\/peninsula360press.com\/wp-content\/uploads\/2023\/09\/Calor-extremo-1024x682.jpg 1024w, https:\/\/peninsula360press.com\/wp-content\/uploads\/2023\/09\/Calor-extremo-768x512.jpg 768w, https:\/\/peninsula360press.com\/wp-content\/uploads\/2023\/09\/Calor-extremo-18x12.jpg 18w, https:\/\/peninsula360press.com\/wp-content\/uploads\/2023\/09\/Calor-extremo-150x100.jpg 150w, https:\/\/peninsula360press.com\/wp-content\/uploads\/2023\/09\/Calor-extremo-696x464.jpg 696w, https:\/\/peninsula360press.com\/wp-content\/uploads\/2023\/09\/Calor-extremo-1068x712.jpg 1068w\" sizes=\"(max-width: 1280px) 100vw, 1280px\" \/><\/p>\n<p><span style=\"font-weight: 400;\">There is no doubt that extreme heat has made national headlines this year, not just in California or even the United States, but around the world. And while the Golden State has had a respite, this will not last. According to experts, this condition is here to stay, so there is an urgent need to advance resilience to extreme heat and actions to mitigate the impacts.<\/span><\/p>\n<p><span style=\"font-weight: 400;\">During a media session organized by <a href=\"https:\/\/ethnicmediaservices.org\/\" target=\"_blank\" rel=\"noopener\">Ethnic Media Services<\/a>, the director of <\/span><a href=\"https:\/\/opr.ca.gov\/climate\/icarp\/grants\/extreme-heat-community-resilience.html\" target=\"_blank\" rel=\"noopener\"><span style=\"font-weight: 400;\">Governor Gavin Newsom&#039;s Office of Planning and Research&#039;s Extreme Heat and Community Resilience Program<\/span><\/a><span style=\"font-weight: 400;\">Braden Kay noted that it&#039;s really important to understand that: heat, death, illness from extreme heat impacts, they&#039;re not just happening in the headlines on the days that they&#039;re happening, these health impacts are happening all summer long.\u201d<\/span><\/p>\n<p><span style=\"font-weight: 400;\">Even, he said, we are starting to see heat-related impacts occurring in the winter.<\/span><\/p>\n<p><span style=\"font-weight: 400;\">\u201cWhat we know in general is that climate change is making extreme heat more frequent, more severe and longer lasting.\u201d<\/span><\/p>\n<p><span style=\"font-weight: 400;\">Kay said summer heat waves can be dangerous, especially for young children, the elderly, people with chronic illnesses and disabilities, outdoor workers, the homeless and pregnant women.<\/span><\/p>\n<p><span style=\"font-weight: 400;\">\u201cWe have to understand that extreme heat is something that is happening not just in the summer, but throughout the summer, spring and fall, and it affects California communities not just on those hot days,\u201d he said.<\/span><\/p>\n<p><span style=\"font-weight: 400;\">\u201cI think one of the challenges of climate change is that it\u2019s not just change. It\u2019s chaos. And what chaos means is that it\u2019s not a linear path that every summer is going to be hotter. It\u2019s going to be very unpredictable as to what kind of weather we get and when we get it,\u201d he added.<\/span><\/p>\n<p><span style=\"font-weight: 400;\">Braden Kay stressed that \u201cclimate change doesn\u2019t just mean climate change, it means ascending chaos, which means unpredictable change, which means sometimes it\u2019s going to be colder and sometimes it\u2019s going to be hotter. What we know about what the future holds is that it\u2019s going to get warmer and warmer. It\u2019s not necessarily going to get windier every summer, it\u2019s going to get hotter and hotter, but the general trend is that it\u2019s going to get warmer and warmer.\u201d<\/span><\/p>\n<p><span style=\"font-weight: 400;\">Given this, he said, it is important to fight against misinformation, because although some will think that climate change is no longer a problem because it has been a cooler summer, that will not be the case, so he called for finding more precise information in the <\/span><a href=\"https:\/\/www.noaa.gov\/\" target=\"_blank\" rel=\"noopener\"><span style=\"font-weight: 400;\">National Meteorological Services<\/span><\/a><span style=\"font-weight: 400;\"> and other resources such as state agencies, including the California Department of Public Health.<\/span><\/p>\n<p><span style=\"font-weight: 400;\">For Dr. Maggie Park, a San Joaquin County Public Health Services officer, as the weather becomes more unpredictable, so do its impacts.<\/span><\/p>\n<p><span style=\"font-weight: 400;\">San Joaquin County is a mix of urban and rural areas with a population of about 750,000 people. Eighty-eight percent of the county is rural, but only 8 percent of the population lives in rural areas.<\/span><\/p>\n<p><span style=\"font-weight: 400;\">14.5 percent of its residents live in poverty. The county&#039;s public health department is located in Stockton, and every year as summer approaches, emergency preparedness and communications teams disseminate routine messages about summer safety.<\/span><\/p>\n<p><span style=\"font-weight: 400;\">\u201cPublic health is prevention. And heat-related illness and death are preventable, so we do a lot of education and a lot of practical advice,\u201d Park said.<\/span><\/p>\n<p><span style=\"font-weight: 400;\">While there are obvious messages like: keep the air conditioning on, wear protective clothing, stay hydrated, Park said it&#039;s important to repeat them over and over again.\u00a0<\/span><\/p>\n<p><span style=\"font-weight: 400;\">The Central Valley is already known for being hot, he said, but this year has seen record-breaking temperatures. People had already experienced the first hottest July on record, when Stockton hit 109 degrees.<\/span><\/p>\n<p><span style=\"font-weight: 400;\">\u201cPublic health is about prevention, but it is also about health equity,\u201d she said, adding that low-income neighborhoods and communities with a higher African-American, Hispanic and Asian population experience significantly more urban heat than wealthier, predominantly white neighborhoods.<\/span><\/p>\n<p><span style=\"font-weight: 400;\">This, he said, is because poor and minority groups live in areas with more buildings, more concrete, higher population density, less vegetation, fewer trees and fewer surfaces that absorb heat.\u00a0<\/span><\/p>\n<p><span style=\"font-weight: 400;\">So, \u201ceven within a city, the heat burden is not shared equally. We do everything we can to get into those communities and reach those who are most at risk, such as the elderly, people with chronic illnesses or disabilities, pregnant women, infants and young children.\u201d<\/span><\/p>\n<p><span style=\"font-weight: 400;\">He added that San Joaquin County\u2019s homeless population faced unique challenges during the heat waves. According to a 2022 point-in-time count, there are 2,319 homeless people in the county, 1,355 of them unsheltered.\u00a0<\/span><\/p>\n<p><span style=\"font-weight: 400;\">\u201cWe know that these people really don\u2019t want to leave their tents and all their belongings to go to a cooling center. It doesn\u2019t really work for them. The staff goes out to teach them. And we go into their spaces to give them valuable lessons on how to store food properly. How to avoid storing dairy and eggs and the proper disposal of raw food,\u201d she said.<\/span><\/p>\n<p><span style=\"font-weight: 400;\">Added to this are tasks such as frozen water bottles and mobile shower units. However, she said, language barriers are a challenge.\u00a0<\/span><\/p>\n<p><span style=\"font-weight: 400;\">There are many people in the San Joaquin Valley who work in agriculture, and many of them are immigrants, so they rely on their community partners to provide them with information and to make sure they don&#039;t work extra hours in the heat, drink plenty of water, and wear protective clothing.<\/span><\/p>\n<p><span style=\"font-weight: 400;\">\u201cBut getting materials and education translated into their indigenous languages is a constant challenge. And it is not just the language that is important, but also the message we convey to the public, which must be clear,\u201d he added.<\/span><\/p>\n<p><span style=\"font-weight: 400;\">Dr. Ines Ruiz Houston, vice president of the League of United Latin American Citizens Council 2060 in Stockton, California, said that public health must be worked on with the public community, since it is key to the success of the strategies.<\/span><\/p>\n<p><span style=\"font-weight: 400;\">In this regard, he said that correct messaging in multiple languages is necessary through social media, door-to-door communication, special events, and using public health services.<\/span><\/p>\n<p><span style=\"font-weight: 400;\">\u201cHaving troops on the ground is the most effective method,\u201d Ruiz-Huston said. \u201cFamilies are afraid to turn on the air conditioning because of the cost of electricity or power outages,\u201d she said.\u00a0<\/span><\/p>\n<p><span style=\"font-weight: 400;\">She explained that it is also crucial who you reach out to when it comes to keeping a community safe: \u201cFlyers are not enough. What is? Find the talkers who represent your neighborhood. The person who knows everything about the community is the first to tell everyone what is going on.\u201d<\/span><\/p>\n<p><span style=\"font-weight: 400;\">Patrizia Hironimus, executive director at the Butte Environmental Council, said the particular challenges in her county, which has large populations of both wildfire survivors and college students, with the extreme heat campaign have centered around a socioeconomic equity lens, trying to bring a climate-awareness that students can employ in their rented apartments or shared housing.<\/span><\/p>\n<p><span style=\"font-weight: 400;\">The expert added that the best way to reach displaced wildfire survivors from resilience resources like air conditioning has been through resources like food pantries and farmers markets.<\/span><\/p>\n<p><span style=\"font-weight: 400;\">\u201cMost of the extreme heat that affects the majority of our population is in the area of food sovereignty. I think we\u2019re in a border county here in Butte, so it\u2019s hard enough to get fresh produce and fruit up to the burn scar area. We have a mobile market, through the Butte County Local Food Network, and some of this extreme heat will exacerbate our already strained food distribution routes.\u201d<\/span><\/p>\n<p><span style=\"font-weight: 400;\">\u201cSo, going forward, I think our disaster preparedness summits need to plan for the food distribution element of how this climate is affecting our patterns of getting food to people,\u201d he explained.<\/span><\/p>\n<p><span style=\"font-weight: 400;\">Susan Henderson, executive director of the Disability Rights Education and Defense Fund, noted that the Centers for Disease Control and Prevention (CDC) estimates that about one in four people in the U.S. has some form of disability.<\/span><\/p>\n<p><span style=\"font-weight: 400;\">A large portion of that number are older people, he noted, so nearly all of us are aging with disabilities. \u201cWhen we create access for disabled people, we also create access for older people and, frankly, for everyone.\u201d<\/span><\/p>\n<p><span style=\"font-weight: 400;\">Henderson explained that disabilities can be invisible and dynamic. However, they have intersecting functional needs, while there are attitudinal barriers towards older people without disabilities as well as those with disabilities.<\/span><\/p>\n<p><span style=\"font-weight: 400;\">But what are some of the challenges that disabled people face in extreme heat situations? Safe, accessible and air-conditioned housing, she said.<\/span><\/p>\n<p><span style=\"font-weight: 400;\">In addition, accessible transportation was provided when it was necessary to get from their homes to cooling centers or health centers along with their mobility devices.<\/span><\/p>\n<p><span style=\"font-weight: 400;\">\u201cFor people with disabilities, electricity and power supply are critical. And especially during times of extreme heat and wildfires and other natural disasters, because many of us rely on medical devices and air conditioning that need power to keep us well and alive,\u201d Henderson said.<\/span><\/p>\n<p><span style=\"font-weight: 400;\">Finally, the experts agreed that it is necessary to create a real awareness about the effects of climate change and the repercussions that will occur if we do not pay attention to actions that help protect people. Given this, they said, it is necessary to change the perspective and mentality to protect the community in the face of climate disasters.<\/span><\/p>\n<p><em><strong>You may be interested in:<\/strong> <a href=\"https:\/\/peninsula360press.com\/en\/42-million-to-combat-climate-change-2\/\">Bay Area cities will get more than $42 million to combat climate change<\/a><\/em><\/p>","protected":false},"excerpt":{"rendered":"<p>No cabe duda de que el calor extremo ha ocupado los titulares nacionales este a\u00f1o, no solo en California o, incluso, Estados Unidos, sino en todo el mundo. Y si bien el estado dorado ha tenido un respiro, esto no durar\u00e1, pues seg\u00fan expertos, dicha condici\u00f3n lleg\u00f3 para quedarse, por lo que es urgente avanzar [&hellip;]<\/p>","protected":false},"author":7,"featured_media":20084,"comment_status":"open","ping_status":"open","sticky":false,"template":"","format":"standard","meta":{"footnotes":""},"categories":[14,6],"tags":[],"class_list":{"0":"post-20080","1":"post","2":"type-post","3":"status-publish","4":"format-standard","5":"has-post-thumbnail","7":"category-cover","8":"category-habitat"},"_links":{"self":[{"href":"https:\/\/peninsula360press.com\/en\/wp-json\/wp\/v2\/posts\/20080","targetHints":{"allow":["GET"]}}],"collection":[{"href":"https:\/\/peninsula360press.com\/en\/wp-json\/wp\/v2\/posts"}],"about":[{"href":"https:\/\/peninsula360press.com\/en\/wp-json\/wp\/v2\/types\/post"}],"author":[{"embeddable":true,"href":"https:\/\/peninsula360press.com\/en\/wp-json\/wp\/v2\/users\/7"}],"replies":[{"embeddable":true,"href":"https:\/\/peninsula360press.com\/en\/wp-json\/wp\/v2\/comments?post=20080"}],"version-history":[{"count":1,"href":"https:\/\/peninsula360press.com\/en\/wp-json\/wp\/v2\/posts\/20080\/revisions"}],"predecessor-version":[{"id":20086,"href":"https:\/\/peninsula360press.com\/en\/wp-json\/wp\/v2\/posts\/20080\/revisions\/20086"}],"wp:featuredmedia":[{"embeddable":true,"href":"https:\/\/peninsula360press.com\/en\/wp-json\/wp\/v2\/media\/20084"}],"wp:attachment":[{"href":"https:\/\/peninsula360press.com\/en\/wp-json\/wp\/v2\/media?parent=20080"}],"wp:term":[{"taxonomy":"category","embeddable":true,"href":"https:\/\/peninsula360press.com\/en\/wp-json\/wp\/v2\/categories?post=20080"},{"taxonomy":"post_tag","embeddable":true,"href":"https:\/\/peninsula360press.com\/en\/wp-json\/wp\/v2\/tags?post=20080"}],"curies":[{"name":"wp","href":"https:\/\/api.w.org\/{rel}","templated":true}]}}