{"id":20712,"date":"2023-11-10T13:28:24","date_gmt":"2023-11-10T20:28:24","guid":{"rendered":"https:\/\/peninsula360press.com\/?p=20712"},"modified":"2023-11-10T13:28:24","modified_gmt":"2023-11-10T20:28:24","slug":"exclusive-interview-with-simon-mejia","status":"publish","type":"post","link":"https:\/\/peninsula360press.com\/en\/exclusive-interview-with-simon-mejia\/","title":{"rendered":"Exploring the paths of consciousness: Exclusive interview with Sim\u00f3n Mej\u00eda, producer of Bomba Est\u00e9reo"},"content":{"rendered":"<figure id=\"attachment_20718\" aria-describedby=\"caption-attachment-20718\" style=\"width: 1600px\" class=\"wp-caption alignnone\"><img fetchpriority=\"high\" decoding=\"async\" class=\"wp-image-20718 size-full\" src=\"https:\/\/peninsula360press.com\/wp-content\/uploads\/2023\/11\/DJ-Simon-Mejia.jpeg\" alt=\"Exclusive interview with Sim\u00f3n Mej\u00eda, producer of Bomba Est\u00e9reo\" width=\"1600\" height=\"1068\" srcset=\"https:\/\/peninsula360press.com\/wp-content\/uploads\/2023\/11\/DJ-Simon-Mejia.jpeg 1600w, https:\/\/peninsula360press.com\/wp-content\/uploads\/2023\/11\/DJ-Simon-Mejia-300x200.jpeg 300w, https:\/\/peninsula360press.com\/wp-content\/uploads\/2023\/11\/DJ-Simon-Mejia-1024x684.jpeg 1024w, https:\/\/peninsula360press.com\/wp-content\/uploads\/2023\/11\/DJ-Simon-Mejia-768x513.jpeg 768w, https:\/\/peninsula360press.com\/wp-content\/uploads\/2023\/11\/DJ-Simon-Mejia-18x12.jpeg 18w, https:\/\/peninsula360press.com\/wp-content\/uploads\/2023\/11\/DJ-Simon-Mejia-150x100.jpeg 150w, https:\/\/peninsula360press.com\/wp-content\/uploads\/2023\/11\/DJ-Simon-Mejia-696x465.jpeg 696w, https:\/\/peninsula360press.com\/wp-content\/uploads\/2023\/11\/DJ-Simon-Mejia-1068x713.jpeg 1068w\" sizes=\"(max-width: 1600px) 100vw, 1600px\" \/><figcaption id=\"caption-attachment-20718\" class=\"wp-caption-text\">Gait\u00e1n al Aire: DJ Simon Mejia in a musical set inspired by organic electronic sounds at the Jorge Eliecer Gaitan Theater in the Bay. Photo: Alejandro Melendez<\/figcaption><\/figure>\n<p><i><span style=\"font-weight: 400;\">Bogot\u00e1, Colombia. November 10, 2023.-<\/span><\/i><span style=\"font-weight: 400;\"> The Bogot\u00e1 Planetarium, located in the epicenter of the city, was the setting for the IV \u201cBreathe Art\u201d Forum, an event that fused art with the urgent need to address the climate crisis, a project of the District Institute of the Arts (Idartes).\u00a0<\/span><\/p>\n<p><span style=\"font-weight: 400;\">For five intense days, actors from the artistic and cultural sector reflected on the environmental implications of artistic practices. This fourth edition of the forum focused on projecting possible futures of artistic practice within the framework of environmental sustainability.<\/span><\/p>\n<p><span style=\"font-weight: 400;\">On the first day, there was a unique conversation between Sim\u00f3n Mej\u00eda, influencer Marce La Recicladora and moderator Jorge Melguizo at the \u201cVoices of art for environmental sustainability\u201d panel. At the end, we were able to conduct an exclusive interview with Mej\u00eda, where we delved into his fascinating world as the musical genius behind the innovative Colombian band, Bomba Est\u00e9reo.\u00a0<\/span><\/p>\n<p><span style=\"font-weight: 400;\">The conversation was revealing, as he shared his unique vision on the struggle of indigenous and Afro-descendant people in Colombia; from the autonomy granted by the 1992 Constitution, to current challenges, Mej\u00eda highlighted the ancestral harmony of indigenous communities with nature and advocated for a balance between ways of life.<\/span><\/p>\n<figure id=\"attachment_20719\" aria-describedby=\"caption-attachment-20719\" style=\"width: 1600px\" class=\"wp-caption alignnone\"><img decoding=\"async\" class=\"wp-image-20719 size-full\" src=\"https:\/\/peninsula360press.com\/wp-content\/uploads\/2023\/11\/Jorge-Melguizo-Marcela-La-Recicladora-y-Simon-Mejia.jpeg\" alt=\"\" width=\"1600\" height=\"1068\" srcset=\"https:\/\/peninsula360press.com\/wp-content\/uploads\/2023\/11\/Jorge-Melguizo-Marcela-La-Recicladora-y-Simon-Mejia.jpeg 1600w, https:\/\/peninsula360press.com\/wp-content\/uploads\/2023\/11\/Jorge-Melguizo-Marcela-La-Recicladora-y-Simon-Mejia-300x200.jpeg 300w, https:\/\/peninsula360press.com\/wp-content\/uploads\/2023\/11\/Jorge-Melguizo-Marcela-La-Recicladora-y-Simon-Mejia-1024x684.jpeg 1024w, https:\/\/peninsula360press.com\/wp-content\/uploads\/2023\/11\/Jorge-Melguizo-Marcela-La-Recicladora-y-Simon-Mejia-768x513.jpeg 768w, https:\/\/peninsula360press.com\/wp-content\/uploads\/2023\/11\/Jorge-Melguizo-Marcela-La-Recicladora-y-Simon-Mejia-18x12.jpeg 18w, https:\/\/peninsula360press.com\/wp-content\/uploads\/2023\/11\/Jorge-Melguizo-Marcela-La-Recicladora-y-Simon-Mejia-150x100.jpeg 150w, https:\/\/peninsula360press.com\/wp-content\/uploads\/2023\/11\/Jorge-Melguizo-Marcela-La-Recicladora-y-Simon-Mejia-696x465.jpeg 696w, https:\/\/peninsula360press.com\/wp-content\/uploads\/2023\/11\/Jorge-Melguizo-Marcela-La-Recicladora-y-Simon-Mejia-1068x713.jpeg 1068w\" sizes=\"(max-width: 1600px) 100vw, 1600px\" \/><figcaption id=\"caption-attachment-20719\" class=\"wp-caption-text\">Jorge Melguizo, Marcela La Recicladora and Sim\u00f3n Mej\u00eda during the panel \u201cVoices of art for environmental sustainability\u201d of the IV Respira el Arte Forum at the Bogot\u00e1 Planetarium. Photo: Alejandro Mel\u00e9ndez<\/figcaption><\/figure>\n<p><iframe title=\"First day of the IV Breathe Art Forum - Installation and discussion\" width=\"696\" height=\"392\" src=\"https:\/\/www.youtube.com\/embed\/7fUe3z0eOao?start=4389&#038;feature=oembed\" frameborder=\"0\" allow=\"accelerometer; autoplay; clipboard-write; encrypted-media; gyroscope; picture-in-picture; web-share\" allowfullscreen><\/iframe><\/p>\n<p style=\"text-align: center;\">***<\/p>\n<figure id=\"attachment_20720\" aria-describedby=\"caption-attachment-20720\" style=\"width: 1600px\" class=\"wp-caption alignnone\"><img decoding=\"async\" class=\"wp-image-20720 size-full\" src=\"https:\/\/peninsula360press.com\/wp-content\/uploads\/2023\/11\/DJ-Simon-Mejia-2.jpeg\" alt=\"\" width=\"1600\" height=\"989\" srcset=\"https:\/\/peninsula360press.com\/wp-content\/uploads\/2023\/11\/DJ-Simon-Mejia-2.jpeg 1600w, https:\/\/peninsula360press.com\/wp-content\/uploads\/2023\/11\/DJ-Simon-Mejia-2-300x185.jpeg 300w, https:\/\/peninsula360press.com\/wp-content\/uploads\/2023\/11\/DJ-Simon-Mejia-2-1024x633.jpeg 1024w, https:\/\/peninsula360press.com\/wp-content\/uploads\/2023\/11\/DJ-Simon-Mejia-2-768x475.jpeg 768w, https:\/\/peninsula360press.com\/wp-content\/uploads\/2023\/11\/DJ-Simon-Mejia-2-18x12.jpeg 18w, https:\/\/peninsula360press.com\/wp-content\/uploads\/2023\/11\/DJ-Simon-Mejia-2-150x93.jpeg 150w, https:\/\/peninsula360press.com\/wp-content\/uploads\/2023\/11\/DJ-Simon-Mejia-2-696x430.jpeg 696w, https:\/\/peninsula360press.com\/wp-content\/uploads\/2023\/11\/DJ-Simon-Mejia-2-1068x660.jpeg 1068w\" sizes=\"(max-width: 1600px) 100vw, 1600px\" \/><figcaption id=\"caption-attachment-20720\" class=\"wp-caption-text\">Gait\u00e1n al Aire: DJ Simon Mejia in a musical set inspired by organic electronic sounds at the Jorge Eliecer Gaitan Theater in the Bay. Photo: Alejandro Melendez<\/figcaption><\/figure>\n<p><b>Alejandro Melendez<\/b><span style=\"font-weight: 400;\">: In the work you are doing and, above all, in the documentaries you told us about (Guardianas and Yuma), what is the struggle of the indigenous and Afro-descendant inhabitants in these areas like and how have you seen it?<\/span><\/p>\n<p><b>Simon Mejia<\/b><span style=\"font-weight: 400;\">: Yes, well here in Colombia, fortunately, since the Constitution was changed in 1992, a lot of autonomy in governance was given to minority communities, mainly Afro and indigenous communities, which were already organized. But let&#039;s say that, from the government, they were given a space to have their own governance, because ultimately they, especially the indigenous communities, not because we are in a context of climate change and a fashion about climate change, but because they have been doing it ancestrally. The indigenous people live with nature in a harmonious way, so really they, within their ancestry, have a lot to teach us in white culture.<\/span><\/p>\n<p><span style=\"font-weight: 400;\">As for governance, although it is not easy, especially because there are many conflicts in Colombia, including drug trafficking that directly attacks these communities, let&#039;s say yes, there is a lot of progress made in terms of laws and in terms of their spaces so that they can protect the territories where they have lived for centuries before us, but it is not easy because the government, the governments of the world, work under a different system.\u00a0<\/span><\/p>\n<p><span style=\"font-weight: 400;\">Before, maybe the two systems clash a bit, but I feel that the way is to find a point, a bridge between the two, between both ways of life: we learn from them and they join the world and the devastating economic system in which we live, find a balance in which the main affected by this is not the earth. From this imbalance that we live in this system, then they are the ones from whom we have to learn. But, here in Colombia, in the particular case of these communities, their work is at risk all the time because they are precisely facing these economic interests and often crime, especially drug trafficking that occurs in these places. So, it is not an easy task, it is a task where they put their lives in danger.<\/span><\/p>\n<p><b>A.M: <\/b><span style=\"font-weight: 400;\">How can we convince governments to change their forms of government? Because we are seeing that those who really govern are now the transnational companies that are present all over the world.\u00a0<\/span><\/p>\n<p><span style=\"font-weight: 400;\">In Mexico, most of the areas where land defenders and journalists are killed are linked to a transnational corporation. We have a colleague, Samir Flores, who was a land defender as well as a journalist, and he was killed for fighting against a thermoelectric plant financed by Spanish transnational corporations.\u00a0<\/span><\/p>\n<p><span style=\"font-weight: 400;\">So how do we start to create this awareness in governments so that they understand that transnationals have to be regulated? There is the example of YouTube, which claims to be a free place, but in reality it is not; it also restricts many things, especially when there are social struggles. How do we make this transition so that the government is aware of the role that these transnationals play?<\/span><\/p>\n<p><b>YE<\/b><span style=\"font-weight: 400;\">:The transnationals depend directly on the economic model and consumption in which we live. The only way to regulate this, beyond the government, is for us, as a civil society, to regulate ourselves and ban the consumption of products that we know have practices behind them that are not friendly to the planet or generate violence.\u00a0<\/span><\/p>\n<p><span style=\"font-weight: 400;\">So, as a civil society, we can put an end to a transnational. If the world or an entire community or an entire city decides that it will no longer consume that product because we know where it comes from, then it directly affects them, because it affects their pocketbook.\u00a0<\/span><\/p>\n<p><span style=\"font-weight: 400;\">We are also part of the problem, because we consume the goods that these companies offer. So, it is in our hands as civil society, beyond governments, because many times these are linked to the lobby and the money of those same companies that move in the lobbies to generate laws and policies that allow their extractivism. But we, as consumers and as a capitalist consumer society, can set a limit, begin to model and make consumption more conscious.\u00a0<\/span><\/p>\n<p><span style=\"font-weight: 400;\">To the extent that they see that they no longer have that mass force that they control through consumption, that is when they will realize that they have no more weapons.<\/span><\/p>\n<p><b>A.M:<\/b><span style=\"font-weight: 400;\"> You mentioned Leonor Zalabata Torres, the current representative of Colombia to the UN, and that the Arawak community of the Sierra Nevada de Santa Marta appointed her, along with Petro, to go to New York, where you hope a space of awareness about indigenism will be forged.<\/span><\/p>\n<p><span style=\"font-weight: 400;\">How can this be implemented and achieved? Because, let me give you an example: in Mexico, one of the people who has an exemplary job as a public servant was a Nahuatl musician and poet, Mardonio Carballo, and he was finally removed from the Ministry of Culture, precisely because they could not stand the fact that an indigenous person had more weight than the current head. So, how can we break this part of the capital cities so that, above all, more indigenous people come to take these positions and change this very Western worldview that exists regarding public policies?<\/span><\/p>\n<p><b>YE<\/b><span style=\"font-weight: 400;\">: It has to do with a change of consciousness. That is also linked to the history of racism that we have experienced here in Latin America since the colonial period, because here in Latin America, we who are white, or I, am white and I am also a child of that mixed race from the colony.\u00a0<\/span><\/p>\n<p><span style=\"font-weight: 400;\">The colonial legacy left Latin America with the idea of destroying and overriding these cultures, a theme of racism and religion that has fed us for many centuries. We must break that and finally see the indigenous people, not as such, but as people who also inhabit the planet and have their own problems and conflicts, but who have also managed to lead a more harmonious life with the planet, something that we as a white culture have not achieved.<\/span><\/p>\n<p><span style=\"font-weight: 400;\">As long as we do not change this awareness of racism and rejection of minorities rooted in our DNA, and do not respect differences and listen to the valuable traditions of others, we will continue with systematic racism, misogyny and all those cultural anchors that we carry.<\/span><\/p>\n<p><span style=\"font-weight: 400;\">It is a process that begins with each individual, assuming themselves not as white, black, man, African, indigenous, but as an inhabitant of the earth, where we all have the same value.\u00a0<\/span><\/p>\n<p><span style=\"font-weight: 400;\">There are cultures that have a lot to teach us about harmony with the planet, while we also have valuable things, such as environmental technology and administrative techniques. It is a one-on-one work, a joint effort between different cultures to achieve the same goal, more horizontal movements. We in Latin America, who come from colonialism, still have that legacy rooted in our psyche, and breaking with that implies breaking with centuries of teachings. So, we are walking in that process.<\/span><\/p>\n<p><b>A.M:<\/b><span style=\"font-weight: 400;\"> Finally, tell us when these documentaries you have are going to be available. What are they going to be called and also if you prepared a soundtrack for them and if you wrote the music? Tell us about the musical part of the documentaries.<\/span><\/p>\n<p><b>YE: <\/b><span style=\"font-weight: 400;\">Of course, all of them have a very important soundtrack that we hope will also serve as a tool for promoting the film or connecting with it, because here in Colombia it is a very musical country. I have tried to inspire us through music, and especially through music that has inspired us.\u00a0<\/span><\/p>\n<p><span style=\"font-weight: 400;\">Bomba Est\u00e9reo is a band that comes from the indigenous and Afro world, since their music has roots in the folk music of Colombia and Latin America. So, of course, now we have a soundtrack that I made and next year both documentaries will be released. The one about the Magdalena River is called \u201cYuma,\u201d and the one about the leaders has a partial name, it will probably change, which is \u201cGuardianas.\u201d Both will be released in 2024.<\/span><\/p>\n<p><span style=\"font-weight: 400;\">To watch the trailer for Yuma and support Sim\u00f3n Mej\u00eda&#039;s documentary, click the following link: <\/span><a href=\"https:\/\/www.kickstarter.com\/projects\/yumariosonoro\/yuma-sonic-river-yuma-rio-sonoro\/description?lang=es\" target=\"_blank\" rel=\"noopener\"><span style=\"font-weight: 400;\">https:\/\/www.kickstarter.com\/projects\/yumariosonoro\/yuma-sonic-river-yuma-rio-sonoro\/description?lang=es<\/span><\/a><span style=\"font-weight: 400;\">.<\/span><\/p>\n<p><em><strong>You may be interested in:<\/strong> <a href=\"https:\/\/peninsula360press.com\/en\/day-of-the-dead-festival-in-redwood-city-2\/\">The Day of the Dead Festival was experienced in Redwood City with music, dance and color<\/a><\/em><\/p>","protected":false},"excerpt":{"rendered":"<p>Bogot\u00e1, Colombia. 10 de noviembre de 2023.- El Planetario de Bogot\u00e1, ubicado en el epicentro de la ciudad, fue el escenario del IV Foro \u201cRespira el Arte\u201d, un evento que fusion\u00f3 el arte con la imperante necesidad de abordar la crisis clim\u00e1tica, proyecto del Instituto Distrital de las Artes (Idartes).\u00a0 Durante cinco d\u00edas intensos, actores [&hellip;]<\/p>","protected":false},"author":49,"featured_media":20718,"comment_status":"open","ping_status":"open","sticky":false,"template":"","format":"standard","meta":{"footnotes":""},"categories":[14,11],"tags":[],"class_list":{"0":"post-20712","1":"post","2":"type-post","3":"status-publish","4":"format-standard","5":"has-post-thumbnail","7":"category-cover","8":"category-culture"},"_links":{"self":[{"href":"https:\/\/peninsula360press.com\/en\/wp-json\/wp\/v2\/posts\/20712","targetHints":{"allow":["GET"]}}],"collection":[{"href":"https:\/\/peninsula360press.com\/en\/wp-json\/wp\/v2\/posts"}],"about":[{"href":"https:\/\/peninsula360press.com\/en\/wp-json\/wp\/v2\/types\/post"}],"author":[{"embeddable":true,"href":"https:\/\/peninsula360press.com\/en\/wp-json\/wp\/v2\/users\/49"}],"replies":[{"embeddable":true,"href":"https:\/\/peninsula360press.com\/en\/wp-json\/wp\/v2\/comments?post=20712"}],"version-history":[{"count":3,"href":"https:\/\/peninsula360press.com\/en\/wp-json\/wp\/v2\/posts\/20712\/revisions"}],"predecessor-version":[{"id":20722,"href":"https:\/\/peninsula360press.com\/en\/wp-json\/wp\/v2\/posts\/20712\/revisions\/20722"}],"wp:featuredmedia":[{"embeddable":true,"href":"https:\/\/peninsula360press.com\/en\/wp-json\/wp\/v2\/media\/20718"}],"wp:attachment":[{"href":"https:\/\/peninsula360press.com\/en\/wp-json\/wp\/v2\/media?parent=20712"}],"wp:term":[{"taxonomy":"category","embeddable":true,"href":"https:\/\/peninsula360press.com\/en\/wp-json\/wp\/v2\/categories?post=20712"},{"taxonomy":"post_tag","embeddable":true,"href":"https:\/\/peninsula360press.com\/en\/wp-json\/wp\/v2\/tags?post=20712"}],"curies":[{"name":"wp","href":"https:\/\/api.w.org\/{rel}","templated":true}]}}