{"id":2591,"date":"2020-11-19T02:02:51","date_gmt":"2020-11-19T02:02:51","guid":{"rendered":"https:\/\/peninsula360press.com\/?p=2591"},"modified":"2021-02-05T09:57:26","modified_gmt":"2021-02-05T17:57:26","slug":"festival-gabo-follow-the-stories","status":"publish","type":"post","link":"https:\/\/peninsula360press.com\/en\/festival-gabo-follow-the-stories\/","title":{"rendered":"Gabo Festival: the stories continue"},"content":{"rendered":"<figure class=\"wp-block-image size-large\"><img fetchpriority=\"high\" decoding=\"async\" width=\"1024\" height=\"684\" src=\"https:\/\/peninsula360press.com\/wp-content\/uploads\/2020\/11\/IMG-WEB_Clase-magistral-1-1024x684.jpg\" alt=\"\" class=\"wp-image-2592\" srcset=\"https:\/\/peninsula360press.com\/wp-content\/uploads\/2020\/11\/IMG-WEB_Clase-magistral-1-1024x684.jpg 1024w, https:\/\/peninsula360press.com\/wp-content\/uploads\/2020\/11\/IMG-WEB_Clase-magistral-1-300x200.jpg 300w, https:\/\/peninsula360press.com\/wp-content\/uploads\/2020\/11\/IMG-WEB_Clase-magistral-1-768x513.jpg 768w, https:\/\/peninsula360press.com\/wp-content\/uploads\/2020\/11\/IMG-WEB_Clase-magistral-1-16x12.jpg 16w, https:\/\/peninsula360press.com\/wp-content\/uploads\/2020\/11\/IMG-WEB_Clase-magistral-1-450x300.jpg 450w, https:\/\/peninsula360press.com\/wp-content\/uploads\/2020\/11\/IMG-WEB_Clase-magistral-1-780x521.jpg 780w, https:\/\/peninsula360press.com\/wp-content\/uploads\/2020\/11\/IMG-WEB_Clase-magistral-1.jpg 1200w\" sizes=\"(max-width: 1024px) 100vw, 1024px\" \/><\/figure>\n\n\n\n<h5 class=\"wp-block-heading\">Cristian Carlos. Peninsula 360 Press [P360P]<\/h5>\n\n\n\n<p>With the slogan: \"The stories continue\", on this occasion, and in a virtual way, the eighth edition of the Gabo Festival will be held by the Gabo Foundation, an institution created by the Colombian journalist and Nobel Prize for Literature Gabriel Garc\u00eda M\u00e1rquez.<\/p>\n\n\n\n<p>Their mission, they point out, \"is to promote better journalism and the stimulation of creativity, with emphasis on the workshop method and the memory of our founder. We do this through initiatives such as the Journalism Workshop, the Gabo Festival,\" among others.<\/p>\n\n\n\n<p>According to the foundation, this is \"the great celebration of Latin American journalism\"; which, year after year, takes place in Medellin, Colombia. There, finalists and winners of the Gabo Prize are honored. \"The Gabo Festival is possible thanks to a public-private alliance formed by the Gabo Foundation together with the Mayor's Office of Medellin and the groups Bancolombia and Sura with their subsidiaries in Latin America,\" says the foundation.<\/p>\n\n\n\n<p>Two guests of honour are invited to this edition: <a href=\"https:\/\/festivalgabo.us15.list-manage.com\/track\/click?u=ec514c38a205e3a02fc8d3a59&amp;id=0280c6e764&amp;e=28eaa36429\" target=\"_blank\" rel=\"noopener\">Benjamin Moser<\/a>The 2020 Pulitzer Prize winner for\u00a0<em>Sontag: Her Life and Work<\/em>inspired by the work of Susan Sontag. Y\u00a0<a href=\"https:\/\/festivalgabo.us15.list-manage.com\/track\/click?u=ec514c38a205e3a02fc8d3a59&amp;id=07cbe18d5c&amp;e=28eaa36429\" target=\"_blank\" rel=\"noopener\">Alessandro Baricco<\/a>philosopher and writer, author of the essay\u00a0<em>The barbarians<\/em>, y\u00a0<em>The Game<\/em>The book, they say, \"delves into the impact of the digital revolution on humanist thought and culture in general\".<\/p>\n\n\n\n<p>In addition, the Gabo Festival will feature ten master classes and two talks - all free of charge - featuring contemporary intellectual figures from Latin America and the USA. Don't forget to register on the Gabo Festival website: <a href=\"https:\/\/premioggm.org\/noticias\/2020\/11\/inscribete-a-las-clases-magistrales-del-festival-gabo-no8\/\" target=\"_blank\" rel=\"noopener\">https:\/\/premioggm.org\/noticias\/2020\/11\/inscribete-a-las-clases-magistrales-del-festival-gabo-no8\/<\/a><\/p>\n\n\n\n<p><\/p>","protected":false},"excerpt":{"rendered":"<p>Cristian Carlos. Pen\u00ednsula 360 Press [P360P] Con el lema: \u00abSiguen las historias\u00bb, en esta ocasi\u00f3n, y de manera virtual, se llevar\u00e1 a cabo al octava edici\u00f3n del Festival Gabo por la Fundaci\u00f3n Gabo, una instituci\u00f3n creada por el periodista y Nobel de Literatura colombiano Gabriel Garc\u00eda M\u00e1rquez. Su misi\u00f3n, se\u00f1alan, \u00abes promover un mejor periodismo [&hellip;]<\/p>","protected":false},"author":4,"featured_media":2593,"comment_status":"open","ping_status":"open","sticky":false,"template":"","format":"standard","meta":{"footnotes":""},"categories":[14,11,7],"tags":[273],"class_list":{"0":"post-2591","1":"post","2":"type-post","3":"status-publish","4":"format-standard","5":"has-post-thumbnail","7":"category-cover","8":"category-culture","9":"category-events","10":"tag-ccj"},"_links":{"self":[{"href":"https:\/\/peninsula360press.com\/en\/wp-json\/wp\/v2\/posts\/2591","targetHints":{"allow":["GET"]}}],"collection":[{"href":"https:\/\/peninsula360press.com\/en\/wp-json\/wp\/v2\/posts"}],"about":[{"href":"https:\/\/peninsula360press.com\/en\/wp-json\/wp\/v2\/types\/post"}],"author":[{"embeddable":true,"href":"https:\/\/peninsula360press.com\/en\/wp-json\/wp\/v2\/users\/4"}],"replies":[{"embeddable":true,"href":"https:\/\/peninsula360press.com\/en\/wp-json\/wp\/v2\/comments?post=2591"}],"version-history":[{"count":1,"href":"https:\/\/peninsula360press.com\/en\/wp-json\/wp\/v2\/posts\/2591\/revisions"}],"predecessor-version":[{"id":2594,"href":"https:\/\/peninsula360press.com\/en\/wp-json\/wp\/v2\/posts\/2591\/revisions\/2594"}],"wp:featuredmedia":[{"embeddable":true,"href":"https:\/\/peninsula360press.com\/en\/wp-json\/wp\/v2\/media\/2593"}],"wp:attachment":[{"href":"https:\/\/peninsula360press.com\/en\/wp-json\/wp\/v2\/media?parent=2591"}],"wp:term":[{"taxonomy":"category","embeddable":true,"href":"https:\/\/peninsula360press.com\/en\/wp-json\/wp\/v2\/categories?post=2591"},{"taxonomy":"post_tag","embeddable":true,"href":"https:\/\/peninsula360press.com\/en\/wp-json\/wp\/v2\/tags?post=2591"}],"curies":[{"name":"wp","href":"https:\/\/api.w.org\/{rel}","templated":true}]}}