{"id":28012,"date":"2025-01-27T11:23:27","date_gmt":"2025-01-27T18:23:27","guid":{"rendered":"https:\/\/peninsula360press.com\/?p=28012"},"modified":"2025-01-27T12:00:01","modified_gmt":"2025-01-27T19:00:01","slug":"ice-makes-arrests-in-tenderloin-neighborhood","status":"publish","type":"post","link":"https:\/\/peninsula360press.com\/en\/ice-makes-arrests-in-tenderloin-neighborhood\/","title":{"rendered":"ICE makes arrests in the Tenderloin neighborhood"},"content":{"rendered":"<figure id=\"attachment_28013\" aria-describedby=\"caption-attachment-28013\" style=\"width: 1280px\" class=\"wp-caption alignnone\"><img fetchpriority=\"high\" decoding=\"async\" class=\"wp-image-28013 size-full\" src=\"https:\/\/peninsula360press.com\/wp-content\/uploads\/2025\/01\/Detencion-ICE-1.png\" alt=\"U.S. Immigration and Customs Enforcement made arrests in the Tenderloin neighborhood of San Francisco. \" width=\"1280\" height=\"857\" srcset=\"https:\/\/peninsula360press.com\/wp-content\/uploads\/2025\/01\/Detencion-ICE-1.png 1280w, https:\/\/peninsula360press.com\/wp-content\/uploads\/2025\/01\/Detencion-ICE-1-300x201.png 300w, https:\/\/peninsula360press.com\/wp-content\/uploads\/2025\/01\/Detencion-ICE-1-1024x686.png 1024w, https:\/\/peninsula360press.com\/wp-content\/uploads\/2025\/01\/Detencion-ICE-1-768x514.png 768w, https:\/\/peninsula360press.com\/wp-content\/uploads\/2025\/01\/Detencion-ICE-1-18x12.png 18w, https:\/\/peninsula360press.com\/wp-content\/uploads\/2025\/01\/Detencion-ICE-1-150x100.png 150w, https:\/\/peninsula360press.com\/wp-content\/uploads\/2025\/01\/Detencion-ICE-1-696x466.png 696w, https:\/\/peninsula360press.com\/wp-content\/uploads\/2025\/01\/Detencion-ICE-1-1068x715.png 1068w\" sizes=\"(max-width: 1280px) 100vw, 1280px\" \/><figcaption id=\"caption-attachment-28013\" class=\"wp-caption-text\">U.S. Immigration and Customs Enforcement made arrests in the Tenderloin neighborhood of San Francisco. Screenshot from video shared on social media.<\/figcaption><\/figure>\n<p><em><span style=\"font-size: 10pt;\">Listen to this note:<\/span><\/em><\/p>\n<audio class=\"wp-audio-shortcode\" id=\"audio-28012-1\" preload=\"none\" style=\"width: 100%;\" controls=\"controls\"><source type=\"audio\/mpeg\" src=\"https:\/\/peninsula360press.com\/wp-content\/uploads\/2025\/01\/arrestos-en-Tenderloin.mp3?_=1\" \/><a href=\"https:\/\/peninsula360press.com\/wp-content\/uploads\/2025\/01\/arrestos-en-Tenderloin.mp3\">https:\/\/peninsula360press.com\/wp-content\/uploads\/2025\/01\/arrestos-en-Tenderloin.mp3<\/a><\/audio>\n<p>&nbsp;<\/p>\n<p><span style=\"font-weight: 400;\">The U.S. Immigration and Customs Enforcement Service (ICE) made at least one arrest in the heart of the Tenderloin neighborhood in San Francisco, according to a statement released by the agency. <\/span><a href=\"https:\/\/www.facebook.com\/reel\/1219892092997788\" target=\"_blank\" rel=\"noopener\"><span style=\"font-weight: 400;\">video<\/span><\/a><span style=\"font-weight: 400;\"> which quickly went viral on social networks like Facebook, X and TikTok.<\/span><\/p>\n<blockquote class=\"twitter-tweet\" data-media-max-width=\"560\">\n<p dir=\"ltr\" lang=\"en\">ICE POLICE SPOTTED ON O&#039;FARRELL AND LARKIN IN THE TENDERLOIN\ud83d\udc40 <a href=\"https:\/\/t.co\/dzhpl6tnLe\">pic.twitter.com\/dzhpl6tnLe<\/a><\/p>\n<p>\u2014 Tenderloinactivities\ud83d\udd1e (@TL2ACTIVE) <a href=\"https:\/\/twitter.com\/TL2ACTIVE\/status\/1883653242992861318?ref_src=twsrc%5Etfw\" target=\"_blank\" rel=\"noopener\">January 26, 2025<\/a><\/p><\/blockquote>\n<p><script async src=\"https:\/\/platform.twitter.com\/widgets.js\" charset=\"utf-8\"><\/script><\/p>\n<p><span style=\"font-weight: 400;\">In his <\/span><a href=\"https:\/\/x.com\/ICEgov\" target=\"_blank\" rel=\"noopener\"><span style=\"font-weight: 400;\">X official account<\/span><\/a><span style=\"font-weight: 400;\">ICE reported on Sunday, January 26, on the fulfillment of its obligations, reporting a total of 956 arrests and 554 people brought before the authorities. The information was accompanied by an official update that reinforced the actions carried out.<\/span><\/p>\n<p><span style=\"font-weight: 400;\">The video, which lasts one minute and nine seconds, shows several plainclothes officers, some wearing vests with the legend \u201cICE Police\u201d and traveling in unofficial vehicles. They use weapons of various calibers.<\/span><\/p>\n<p><span style=\"font-weight: 400;\">One of the vehicles identified was a black Subaru with license plate 9HDJ163. In the video footage, a verbal exchange can be seen between the person recording and one of the officers, who questions him for making the recording. The response of the person who made the video was clear: \u201cI am a citizen.\u201d<\/span><\/p>\n<p><span style=\"font-weight: 400;\">The video, titled \u201cICE at Larkin and O\u2019Farrell,\u201d went viral, drawing attention to ICE activities in an area known for its cultural diversity. The Tenderloin neighborhood is home to a large number of Latinos, mostly of Mexican origin, and is recognized as an important district for San Francisco\u2019s transgender community.<\/span><\/p>\n<p><span style=\"font-weight: 400;\">The images and reports have sparked a broad debate about the actions of immigration authorities and their effects on vulnerable communities. There are migrant populations that are very concerned and have stopped going to work and sending their children to school.\u00a0<\/span><\/p>\n<p><span style=\"font-weight: 400;\">It is worth mentioning that several residents of the Tenderloin neighborhood confirmed the presence of ICE personnel yesterday, although no one is willing to provide further information out of fear.\u00a0<\/span><\/p>\n<p><em><strong>You may be interested in:<\/strong> <a href=\"https:\/\/peninsula360press.com\/en\/laken-riley-law\/\">New Laken Riley Law Would Allow ICE to Detain Immigrants Accused of Certain Crimes<\/a><\/em><\/p>","protected":false},"excerpt":{"rendered":"<p>Escucha esta nota: &nbsp; El Servicio de Control de Inmigraci\u00f3n y Aduanas de Estados Unidos (ICE, por sus siglas en ingl\u00e9s) realiz\u00f3 al menos un arresto en el coraz\u00f3n del barrio Tenderloin en San Francisco, seg\u00fan se dio a conocer a trav\u00e9s de un video que r\u00e1pidamente se hizo viral en redes sociales como Facebook, [&hellip;]<\/p>","protected":false},"author":55,"featured_media":28013,"comment_status":"open","ping_status":"open","sticky":false,"template":"","format":"standard","meta":{"footnotes":""},"categories":[118,78],"tags":[],"class_list":{"0":"post-28012","1":"post","2":"type-post","3":"status-publish","4":"format-standard","5":"has-post-thumbnail","7":"category-migracion","8":"category-san-francisco"},"_links":{"self":[{"href":"https:\/\/peninsula360press.com\/en\/wp-json\/wp\/v2\/posts\/28012","targetHints":{"allow":["GET"]}}],"collection":[{"href":"https:\/\/peninsula360press.com\/en\/wp-json\/wp\/v2\/posts"}],"about":[{"href":"https:\/\/peninsula360press.com\/en\/wp-json\/wp\/v2\/types\/post"}],"author":[{"embeddable":true,"href":"https:\/\/peninsula360press.com\/en\/wp-json\/wp\/v2\/users\/55"}],"replies":[{"embeddable":true,"href":"https:\/\/peninsula360press.com\/en\/wp-json\/wp\/v2\/comments?post=28012"}],"version-history":[{"count":5,"href":"https:\/\/peninsula360press.com\/en\/wp-json\/wp\/v2\/posts\/28012\/revisions"}],"predecessor-version":[{"id":28024,"href":"https:\/\/peninsula360press.com\/en\/wp-json\/wp\/v2\/posts\/28012\/revisions\/28024"}],"wp:featuredmedia":[{"embeddable":true,"href":"https:\/\/peninsula360press.com\/en\/wp-json\/wp\/v2\/media\/28013"}],"wp:attachment":[{"href":"https:\/\/peninsula360press.com\/en\/wp-json\/wp\/v2\/media?parent=28012"}],"wp:term":[{"taxonomy":"category","embeddable":true,"href":"https:\/\/peninsula360press.com\/en\/wp-json\/wp\/v2\/categories?post=28012"},{"taxonomy":"post_tag","embeddable":true,"href":"https:\/\/peninsula360press.com\/en\/wp-json\/wp\/v2\/tags?post=28012"}],"curies":[{"name":"wp","href":"https:\/\/api.w.org\/{rel}","templated":true}]}}