{"id":33065,"date":"2026-04-30T11:01:03","date_gmt":"2026-04-30T18:01:03","guid":{"rendered":"https:\/\/peninsula360press.com\/?p=33065"},"modified":"2026-04-30T11:01:03","modified_gmt":"2026-04-30T18:01:03","slug":"promotores-de-la-salud-latinos","status":"publish","type":"post","link":"https:\/\/peninsula360press.com\/en\/promotores-de-la-salud-latinos\/","title":{"rendered":"Condado de Santa Clara busca financiar a &#8216;promotores de la salud&#8217; latinos"},"content":{"rendered":"<figure id=\"attachment_33069\" aria-describedby=\"caption-attachment-33069\" style=\"width: 699px\" class=\"wp-caption aligncenter\"><img fetchpriority=\"high\" decoding=\"async\" class=\"wp-image-33069\" src=\"https:\/\/peninsula360press.com\/wp-content\/uploads\/2026\/04\/Latinos-salud-300x169.webp\" alt=\"Promotores de la salud latinos\" width=\"699\" height=\"394\" srcset=\"https:\/\/peninsula360press.com\/wp-content\/uploads\/2026\/04\/Latinos-salud-300x169.webp 300w, https:\/\/peninsula360press.com\/wp-content\/uploads\/2026\/04\/Latinos-salud-768x432.webp 768w, https:\/\/peninsula360press.com\/wp-content\/uploads\/2026\/04\/Latinos-salud-18x10.webp 18w, https:\/\/peninsula360press.com\/wp-content\/uploads\/2026\/04\/Latinos-salud-150x84.webp 150w, https:\/\/peninsula360press.com\/wp-content\/uploads\/2026\/04\/Latinos-salud-696x392.webp 696w, https:\/\/peninsula360press.com\/wp-content\/uploads\/2026\/04\/Latinos-salud.webp 800w\" sizes=\"(max-width: 699px) 100vw, 699px\" \/><figcaption id=\"caption-attachment-33069\" class=\"wp-caption-text\">Los promotores de la salud latinos del condado de Santa Clara han estado tocando puertas que otros no pod\u00edan. Ahora el condado los necesita de nuevo y planea integrarlos de forma permanente al sistema de salud p\u00fablica de la regi\u00f3n.<\/figcaption><\/figure>\n<p>&nbsp;<\/p>\n<p><span style=\"font-weight: 400;\">Los promotores de salud de la comunidad latina del <a href=\"https:\/\/www.santaclaraca.gov\" target=\"_blank\" rel=\"noopener\">Santa Clara County<\/a> han estado tocando puertas que otros no pod\u00edan. Ahora el condado los necesita de nuevo y planea integrarlos de forma permanente al sistema de salud p\u00fablica de la regi\u00f3n.<\/span><\/p>\n<p><span style=\"font-weight: 400;\">El martes, la Junta de Supervisores vot\u00f3 por unanimidad a favor de buscar opciones para financiar un sistema permanente de profesionales de la salud con competencia cultural que brinden atenci\u00f3n personalizada a la poblaci\u00f3n hispanohablante m\u00e1s vulnerable del condado.\u00a0<\/span><\/p>\n<p><span style=\"font-weight: 400;\">Las autoridades buscar\u00e1n la colaboraci\u00f3n de tres proveedores de <a href=\"https:\/\/thealliance.health\/es\/health-plan\/medi-cal\/how-to-join\/\" target=\"_blank\" rel=\"noopener\">Medi-Cal<\/a> en la regi\u00f3n: el Plan de Salud Familiar del condado, as\u00ed como las aseguradoras privadas Anthem y Kaiser Permanente, para financiarlo.\u00a0<\/span><\/p>\n<p><span style=\"font-weight: 400;\">Los funcionarios de salud afirman que una red ampliada de promotores de salud en el este de San Jos\u00e9, el sur del condado y el barrio Cadillac-Winchester de San Jos\u00e9 reducir\u00eda las visitas al hospital y evitar\u00eda una mayor saturaci\u00f3n de los servicios de urgencias.<\/span><\/p>\n<p><span style=\"font-weight: 400;\">La situaci\u00f3n se ha vuelto especialmente urgente en medio de una oleada de recortes en la financiaci\u00f3n federal que amenazan al sistema hospitalario p\u00fablico m\u00e1s grande del norte de California.<\/span><\/p>\n<p><span style=\"font-weight: 400;\">&#8220;Recurrimos a ellos una vez m\u00e1s para que respondan a esta crisis&#8221;, dijo la supervisora \u200b\u200bdel Distrito 1, Sylvia Arenas, en la reuni\u00f3n.<\/span><\/p>\n<p><span style=\"font-weight: 400;\">Los promotores de salud se han convertido en un pilar fundamental de la salud p\u00fablica en Silicon Valley. Impulsaron los esfuerzos para inmunizar a los residentes hispanohablantes y prevenir la propagaci\u00f3n de la COVID-19 durante la pandemia. Adem\u00e1s, ayudaron al condado a evitar la p\u00e9rdida de fondos federales al contabilizar a los hogares de dif\u00edcil acceso despu\u00e9s de que el presidente Donald Trump acortara el censo decenal de Estados Unidos en 2020.<\/span><\/p>\n<p><span style=\"font-weight: 400;\">Pero los promotores de salud reciben salarios bajos y su trabajo hist\u00f3ricamente ha dependido de los ciclos de subvenciones, al final de los cuales los trabajadores capacitados se marchan y los programas se reducen. Al mismo tiempo, cada trabajador cl\u00ednico que brinda coordinaci\u00f3n de la atenci\u00f3n, manejo de enfermedades cr\u00f3nicas y orientaci\u00f3n al paciente genera un ahorro estimado de 278 mil d\u00f3lares en atenci\u00f3n m\u00e9dica cada a\u00f1o, seg\u00fan los hallazgos de un estudio del Departamento de Salud P\u00fablica del condado realizado en abril.<\/span><\/p>\n<p><span style=\"font-weight: 400;\">Los servicios de los promotores de salud son facturables a trav\u00e9s de Medi-Cal, aunque muchos no reciben reembolso porque no est\u00e1n registrados como proveedores de salud nacionales, requisito indispensable para presentar reclamaciones, o porque no cumplen con el requisito de supervisi\u00f3n cl\u00ednica autorizada. El condado est\u00e1 estudiando la creaci\u00f3n de una agencia centralizada o centro de coordinaci\u00f3n \u2014posiblemente ubicado en una biblioteca o cl\u00ednica del condado\u2014 para gestionar la facturaci\u00f3n y la acreditaci\u00f3n.<\/span><\/p>\n<p><span style=\"font-weight: 400;\">&#8220;Le pido a la junta directiva: br\u00edndennos su apoyo&#8221;, dijo Heiny Gonz\u00e1lez, otra promotora de SOMOS Mayfair, durante la reuni\u00f3n.<\/span><\/p>\n<p><span style=\"font-weight: 400;\">Un nuevo sentido de urgencia subraya su labor. Un estudio hist\u00f3rico de varios a\u00f1os sobre las amenazas sist\u00e9micas para la salud de los residentes latinos, publicado el a\u00f1o pasado, llev\u00f3 a los l\u00edderes del condado a declarar una crisis de salud p\u00fablica, tras un preocupante aumento de muertes por suicidio y diabetes. El informe tambi\u00e9n identific\u00f3 tasas m\u00e1s altas de muertes por sobredosis de opioides entre los latinos del sur del condado que en cualquier otra regi\u00f3n.<\/span><\/p>\n<p><span style=\"font-weight: 400;\">&#8220;Estamos prestando estos servicios a comunidades muy afectadas&#8221;, dijo Monica Mahecha, promotora de SOMOS Mayfair, en sus comentarios p\u00fablicos durante la reuni\u00f3n.<\/span><\/p>\n<p><span style=\"font-weight: 400;\">Los promotores no solo realizan trabajo cl\u00ednico. Tambi\u00e9n llevan a cabo labores de extensi\u00f3n comunitaria, conectando a los residentes con servicios espec\u00edficos disponibles en su \u00e1rea. Sharon Luna, l\u00edder vecinal en la comunidad no incorporada de San Mart\u00edn, en el sur del condado, coment\u00f3 que los promotores han tenido un impacto notable en la incorporaci\u00f3n de los residentes a la cocina saludable, los deportes y las tutor\u00edas acad\u00e9micas.<\/span><\/p>\n<p><span style=\"font-weight: 400;\">&#8220;Es uno de los programas m\u00e1s impresionantes que he visto en el sur del condado&#8221;, dijo Luna en la reuni\u00f3n.<\/span><\/p>\n<p><span style=\"font-weight: 400;\">El programa no puede autofinanciarse con esos ahorros porque no todos benefician directamente al condado. Los funcionarios est\u00e1n considerando una combinaci\u00f3n de fondos provenientes del condado, subvenciones y los tres planes de atenci\u00f3n m\u00e9dica administrada de la regi\u00f3n, Anthem y Kaiser, sin que ninguna fuente individual supere el 40 % del presupuesto total del sistema propuesto.<\/span><\/p>\n<p><span style=\"font-weight: 400;\">&#8220;Una de mis recomendaciones es que instemos a los tres planes de atenci\u00f3n m\u00e9dica administrada de Medi-Cal en nuestro condado (Family Health Plan, Anthem y Kaiser) a que consideren un nivel de inversi\u00f3n apropiado, porque esos planes tendr\u00e1n ahorros tangibles en los costos de salud evitados que ser\u00e1n financiables para ellos de una manera que no es cierta para el presupuesto del condado&#8221;, dijo el ejecutivo del condado, James Williams, en la reuni\u00f3n.<\/span><\/p>\n<p><span style=\"font-weight: 400;\">Williams a\u00f1adi\u00f3 que los miembros de la junta directiva del Plan de Salud Familiar, sobre la cual el condado decidi\u00f3 consolidar el control el a\u00f1o pasado, ya han expresado su apoyo para contribuir a la financiaci\u00f3n de la expansi\u00f3n de los promotores de salud.<\/span><\/p>\n<p><span style=\"font-weight: 400;\">&#8220;No creo que Kaiser y Anthem deban quedar exentas de responsabilidad&#8221;, dijo Williams. &#8220;Necesitamos presionarlas un poco para que tambi\u00e9n asuman su responsabilidad. Sabemos exactamente qu\u00e9 tipo de inversi\u00f3n concreta se necesita hacer&#8221;.<\/span><\/p>\n<p><span style=\"font-weight: 400;\">Arenas afirm\u00f3 que los promotores del condado han arriesgado sus vidas por la comunidad una y otra vez.<\/span><\/p>\n<p><span style=\"font-weight: 400;\">&#8220;\u00bfA qu\u00e9 otra crisis vamos a esperar para integrar finalmente un marco que haya demostrado su eficacia fiscal?&#8221;, dijo.<\/span><\/p>\n<p><span style=\"font-weight: 400;\">Read the original note giving <\/span><a href=\"https:\/\/sanjosespotlight.com\/santa-clara-county-looks-to-fund-latino-health-promoters\/\" target=\"_blank\" rel=\"noopener\"><span style=\"font-weight: 400;\">Click here<\/span><\/a><span style=\"font-weight: 400;\">.<\/span><\/p>\n<p>&nbsp;<\/p>\n<p><em><strong>You may be interested in:<\/strong> <a href=\"https:\/\/peninsula360press.com\/en\/latino-family-fund\/\" target=\"_blank\" rel=\"noopener\">Latino Family Fund: When the Latino community invests in itself<\/a><\/em><\/p>","protected":false},"excerpt":{"rendered":"<p>&nbsp; Los promotores de salud de la comunidad latina del condado de Santa Clara han estado tocando puertas que otros no pod\u00edan. Ahora el condado los necesita de nuevo y planea integrarlos de forma permanente al sistema de salud p\u00fablica de la regi\u00f3n. El martes, la Junta de Supervisores vot\u00f3 por unanimidad a favor de [&hellip;]<\/p>","protected":false},"author":4,"featured_media":33069,"comment_status":"open","ping_status":"open","sticky":false,"template":"","format":"standard","meta":{"footnotes":""},"categories":[12,306],"tags":[],"class_list":{"0":"post-33065","1":"post","2":"type-post","3":"status-publish","4":"format-standard","5":"has-post-thumbnail","7":"category-health","8":"category-santa-clara"},"_links":{"self":[{"href":"https:\/\/peninsula360press.com\/en\/wp-json\/wp\/v2\/posts\/33065","targetHints":{"allow":["GET"]}}],"collection":[{"href":"https:\/\/peninsula360press.com\/en\/wp-json\/wp\/v2\/posts"}],"about":[{"href":"https:\/\/peninsula360press.com\/en\/wp-json\/wp\/v2\/types\/post"}],"author":[{"embeddable":true,"href":"https:\/\/peninsula360press.com\/en\/wp-json\/wp\/v2\/users\/4"}],"replies":[{"embeddable":true,"href":"https:\/\/peninsula360press.com\/en\/wp-json\/wp\/v2\/comments?post=33065"}],"version-history":[{"count":5,"href":"https:\/\/peninsula360press.com\/en\/wp-json\/wp\/v2\/posts\/33065\/revisions"}],"predecessor-version":[{"id":33074,"href":"https:\/\/peninsula360press.com\/en\/wp-json\/wp\/v2\/posts\/33065\/revisions\/33074"}],"wp:featuredmedia":[{"embeddable":true,"href":"https:\/\/peninsula360press.com\/en\/wp-json\/wp\/v2\/media\/33069"}],"wp:attachment":[{"href":"https:\/\/peninsula360press.com\/en\/wp-json\/wp\/v2\/media?parent=33065"}],"wp:term":[{"taxonomy":"category","embeddable":true,"href":"https:\/\/peninsula360press.com\/en\/wp-json\/wp\/v2\/categories?post=33065"},{"taxonomy":"post_tag","embeddable":true,"href":"https:\/\/peninsula360press.com\/en\/wp-json\/wp\/v2\/tags?post=33065"}],"curies":[{"name":"wp","href":"https:\/\/api.w.org\/{rel}","templated":true}]}}