{"id":33080,"date":"2026-05-01T09:35:02","date_gmt":"2026-05-01T16:35:02","guid":{"rendered":"https:\/\/peninsula360press.com\/?p=33080"},"modified":"2026-05-01T10:06:51","modified_gmt":"2026-05-01T17:06:51","slug":"corto-mexicano-sobre-migracion","status":"publish","type":"post","link":"https:\/\/peninsula360press.com\/en\/corto-mexicano-sobre-migracion\/","title":{"rendered":"Corto mexicano sobre migraci\u00f3n se estrena mundialmente tras triunfo en los Gotham"},"content":{"rendered":"<figure id=\"attachment_33084\" aria-describedby=\"caption-attachment-33084\" style=\"width: 682px\" class=\"wp-caption aligncenter\"><img fetchpriority=\"high\" decoding=\"async\" class=\"wp-image-33084\" src=\"https:\/\/peninsula360press.com\/wp-content\/uploads\/2026\/05\/Balada-de-un-Inmigrante-con-Memoria-300x169.webp\" alt=\"Corto mexicano sobre migraci\u00f3n, Balada de un Inmigrante con Memoria, del director chihuahuense Sergio Mu\u00f1oz Esquer\" width=\"682\" height=\"384\" srcset=\"https:\/\/peninsula360press.com\/wp-content\/uploads\/2026\/05\/Balada-de-un-Inmigrante-con-Memoria-300x169.webp 300w, https:\/\/peninsula360press.com\/wp-content\/uploads\/2026\/05\/Balada-de-un-Inmigrante-con-Memoria-1024x576.webp 1024w, https:\/\/peninsula360press.com\/wp-content\/uploads\/2026\/05\/Balada-de-un-Inmigrante-con-Memoria-768x432.webp 768w, https:\/\/peninsula360press.com\/wp-content\/uploads\/2026\/05\/Balada-de-un-Inmigrante-con-Memoria-18x10.webp 18w, https:\/\/peninsula360press.com\/wp-content\/uploads\/2026\/05\/Balada-de-un-Inmigrante-con-Memoria-150x84.webp 150w, https:\/\/peninsula360press.com\/wp-content\/uploads\/2026\/05\/Balada-de-un-Inmigrante-con-Memoria-696x392.webp 696w, https:\/\/peninsula360press.com\/wp-content\/uploads\/2026\/05\/Balada-de-un-Inmigrante-con-Memoria-1068x601.webp 1068w\" sizes=\"(max-width: 682px) 100vw, 682px\" \/><figcaption id=\"caption-attachment-33084\" class=\"wp-caption-text\">Corto mexicano sobre migraci\u00f3n, Balada de un Inmigrante con Memoria, del director chihuahuense Sergio Mu\u00f1oz Esquer, tuvo su estreno mundial a trav\u00e9s de los canales digitales de Focus Features, tras su reconocimiento en los Gotham Awards.<\/figcaption><\/figure>\n<p><span style=\"font-weight: 400;\">El cine independiente mexicano suma un nuevo paso en el escenario internacional luego de que el cortometraje Balada de un Inmigrante con Memoria, del director chihuahuense <a href=\"https:\/\/x.com\/ElSergioMunoz\">Sergio Mu\u00f1oz Esquer<\/a>, tuvo su estreno mundial a trav\u00e9s de los canales digitales de Focus Features, tras su reconocimiento en los Gotham Awards.<\/span><\/p>\n<p><span style=\"font-weight: 400;\">El lanzamiento consolida el alcance global de una obra que aborda la migraci\u00f3n desde lo \u00edntimo y lo simb\u00f3lico, y que ahora se integra al cat\u00e1logo de una de las distribuidoras m\u00e1s influyentes del cine contempor\u00e1neo.<\/span><\/p>\n<p><span style=\"font-weight: 400;\">Originario de Delicias, Chihuahua, Mu\u00f1oz Esquer construye esta historia desde su propia experiencia como migrante en Estados Unidos, pa\u00eds donde estudi\u00f3 cine y film\u00f3 el proyecto. El estreno representa, adem\u00e1s, un momento clave para el cine independiente latinoamericano, al colocar una narrativa profundamente personal en un circuito internacional.<\/span><\/p>\n<figure id=\"attachment_33087\" aria-describedby=\"caption-attachment-33087\" style=\"width: 641px\" class=\"wp-caption aligncenter\"><img decoding=\"async\" class=\"wp-image-33087\" src=\"https:\/\/peninsula360press.com\/wp-content\/uploads\/2026\/05\/Sergio-Munoz-Esquer-300x225.webp\" alt=\"Sergio Mu\u00f1oz Esquer, originario de Delicias, Chihuahua, construye esta historia desde su propia experiencia \" width=\"641\" height=\"481\" srcset=\"https:\/\/peninsula360press.com\/wp-content\/uploads\/2026\/05\/Sergio-Munoz-Esquer-300x225.webp 300w, https:\/\/peninsula360press.com\/wp-content\/uploads\/2026\/05\/Sergio-Munoz-Esquer-1024x768.webp 1024w, https:\/\/peninsula360press.com\/wp-content\/uploads\/2026\/05\/Sergio-Munoz-Esquer-768x576.webp 768w, https:\/\/peninsula360press.com\/wp-content\/uploads\/2026\/05\/Sergio-Munoz-Esquer-16x12.webp 16w, https:\/\/peninsula360press.com\/wp-content\/uploads\/2026\/05\/Sergio-Munoz-Esquer-150x113.webp 150w, https:\/\/peninsula360press.com\/wp-content\/uploads\/2026\/05\/Sergio-Munoz-Esquer-696x522.webp 696w, https:\/\/peninsula360press.com\/wp-content\/uploads\/2026\/05\/Sergio-Munoz-Esquer-1068x801.webp 1068w\" sizes=\"(max-width: 641px) 100vw, 641px\" \/><figcaption id=\"caption-attachment-33087\" class=\"wp-caption-text\">Sergio Mu\u00f1oz Esquer, originario de Delicias, Chihuahua, construye esta historia desde su propia experiencia como migrante en Estados Unidos.<\/figcaption><\/figure>\n<p><span style=\"font-weight: 400;\">El cortometraje sigue a Alberto, un mexicano que, en medio de la nostalgia, emprende un viaje surrealista al sumergirse en un plato de menudo en busca del rosario que su madre le entreg\u00f3 antes de dejar su hogar.\u00a0<\/span><\/p>\n<p><span style=\"font-weight: 400;\">A trav\u00e9s de esta traves\u00eda on\u00edrica, el protagonista recorre los momentos m\u00e1s significativos de su vida: desde un campo de f\u00fatbol polvoriento hasta la iglesia de su infancia y la camioneta que lo llev\u00f3 a cruzar la frontera.<\/span><\/p>\n<p><span style=\"font-weight: 400;\">En ese recorrido, Alberto enfrenta no solo la distancia f\u00edsica, sino sus propios miedos, incluida la figura de un oficial de inmigraci\u00f3n que lo persigue en este universo simb\u00f3lico, mientras intenta encontrar una \u00faltima oportunidad para hablar con su madre.<\/span><\/p>\n<p><span style=\"font-weight: 400;\">El actor Omar Leyva, quien interpreta al protagonista, destac\u00f3 la complejidad emocional de la historia: \u201cSergio escribi\u00f3 un guion tan complejo como el plato de menudo que transporta a mi personaje a trav\u00e9s de secuencias que ilustran lo que cuesta atreverse a so\u00f1ar cuando se tiene que vivir siempre con incertidumbre\u201d.<\/span><\/p>\n<p><span style=\"font-weight: 400;\">Por su parte, la actriz Mercedes Hern\u00e1ndez subray\u00f3 la dimensi\u00f3n universal del relato.\u00a0<\/span><\/p>\n<p><span style=\"font-weight: 400;\">\u201cSergio es un joven y talentoso director que imagina historias que, de tan personales, se vuelven universales. La memoria se nutre de lo sensorial; la comida con la que nuestras madres nos alimentaron nos acerca a una protecci\u00f3n sagrada\u201d, se\u00f1al\u00f3.<\/span><\/p>\n<p><span style=\"font-weight: 400;\">La producci\u00f3n es una coproducci\u00f3n entre M\u00e9xico y Estados Unidos, encabezada por Karla Armend\u00e1riz y Pepe Gonz\u00e1lez, con el respaldo de instituciones como Austin Film Society, Santa Fe Film Institute, la Universidad de Texas en Austin y el Consejo Municipal de Estacion\u00f3metros de Ciudad Delicias, Chihuahua.<\/span><\/p>\n<p><span style=\"font-weight: 400;\">Balada de un Inmigrante con Memoria es el d\u00e9cimo cortometraje de Mu\u00f1oz Esquer, quien ha construido una trayectoria s\u00f3lida con t\u00edtulos como Hora de irnos (2024), Simple Lies (2024) y Grilled Queso (2022). Actualmente, el director trabaja en el desarrollo de su primer largometraje.<\/span><\/p>\n<p><em><strong>You may be interested in:<\/strong> <a href=\"https:\/\/peninsula360press.com\/en\/beca-2\/\">Mexicana Antonia Sof\u00eda Silva gana Beca Jenkins-Del Toro 2026 y llevar\u00e1 su cine a Reino Unido<\/a><\/em><\/p>","protected":false},"excerpt":{"rendered":"<p>El cine independiente mexicano suma un nuevo paso en el escenario internacional luego de que el cortometraje Balada de un Inmigrante con Memoria, del director chihuahuense Sergio Mu\u00f1oz Esquer, tuvo su estreno mundial a trav\u00e9s de los canales digitales de Focus Features, tras su reconocimiento en los Gotham Awards. El lanzamiento consolida el alcance global [&hellip;]<\/p>","protected":false},"author":7,"featured_media":33084,"comment_status":"open","ping_status":"open","sticky":false,"template":"","format":"standard","meta":{"footnotes":""},"categories":[11,118],"tags":[],"class_list":{"0":"post-33080","1":"post","2":"type-post","3":"status-publish","4":"format-standard","5":"has-post-thumbnail","7":"category-culture","8":"category-migracion"},"_links":{"self":[{"href":"https:\/\/peninsula360press.com\/en\/wp-json\/wp\/v2\/posts\/33080","targetHints":{"allow":["GET"]}}],"collection":[{"href":"https:\/\/peninsula360press.com\/en\/wp-json\/wp\/v2\/posts"}],"about":[{"href":"https:\/\/peninsula360press.com\/en\/wp-json\/wp\/v2\/types\/post"}],"author":[{"embeddable":true,"href":"https:\/\/peninsula360press.com\/en\/wp-json\/wp\/v2\/users\/7"}],"replies":[{"embeddable":true,"href":"https:\/\/peninsula360press.com\/en\/wp-json\/wp\/v2\/comments?post=33080"}],"version-history":[{"count":4,"href":"https:\/\/peninsula360press.com\/en\/wp-json\/wp\/v2\/posts\/33080\/revisions"}],"predecessor-version":[{"id":33088,"href":"https:\/\/peninsula360press.com\/en\/wp-json\/wp\/v2\/posts\/33080\/revisions\/33088"}],"wp:featuredmedia":[{"embeddable":true,"href":"https:\/\/peninsula360press.com\/en\/wp-json\/wp\/v2\/media\/33084"}],"wp:attachment":[{"href":"https:\/\/peninsula360press.com\/en\/wp-json\/wp\/v2\/media?parent=33080"}],"wp:term":[{"taxonomy":"category","embeddable":true,"href":"https:\/\/peninsula360press.com\/en\/wp-json\/wp\/v2\/categories?post=33080"},{"taxonomy":"post_tag","embeddable":true,"href":"https:\/\/peninsula360press.com\/en\/wp-json\/wp\/v2\/tags?post=33080"}],"curies":[{"name":"wp","href":"https:\/\/api.w.org\/{rel}","templated":true}]}}