{"id":5021,"date":"2021-04-02T19:06:42","date_gmt":"2021-04-03T03:06:42","guid":{"rendered":"https:\/\/peninsula360press.com\/?p=5021"},"modified":"2021-04-06T08:58:22","modified_gmt":"2021-04-06T16:58:22","slug":"marco-antonio-cruz-lopez-deceased-2","status":"publish","type":"post","link":"https:\/\/peninsula360press.com\/en\/marco-antonio-cruz-lopez-deceased-2\/","title":{"rendered":"Mexican Photojournalism in Mourning: Marco Antonio Cruz Passes Away"},"content":{"rendered":"<figure class=\"wp-block-image size-large\"><img fetchpriority=\"high\" decoding=\"async\" width=\"1024\" height=\"1013\" src=\"https:\/\/peninsula360press.com\/wp-content\/uploads\/2021\/04\/PHOTO-2021-04-02-20-53-03-1024x1013.jpg\" alt=\"Marco Antonio\" class=\"wp-image-5022\" srcset=\"https:\/\/peninsula360press.com\/wp-content\/uploads\/2021\/04\/PHOTO-2021-04-02-20-53-03-1024x1013.jpg 1024w, https:\/\/peninsula360press.com\/wp-content\/uploads\/2021\/04\/PHOTO-2021-04-02-20-53-03-300x297.jpg 300w, https:\/\/peninsula360press.com\/wp-content\/uploads\/2021\/04\/PHOTO-2021-04-02-20-53-03-768x760.jpg 768w, https:\/\/peninsula360press.com\/wp-content\/uploads\/2021\/04\/PHOTO-2021-04-02-20-53-03-12x12.jpg 12w, https:\/\/peninsula360press.com\/wp-content\/uploads\/2021\/04\/PHOTO-2021-04-02-20-53-03-150x148.jpg 150w, https:\/\/peninsula360press.com\/wp-content\/uploads\/2021\/04\/PHOTO-2021-04-02-20-53-03-696x689.jpg 696w, https:\/\/peninsula360press.com\/wp-content\/uploads\/2021\/04\/PHOTO-2021-04-02-20-53-03-1068x1057.jpg 1068w, https:\/\/peninsula360press.com\/wp-content\/uploads\/2021\/04\/PHOTO-2021-04-02-20-53-03.jpg 1117w\" sizes=\"(max-width: 1024px) 100vw, 1024px\" \/><figcaption>Marco Antonio Cruz with \u00c1ngeles Torrej\u00f3n in one of the workspaces of the Imagenlatina agency. Mexico City, September 28, 1987 Photo: Isidro Jim\u00e9nez\/Luna C\u00f3rnea<\/figcaption><\/figure>\n\n\n\n<h5 class=\"wp-block-heading\"><a href=\"https:\/\/peninsula360press.com\/en\/?s=Mazzotti\">Constanza Mazzotti<\/a>. Peninsula 360 Press [<a href=\"https:\/\/peninsula360press.com\/en\/\">P360P<\/a>].<\/h5>\n\n\n\n<p>Mexico City, Mexico. Marco Antonio Cruz L\u00f3pez, friend, colleague, mentor of Mexican photojournalism and coordinator of photography for Proceso magazine and documentary filmmaker with more than 40 years of experience, died on Friday afternoon, April 2, south of Mexico City.<\/p>\n\n\n\n<p>Originally from Puebla, Puebla (1957), Marco Antonio Cruz was a photojournalist and founder of the newspaper&nbsp;<em>La Jornada<\/em>&nbsp;(1984), editor of the agency&nbsp;<strong>Imagenlatina<\/strong> (1986) which <strong>directed for more than a decade from 1987 to 2003.<\/strong>.&nbsp;<\/p>\n\n\n\n<p><strong><a href=\"https:\/\/mexicana.cultura.gob.mx\/es\/repositorio\/resultados?word=Agencia%20Imagenlatina\" target=\"_blank\" rel=\"noopener\">Imagenlatina<\/a> was founded by Marco Antonio Cruz<\/strong> alongside Pedro Valtierra, Andr\u00e9s Garay, Rub\u00e9n Pax, Her\u00f3n Alem\u00e1n and Arturo Fuentes. His career began with the great Mexican photojournalist H\u00e9ctor Garc\u00eda, from whom Marco Antonio continued his work as a mentor and precursor of the new Mexican photojournalism, which combines informative elements with a personal style, revolutionizing the photojournalistic and photodocumentary work of the country.<\/p>\n\n\n\n<p>On April 15, 2021, he will accompany his colleagues and friends John Mraz, Rebeca Monroy and H\u00e9ctor Zarauz in the presentation of the book \"The book of the world\".<em>Marco Antonio Cruz:<\/em> <em>the construction of a gaze (1976-1986)<\/em>\"written by Alberto del Castillo. Broadcast by <a href=\"https:\/\/www.facebook.com\/Institutomora\" target=\"_blank\" rel=\"noopener\">Facebook\/Institutomora<\/a><\/p>\n\n\n\n<p>With his lens, Marco Antonio Cruz was a generous witness of great political, social and cultural changes in Mexico. He was also a sharp caricaturist, always critical of political and economic power. The world not only loses a great photographer, but also a great human being and friend who will be missed.<\/p>","protected":false},"excerpt":{"rendered":"<p>Constanza Mazzotti. Pen\u00ednsula 360 Press [P360P]. Ciudad de M\u00e9xico, M\u00e9xico. Marco Antonio Cruz L\u00f3pez,&nbsp;amigo, colega, mentor del fotoperiodismo mexicano y&nbsp;coordinador de Fotograf\u00eda de la revista Proceso y documentalista con m\u00e1s de 40 a\u00f1os de trayectoria, muri\u00f3 la tarde de este viernes,&nbsp;2 de abril al sur de&nbsp;la Ciudad de M\u00e9xico. Originario de Puebla, Puebla (1957) Marco [&hellip;]<\/p>","protected":false},"author":4,"featured_media":5022,"comment_status":"open","ping_status":"open","sticky":false,"template":"","format":"standard","meta":{"footnotes":""},"categories":[8,44],"tags":[],"class_list":{"0":"post-5021","1":"post","2":"type-post","3":"status-publish","4":"format-standard","5":"has-post-thumbnail","7":"category-usworld","8":"category-fotogaleria"},"_links":{"self":[{"href":"https:\/\/peninsula360press.com\/en\/wp-json\/wp\/v2\/posts\/5021","targetHints":{"allow":["GET"]}}],"collection":[{"href":"https:\/\/peninsula360press.com\/en\/wp-json\/wp\/v2\/posts"}],"about":[{"href":"https:\/\/peninsula360press.com\/en\/wp-json\/wp\/v2\/types\/post"}],"author":[{"embeddable":true,"href":"https:\/\/peninsula360press.com\/en\/wp-json\/wp\/v2\/users\/4"}],"replies":[{"embeddable":true,"href":"https:\/\/peninsula360press.com\/en\/wp-json\/wp\/v2\/comments?post=5021"}],"version-history":[{"count":5,"href":"https:\/\/peninsula360press.com\/en\/wp-json\/wp\/v2\/posts\/5021\/revisions"}],"predecessor-version":[{"id":5037,"href":"https:\/\/peninsula360press.com\/en\/wp-json\/wp\/v2\/posts\/5021\/revisions\/5037"}],"wp:featuredmedia":[{"embeddable":true,"href":"https:\/\/peninsula360press.com\/en\/wp-json\/wp\/v2\/media\/5022"}],"wp:attachment":[{"href":"https:\/\/peninsula360press.com\/en\/wp-json\/wp\/v2\/media?parent=5021"}],"wp:term":[{"taxonomy":"category","embeddable":true,"href":"https:\/\/peninsula360press.com\/en\/wp-json\/wp\/v2\/categories?post=5021"},{"taxonomy":"post_tag","embeddable":true,"href":"https:\/\/peninsula360press.com\/en\/wp-json\/wp\/v2\/tags?post=5021"}],"curies":[{"name":"wp","href":"https:\/\/api.w.org\/{rel}","templated":true}]}}