{"id":11244,"date":"2022-06-30T11:42:56","date_gmt":"2022-06-30T18:42:56","guid":{"rendered":"https:\/\/peninsula360press.com\/?p=11244"},"modified":"2022-06-30T14:10:03","modified_gmt":"2022-06-30T21:10:03","slug":"elmo-se-vacuna-contra-covid-19","status":"publish","type":"post","link":"https:\/\/peninsula360press.com\/es_mx\/elmo-se-vacuna-contra-covid-19\/","title":{"rendered":"\u00abElmo\u00bb se vacuna contra COVID-19"},"content":{"rendered":"\n<figure class=\"wp-block-image size-large is-resized\"><img fetchpriority=\"high\" decoding=\"async\" src=\"https:\/\/peninsula360press.com\/wp-content\/uploads\/2022\/06\/elmo-se-vacuna-1024x575.jpeg\" alt=\"elmo se vacuna\" class=\"wp-image-11245\" width=\"696\" height=\"390\" srcset=\"https:\/\/peninsula360press.com\/wp-content\/uploads\/2022\/06\/elmo-se-vacuna-1024x575.jpeg 1024w, https:\/\/peninsula360press.com\/wp-content\/uploads\/2022\/06\/elmo-se-vacuna-300x169.jpeg 300w, https:\/\/peninsula360press.com\/wp-content\/uploads\/2022\/06\/elmo-se-vacuna-768x431.jpeg 768w, https:\/\/peninsula360press.com\/wp-content\/uploads\/2022\/06\/elmo-se-vacuna-18x10.jpeg 18w, https:\/\/peninsula360press.com\/wp-content\/uploads\/2022\/06\/elmo-se-vacuna-150x84.jpeg 150w, https:\/\/peninsula360press.com\/wp-content\/uploads\/2022\/06\/elmo-se-vacuna-696x391.jpeg 696w, https:\/\/peninsula360press.com\/wp-content\/uploads\/2022\/06\/elmo-se-vacuna-1068x600.jpeg 1068w\" sizes=\"(max-width: 696px) 100vw, 696px\" \/><figcaption>Imagen del video <a href=\"https:\/\/youtu.be\/xoSzm5lJYLs\" target=\"_blank\" rel=\"noreferrer noopener\">Elmo se vacuna contra el COVID<\/a><\/figcaption><\/figure>\n\n\n\n<p>El peque\u00f1o Elmo, uno de los personajes m\u00e1s entra\u00f1ables de Plaza S\u00e9samo, recibi\u00f3 muy alegre su primera dosis de la vacuna contra COVID-19 este lunes luego de que, semanas atr\u00e1s, esta fuera autorizada por los Centros para el Control y la Prevenci\u00f3n de Enfermedades de EE. UU. \u2012CDC, por sus siglas en ingl\u00e9s\u2012 para ni\u00f1os y ni\u00f1as a partir de los 6 meses de edad.<\/p>\n\n\n\n<p>Tras un peque\u00f1o pinchazo, el joven \u00abmuppet\u00bb de tres a\u00f1os y medio, dijo estar bien y sentirse feliz de tener una \u00abs\u00faper-duper\u00bb bandita.<\/p>\n\n\n\n<p>\u00abFue un peque\u00f1o pinchazo, pero todo est\u00e1 bien. Elmo est\u00e1 contento de que pap\u00e1 y beb\u00e9 David fueran con \u00e9l\u00bb, cont\u00f3 el peludo rojo en un video que fue transmitido en el canal de Sesame Workshop por la plataforma de streaming Youtube.<\/p>\n\n\n\n<figure class=\"wp-block-embed is-type-video is-provider-youtube wp-block-embed-youtube wp-embed-aspect-16-9 wp-has-aspect-ratio\"><div class=\"wp-block-embed__wrapper\">\n<iframe title=\"Elmo se vacuna contra el COVID\" width=\"696\" height=\"392\" src=\"https:\/\/www.youtube.com\/embed\/xoSzm5lJYLs?feature=oembed\" frameborder=\"0\" allow=\"accelerometer; autoplay; clipboard-write; encrypted-media; gyroscope; picture-in-picture\" allowfullscreen><\/iframe>\n<\/div><\/figure>\n\n\n\n<p>Por su parte, Louie, pap\u00e1 de Elmo, record\u00f3 a los padres que est\u00e1 bien tener preguntas y anima a los espectadores a hablar con un pediatra o proveedor de atenci\u00f3n m\u00e9dica para obtener los \u00faltimos datos sobre las vacunas, que han demostrado reducir las posibilidades de enfermedades graves y de hospitalizaci\u00f3n a causa de la COVID-19.<\/p>\n\n\n\n<p>Junto a Elmo, particip\u00f3 tambi\u00e9n su padre Louie, quien justamente hace un a\u00f1o recibi\u00f3 la vacuna para adultos, la cual, en sus propias palabras, \u00able permiti\u00f3 comenzar a convivir de manera m\u00e1s libre con personas a su alrededor\u00bb.<\/p>\n\n\n\n<p>Louie, no hizo esperar diversas preguntas que le nacieron antes de vacunar a su peque\u00f1o Elmo, como, por ejemplo, \u00ab\u00bfEs seguro? \u00bfFue la decisi\u00f3n correcta?\u00bb, preguntas que consider\u00f3 pertinentes para el pediatra de Elmo.<\/p>\n\n\n\n<p>\u00abHable con nuestro pediatra para poder hacer la decisi\u00f3n correcta. Aprend\u00ed que el hecho de que Elmo reciba su vacuna es la mejor forma para que \u00e9l, nuestros amigos, vecinos y todos estemos saludables y haciendo las cosas que amamos\u00bb, se\u00f1al\u00f3 Louie.<br>No es la primera vez que Elmo va al doctor, pero s\u00ed la primera vez que se vacuna contra el COVID-19, y sabe muy bien c\u00f3mo abordar ese tema, pues previamente en el panel de Sesame Street: The ABCs of COVID Vaccines, en el que el particip\u00f3, lo hizo con la misma duda: \u00bfSe pueden vacunar a ni\u00f1os menores de cinco?<\/p>\n\n\n\n<p>En ese entonces \u2012noviembre de 2021\u2012, la vacuna Pfizer contra la COVID-19 se aprobaba para ni\u00f1os de cinco a 11 a\u00f1os de edad en dosis de apenas una tercera parte de la cantidad aplicada a adolescentes y adultos.<\/p>\n\n\n\n<p>En dicha campa\u00f1a, se vacun\u00f3 a un total de 28 millones de ni\u00f1os en ese rango de edad.<\/p>\n\n\n\n<p>El video con un minuto de duraci\u00f3n y que cuenta con el respaldo de los CDC y la Academia Estadounidense de Pediatr\u00eda \u2012AAP, por sus siglas en ingl\u00e9s\u2012, fue transmitido en ingl\u00e9s y espa\u00f1ol.<\/p>\n\n\n\n<p>El anuncio de servicio p\u00fablico \u2012PSA\u2012 en el que aparecen Elmo y su padre Louie, anima a los padres y cuidadores a informarse sobre las vacunas COVID-19 para as\u00ed autorizar las dosis necesarias a sus hijos, lo que permite protegerlos contra la enfermedad, al igual que a la comunidad que los rodea.<\/p>\n\n\n\n<p>El nuevo anuncio es el \u00faltimo de una serie protagonizados por los Muppets de Plaza S\u00e9samo, primero orientados a la vacunaci\u00f3n de los adultos y m\u00e1s recientemente a la de los ni\u00f1os a partir de 5 a\u00f1os.<\/p>\n\n\n\n<p>S\u00f3lo en 2022 se registraron casi 5.7 millones de casos infantiles de COVID-19 en todo el pa\u00eds, por lo que la vacunaci\u00f3n es un paso importante para proteger a los ni\u00f1os y a sus familias contra este virus altamente contagioso y sus variantes.<\/p>\n\n\n\n<p>Seg\u00fan la AAP, s\u00f3lo el 29 por ciento de los ni\u00f1os de 5 a 11 a\u00f1os y el 59 por ciento de los adolescentes de 12 a 17 a\u00f1os en los Estados Unidos estaban completamente vacunados a principios de junio.<\/p>\n\n\n\n<p>Una nueva investigaci\u00f3n de la organizaci\u00f3n sin fines de lucro Ad Council descubri\u00f3 que el 52 por ciento de los padres no se ha decidido firmemente a vacunar a sus hijos mayores de seis meses y menores de 5 a\u00f1os.<\/p>\n\n\n\n<p>Sin embargo, dicho an\u00e1lisis tambi\u00e9n revel\u00f3 que m\u00e1s del 50 por ciento de los padres creen que sus hijos menores de 5 a\u00f1os corren m\u00e1s riesgo de contraer una infecci\u00f3n por COVID-19 en entornos p\u00fablicos, concretamente en guarder\u00edas fuera de casa y en p\u00fablico.<\/p>\n\n\n\n<p>\u00abCon el inicio de las actividades de verano y la proximidad de la nueva temporada escolar, las vacunas ayudar\u00e1n a proteger a los ni\u00f1os en estos entornos p\u00fablicos que, seg\u00fan los padres, los hacen m\u00e1s vulnerables\u00bb, precis\u00f3 en un comunicado la organizaci\u00f3n educativa sin fines de lucro Sesame Workshop.<\/p>\n\n\n\n<p>Se considerar\u00e1 que los ni\u00f1os menores de 5 a\u00f1os est\u00e1n completamente vacunados contra el COVID-19 con dos dosis de la vacuna Moderna \u2012una cuarta parte de la dosis para adultos\u2012 con cuatro semanas de diferencia, o tres dosis de la vacuna BioNTech de Pfizer \u2012una d\u00e9cima parte de la dosis para adultos\u2012 con las dos primeras dosis administradas con tres semanas de diferencia y una tercera al menos ocho semanas despu\u00e9s de la segunda dosis.<\/p>\n\n\n\n<p>\u00abNuestro trabajo con Sesame Workshop ha sido inestimable para ayudarnos a poner en contacto a los padres y cuidadores con la informaci\u00f3n precisa que necesitan cuando deciden vacunar a sus hijos contra la COVID-19, una decisi\u00f3n importante que muchos deben tomar antes de la pr\u00f3xima temporada escolar\u00bb, dijo Lisa Sherman, presidenta y directora General del Ad Council.<\/p>\n\n\n\n<p>Adem\u00e1s del nuevo anuncio, Sesame Workshop est\u00e1 publicando recursos biling\u00fces adicionales para padres, cuidadores y proveedores, con el fin de responder a las preguntas m\u00e1s comunes de forma adecuada a la edad y proporcionar estrategias para ayudar a los ni\u00f1os a prepararse para la vacunaci\u00f3n.<\/p>\n\n\n\n<p>\u00abCon la ayuda de Elmo y su pap\u00e1 Louie, queremos modelar conversaciones reales, fomentar las preguntas de los padres y ayudar a los ni\u00f1os a saber qu\u00e9 esperar\u00bb, dijo la doctora Jeanette Betancourt, vicepresidenta senior de Impacto Social en Estados Unidos de Sesame Workshop.<\/p>\n\n\n\n<p>En diciembre, Big Bird, de 6 a\u00f1os, y su Granny Bird aparecieron en un v\u00eddeo para padres y cuidadores de ni\u00f1os de 5 a 12 a\u00f1os, mismos que tambi\u00e9n recibieron la vacuna, al igual que Rosita.<\/p>\n\n\n\n<p>Cabe destacar que los CDC aconsejan la vacunaci\u00f3n incluso para aquellos que ya han tenido COVID-19 para protegerse de la reinfecci\u00f3n, adem\u00e1s de que han se\u00f1alado que est\u00e1 bien recibir otras vacunas al mismo tiempo.<\/p>\n\n\n\n<p><em>Te puede interesar: <a href=\"https:\/\/peninsula360press.com\/es_mx\/vacuna-covid-19-en-menores-de-5-anos\/\">Vacunaci\u00f3n contra COVID-19 en ni\u00f1os menores de 5 a\u00f1os, reforzar\u00e1 protecci\u00f3n en toda la comunidad<\/a><\/em><\/p>\n","protected":false},"excerpt":{"rendered":"<p>El peque\u00f1o Elmo, uno de los personajes m\u00e1s entra\u00f1ables de Plaza S\u00e9samo, recibi\u00f3 muy alegre su primera dosis de la vacuna contra COVID-19 este lunes luego de que, semanas atr\u00e1s, esta fuera autorizada por los Centros para el Control y la Prevenci\u00f3n de Enfermedades de EE. UU. \u2012CDC, por sus siglas en ingl\u00e9s\u2012 para ni\u00f1os [&hellip;]<\/p>\n","protected":false},"author":4,"featured_media":11245,"comment_status":"open","ping_status":"open","sticky":false,"template":"","format":"standard","meta":{"footnotes":""},"categories":[14,170],"tags":[],"class_list":{"0":"post-11244","1":"post","2":"type-post","3":"status-publish","4":"format-standard","5":"has-post-thumbnail","7":"category-cover","8":"category-covid19"},"_links":{"self":[{"href":"https:\/\/peninsula360press.com\/es_mx\/wp-json\/wp\/v2\/posts\/11244","targetHints":{"allow":["GET"]}}],"collection":[{"href":"https:\/\/peninsula360press.com\/es_mx\/wp-json\/wp\/v2\/posts"}],"about":[{"href":"https:\/\/peninsula360press.com\/es_mx\/wp-json\/wp\/v2\/types\/post"}],"author":[{"embeddable":true,"href":"https:\/\/peninsula360press.com\/es_mx\/wp-json\/wp\/v2\/users\/4"}],"replies":[{"embeddable":true,"href":"https:\/\/peninsula360press.com\/es_mx\/wp-json\/wp\/v2\/comments?post=11244"}],"version-history":[{"count":4,"href":"https:\/\/peninsula360press.com\/es_mx\/wp-json\/wp\/v2\/posts\/11244\/revisions"}],"predecessor-version":[{"id":11263,"href":"https:\/\/peninsula360press.com\/es_mx\/wp-json\/wp\/v2\/posts\/11244\/revisions\/11263"}],"wp:featuredmedia":[{"embeddable":true,"href":"https:\/\/peninsula360press.com\/es_mx\/wp-json\/wp\/v2\/media\/11245"}],"wp:attachment":[{"href":"https:\/\/peninsula360press.com\/es_mx\/wp-json\/wp\/v2\/media?parent=11244"}],"wp:term":[{"taxonomy":"category","embeddable":true,"href":"https:\/\/peninsula360press.com\/es_mx\/wp-json\/wp\/v2\/categories?post=11244"},{"taxonomy":"post_tag","embeddable":true,"href":"https:\/\/peninsula360press.com\/es_mx\/wp-json\/wp\/v2\/tags?post=11244"}],"curies":[{"name":"wp","href":"https:\/\/api.w.org\/{rel}","templated":true}]}}