{"id":11403,"date":"2022-07-05T21:51:52","date_gmt":"2022-07-06T04:51:52","guid":{"rendered":"https:\/\/peninsula360press.com\/?p=11403"},"modified":"2022-07-05T21:56:14","modified_gmt":"2022-07-06T04:56:14","slug":"vacunacion-contra-covid-19-en-menores","status":"publish","type":"post","link":"https:\/\/peninsula360press.com\/es_mx\/vacunacion-contra-covid-19-en-menores\/","title":{"rendered":"Miedos infundados limitan vacunaci\u00f3n contra COVID-19 en menores de zonas rurales de California"},"content":{"rendered":"\n<figure class=\"wp-block-audio\"><audio controls src=\"https:\/\/peninsula360press.com\/wp-content\/uploads\/2022\/07\/1Miedos-infundados.mp3\"><\/audio><figcaption><sub>Escucha la nota de voz de Constanza Mazzotti<\/sub><\/figcaption><\/figure>\n\n\n\n<p>Han pasado m\u00e1s de dos a\u00f1os desde que la pandemia por el virus SARS-CoV-2 inici\u00f3 en EE.UU., mismo que se ha detectado en casi 5.7 millones de ni\u00f1os infectados por todo el pa\u00eds. El \u00abestado dorado\u00bb no es la excepci\u00f3n, sobre todo cuando m<span id=\"docs-internal-guid-eae0446b-7fff-7655-6408-3ea3093895a3\" style=\"font-weight:normal;\"><span style=\"font-size: 11pt; font-family: Arial; background-color: transparent; font-variant-numeric: normal; font-variant-east-asian: normal; vertical-align: baseline;\">iedos infundados limitan vacunaci\u00f3n contra COVID-19 en menores<\/span><\/span> de edad de zonas rurales de California.&nbsp;<\/p>\n\n\n\n<p>Actualmente, las vacunas se han vuelto la herramienta m\u00e1s eficaz para luchar contra la enfermedad, prevenir casos graves, hospitalizaciones y la muerte. Tanto la vacuna de Pfizer-BioNTech como la de Moderna, est\u00e1n disponibles para personas mayores a seis meses de edad y han sido calificadas como totalmente seguras por las autoridades sanitarias del pa\u00eds.<\/p>\n\n\n\n<p>Pese a ello y a que California es uno de los estados que m\u00e1s r\u00e1pido ha puesto a disposici\u00f3n, para todos aquellos mayores de seis meses, las vacunas que protegen contra el virus SARS-CoV-2, tambi\u00e9n es donde prevalecen miedos infundados que limitan la seguridad de los m\u00e1s vulnerables en el hogar.<\/p>\n\n\n\n<p>Teor\u00edas de conspiraci\u00f3n como la intenci\u00f3n de desaparecer a las personas, incapacidad para conectarse espiritualmente y fallos en el coraz\u00f3n o los pulmones, circulan en todo el mundo a trav\u00e9s de redes sociales, aplicaciones de mensajer\u00eda y plataformas de streaming, entre otros medios, desde la creaci\u00f3n de la vacuna.&nbsp;<\/p>\n\n\n\n<p>De acuerdo con la Organizaci\u00f3n Mundial de la Salud (OMS), las vacunas salvan entre 2 y 3 millones de vidas infantiles cada a\u00f1o. A pesar de esto, el miedo de algunos padres de familia de que sus hijos reciban la inoculaci\u00f3n contin\u00faa debido a los mitos que circulan entre las comunidades.<\/p>\n\n\n\n<h2 class=\"wp-block-heading\"><strong>Estas son algunas de sus historias y miedos<\/strong><\/h2>\n\n\n\n<p>Es mediod\u00eda del domingo 15 de mayo de 2022. Una alegre familia originaria de Oaxaca, M\u00e9xico, se sienta junta en el parque Rohner Park para festejar el cumplea\u00f1os n\u00famero cinco de una de sus integrantes m\u00e1s j\u00f3venes. Despreocupados, celebran con el platillo de pozole Oaxaque\u00f1o que ofrecen con orgullo a quien se les acerque.<\/p>\n\n\n\n<figure class=\"wp-block-image size-large is-resized\"><img fetchpriority=\"high\" decoding=\"async\" src=\"https:\/\/peninsula360press.com\/wp-content\/uploads\/2022\/07\/mitos-vacuna-ninos-1024x682.png\" alt=\"Miedos infundados limitan vacunaci\u00f3n contra COVID-19 en menores\" class=\"wp-image-11405\" width=\"696\" height=\"463\" srcset=\"https:\/\/peninsula360press.com\/wp-content\/uploads\/2022\/07\/mitos-vacuna-ninos-1024x682.png 1024w, https:\/\/peninsula360press.com\/wp-content\/uploads\/2022\/07\/mitos-vacuna-ninos-300x200.png 300w, https:\/\/peninsula360press.com\/wp-content\/uploads\/2022\/07\/mitos-vacuna-ninos-768x512.png 768w, https:\/\/peninsula360press.com\/wp-content\/uploads\/2022\/07\/mitos-vacuna-ninos-18x12.png 18w, https:\/\/peninsula360press.com\/wp-content\/uploads\/2022\/07\/mitos-vacuna-ninos-150x100.png 150w, https:\/\/peninsula360press.com\/wp-content\/uploads\/2022\/07\/mitos-vacuna-ninos-696x464.png 696w, https:\/\/peninsula360press.com\/wp-content\/uploads\/2022\/07\/mitos-vacuna-ninos-1068x711.png 1068w\" sizes=\"(max-width: 696px) 100vw, 696px\" \/><figcaption>Foto: Manuel Ortiz P360P<\/figcaption><\/figure>\n\n\n\n<p>Globos azules con naranja y decoraciones de la pel\u00edcula infantil animada \u00abEncanto\u00bb adornan los \u00e1rboles junto a la mesa de la familia de campesinos oaxaque\u00f1os que cuentan a P360P que la COVID-19 simplemente no existe.<\/p>\n\n\n\n<p>\u00abEs mi mentalidad contra el mundo entero, pero pues yo la verdad hasta cierto punto siento que todo esto [del COVID-19] es una falsedad\u00bb, nos dice una integrante de la familia y habitante del condado de Fortuna, locaci\u00f3n al norte del \u00c1rea de la Bah\u00eda en California.<\/p>\n\n\n\n<p>De esta familia, solamente un integrante ha recibido la inoculaci\u00f3n, pero la madre y sus hijos se niegan a hacerlo.<\/p>\n\n\n\n<figure class=\"wp-block-image size-large is-resized\"><img decoding=\"async\" src=\"https:\/\/peninsula360press.com\/wp-content\/uploads\/2022\/07\/Mitos-vacuna-COVID-ninos-1024x683.jpeg\" alt=\"\" class=\"wp-image-11404\" width=\"696\" height=\"464\" srcset=\"https:\/\/peninsula360press.com\/wp-content\/uploads\/2022\/07\/Mitos-vacuna-COVID-ninos-1024x683.jpeg 1024w, https:\/\/peninsula360press.com\/wp-content\/uploads\/2022\/07\/Mitos-vacuna-COVID-ninos-300x200.jpeg 300w, https:\/\/peninsula360press.com\/wp-content\/uploads\/2022\/07\/Mitos-vacuna-COVID-ninos-768x512.jpeg 768w, https:\/\/peninsula360press.com\/wp-content\/uploads\/2022\/07\/Mitos-vacuna-COVID-ninos-18x12.jpeg 18w, https:\/\/peninsula360press.com\/wp-content\/uploads\/2022\/07\/Mitos-vacuna-COVID-ninos-150x100.jpeg 150w, https:\/\/peninsula360press.com\/wp-content\/uploads\/2022\/07\/Mitos-vacuna-COVID-ninos-696x464.jpeg 696w, https:\/\/peninsula360press.com\/wp-content\/uploads\/2022\/07\/Mitos-vacuna-COVID-ninos-1068x713.jpeg 1068w\" sizes=\"(max-width: 696px) 100vw, 696px\" \/><figcaption>Foto: Manuel Ortiz P360P<\/figcaption><\/figure>\n\n\n\n<p>Una de las principales razones para no vacunarse,&nbsp; seg\u00fan habitantes de Fortuna, es que pese a la inoculaci\u00f3n, de todas formas corren el riesgo de enfermarse.&nbsp;<\/p>\n\n\n\n<p>A dicho razonamiento, se suman otros mitos en torno a los efectos secundarios que la vacuna contra COVID-19 puede provocar, tal es el caso de <a href=\"https:\/\/espanol.cdc.gov\/coronavirus\/2019-ncov\/vaccines\/planning-for-pregnancy.html\" target=\"_blank\" rel=\"noreferrer noopener\">infertilidad<\/a> e infecci\u00f3n al coraz\u00f3n y pulmones. Sin embargo, los <a href=\"https:\/\/espanol.cdc.gov\/coronavirus\/2019-ncov\/vaccines\/facts.html\" target=\"_blank\" rel=\"noreferrer noopener\">Centros para el Control y Prevenci\u00f3n de Enfermedades<\/a> (CDC, por sus siglas en ingl\u00e9s) han se\u00f1alado que eso es falso.<\/p>\n\n\n\n<p>Los j\u00f3venes de la familia, que se informan a trav\u00e9s del internet y por medio de sus compa\u00f1eros de la escuela, se niegan a recibir la vacuna, decisi\u00f3n apoyada por sus padres quienes creen que sus hijos est\u00e1n informados, ya que hablan ingl\u00e9s y tienen acceso a distintas herramientas de comunicaci\u00f3n a las cuales ellos no.&nbsp;<\/p>\n\n\n\n<p>\u00abLo que ellos (nuestros hijos) nos comentan, es que han escuchado que debido a la vacuna \u201cno van a poder tener hijos\u201d o que se pueden enfermar del coraz\u00f3n, y que pueden morir cierto tiempo despu\u00e9s de que se la ponen\u00bb, se\u00f1ala esta madre oaxaque\u00f1a.<\/p>\n\n\n\n<p class=\"has-text-align-center\"><mark style=\"background-color:rgba(0, 0, 0, 0)\" class=\"has-inline-color has-vivid-red-color\"><strong>Los tres mitos m\u00e1s escuchados <\/strong><br><strong>en comunidades rurales de California son:<\/strong><br><strong>1. Infecci\u00f3n al coraz\u00f3n<br>2. Infecci\u00f3n a pulmones<br>3. Infertilidad<\/strong><\/mark><\/p>\n\n\n\n<p>Las creencias religiosas y espirituales tambi\u00e9n son parte de los factores que influyen en la mentalidad de los habitantes para aceptar o no la inoculaci\u00f3n.&nbsp;<\/p>\n\n\n\n<p>\u00abPuede bloquear su capacidad para conectarse con esp\u00edritus para meditar. Escuch\u00e9 que tambi\u00e9n afectar\u00e1 la capacidad de una persona para poder conectarse espiritualmente\u00bb, son algunas de las creencias que se escuchan por parte de la comunidad.<\/p>\n\n\n\n<p>Seg\u00fan la Academia Estadounidense de Pediatr\u00eda \u2012AAP, por sus siglas en ingl\u00e9s\u2012, s\u00f3lo el 29 por ciento de los ni\u00f1os de 5 a 11 a\u00f1os y el 59 por ciento de los adolescentes de 12 a 17 a\u00f1os en el pa\u00eds, estaban completamente vacunados a principios de junio, lo que permite que la enfermedad avance y afecte a los m\u00e1s vulnerables del hogar.<\/p>\n\n\n\n<p>Cabe destacar que los CDC tambi\u00e9n han informado que son poco frecuentes los casos de miocarditis y pericarditis despu\u00e9s de recibir la vacuna contra COVID-19 y que los pacientes con estas condiciones y que recibieron la vacuna respondieron de manera satisfactoria despu\u00e9s de la medicaci\u00f3n y reposo.<\/p>\n\n\n\n<p>Por otra parte, el miedo provocado por la creencia de que la vacuna contra el virus SARS-CoV-2 provoca la muerte, se ha acrecentado debido a redes sociales como Facebook, pues es una de las plataformas consentidas de donde las familias obtienen informaci\u00f3n.&nbsp;<\/p>\n\n\n\n<p>No obstante, los CDC han puntualizado que los informes de muerte despu\u00e9s de la vacunaci\u00f3n son poco frecuentes y que los informes de las reacciones adversas no significan necesariamente que la vacuna haya causado un problema de salud.&nbsp;<\/p>\n\n\n\n<h2 class=\"wp-block-heading\"><strong>Educar para vivir<\/strong><\/h2>\n\n\n\n<p>A partir de febrero, el mandato de utilizar mascarillas en exteriores fue suspendido debido a la disminuci\u00f3n de contagios en EE.UU., mucho de ello, gracias a las vacunas.<\/p>\n\n\n\n<p>A dicho levantamiento, se sumaron escuelas de todo el pa\u00eds.<\/p>\n\n\n\n<p>Para una maestra del condado de Fortuna, el educar sobre la importancia de la vacunaci\u00f3n para proteger la vida, no ha sido f\u00e1cil, pese a que la escuela en la que labora decidi\u00f3 continuar con el mandato del uso de cubrebocas, con el fin de proteger a sus estudiantes, profesores y trabajadores.<\/p>\n\n\n\n<p>La decisi\u00f3n de la escuela por mantener el uso de mascarillas no afectaba a los estudiantes. Sin embargo, diversas quejas por parte de padres de familia orillaron a la escuela a quitar dicha regla.<\/p>\n\n\n\n<p>Esta maestra cont\u00f3 a P360P que uno de sus estudiantes ten\u00eda s\u00edntomas por COVID-19 por lo que le pidi\u00f3 que usara su cubrebocas dici\u00e9ndole: \u00abbueno, sabes que es porque nos preocuparnos por las personas que est\u00e1n a tu lado, porque no quieres que se enfermen como t\u00fa\u00bb, lo que provoc\u00f3 que la madre del menor se quejara en las oficinas del director. D\u00edas despu\u00e9s del suceso, los estudiantes que estuvieron cerca de \u00e9l, comenzaron a presentar s\u00edntomas.<\/p>\n\n\n\n<p>Desde su percepci\u00f3n, la maestra precis\u00f3 que las comunidades de color son m\u00e1s renunentes en cuanto a la vacunaci\u00f3n y el uso de cubrebocas, pues se\u00f1ala \u00abhay una gran desconfianza hacia los servicios m\u00e9dicos y el gobierno por agresiones pasadas. Nuestro gobierno tiene en su historial haber lastimado a esas poblaciones\u00bb.<\/p>\n\n\n\n<p>Los CDC recomiendan que todas las personas a partir de los 6 meses de edad se vacunen contra el COVID-19 y que todas las personas de 5 a\u00f1os de edad o m\u00e1s reciban las dosis de refuerzo, cuando sean elegibles.&nbsp;<\/p>\n\n\n\n<p>Si usted o alguien de su familia tiene dudas sobre la vacuna, acuda a su pediatra o m\u00e9dico de confianza para que \u00e9l pueda resolverlas. Adem\u00e1s existe informaci\u00f3n en diversos idiomas por parte de los<a href=\"https:\/\/espanol.cdc.gov\/coronavirus\/2019-ncov\/vaccines\/recommendations\/children-teens.html#:~:text=Acerca%20de%20la%20vacunaci%C3%B3n%20para,de%20refuerzo%2C%20cuando%20sean%20elegibles.\" target=\"_blank\" rel=\"noreferrer noopener\"> CDC que pueden ayudarle<\/a>.<\/p>\n\n\n\n<p><em>Te puede interesar: <a href=\"https:\/\/peninsula360press.com\/es_mx\/chips-o-infertilidad-mitos-de-vacuna-covid\/\">Chips o infertilidad, mitos de vacuna COVID-19 a\u00fan vigentes entre comunidad latina de Redwood City<\/a><\/em><\/p>\n","protected":false},"excerpt":{"rendered":"<p>Han pasado m\u00e1s de dos a\u00f1os desde que la pandemia por el virus SARS-CoV-2 inici\u00f3 en EE.UU., mismo que se ha detectado en casi 5.7 millones de ni\u00f1os infectados por todo el pa\u00eds. El \u00abestado dorado\u00bb no es la excepci\u00f3n, sobre todo cuando miedos infundados limitan vacunaci\u00f3n contra COVID-19 en menores de edad de zonas [&hellip;]<\/p>\n","protected":false},"author":4,"featured_media":11405,"comment_status":"open","ping_status":"open","sticky":false,"template":"","format":"standard","meta":{"footnotes":""},"categories":[9,14,170],"tags":[],"class_list":{"0":"post-11403","1":"post","2":"type-post","3":"status-publish","4":"format-standard","5":"has-post-thumbnail","7":"category-community","8":"category-cover","9":"category-covid19"},"_links":{"self":[{"href":"https:\/\/peninsula360press.com\/es_mx\/wp-json\/wp\/v2\/posts\/11403","targetHints":{"allow":["GET"]}}],"collection":[{"href":"https:\/\/peninsula360press.com\/es_mx\/wp-json\/wp\/v2\/posts"}],"about":[{"href":"https:\/\/peninsula360press.com\/es_mx\/wp-json\/wp\/v2\/types\/post"}],"author":[{"embeddable":true,"href":"https:\/\/peninsula360press.com\/es_mx\/wp-json\/wp\/v2\/users\/4"}],"replies":[{"embeddable":true,"href":"https:\/\/peninsula360press.com\/es_mx\/wp-json\/wp\/v2\/comments?post=11403"}],"version-history":[{"count":4,"href":"https:\/\/peninsula360press.com\/es_mx\/wp-json\/wp\/v2\/posts\/11403\/revisions"}],"predecessor-version":[{"id":11411,"href":"https:\/\/peninsula360press.com\/es_mx\/wp-json\/wp\/v2\/posts\/11403\/revisions\/11411"}],"wp:featuredmedia":[{"embeddable":true,"href":"https:\/\/peninsula360press.com\/es_mx\/wp-json\/wp\/v2\/media\/11405"}],"wp:attachment":[{"href":"https:\/\/peninsula360press.com\/es_mx\/wp-json\/wp\/v2\/media?parent=11403"}],"wp:term":[{"taxonomy":"category","embeddable":true,"href":"https:\/\/peninsula360press.com\/es_mx\/wp-json\/wp\/v2\/categories?post=11403"},{"taxonomy":"post_tag","embeddable":true,"href":"https:\/\/peninsula360press.com\/es_mx\/wp-json\/wp\/v2\/tags?post=11403"}],"curies":[{"name":"wp","href":"https:\/\/api.w.org\/{rel}","templated":true}]}}