{"id":11903,"date":"2022-07-30T16:08:09","date_gmt":"2022-07-30T23:08:09","guid":{"rendered":"https:\/\/peninsula360press.com\/?p=11903"},"modified":"2022-07-30T16:08:11","modified_gmt":"2022-07-30T23:08:11","slug":"noticias-locales-del-23-al-29-de-julio","status":"publish","type":"post","link":"https:\/\/peninsula360press.com\/es_mx\/noticias-locales-del-23-al-29-de-julio\/","title":{"rendered":"Resumen semanal de noticias locales del 23 al 29 de julio de 2022"},"content":{"rendered":"\n<figure class=\"wp-block-image size-large\"><img fetchpriority=\"high\" decoding=\"async\" width=\"1024\" height=\"768\" src=\"https:\/\/peninsula360press.com\/wp-content\/uploads\/2022\/07\/San-Francisco-vista-Aerea-Manuel-Ortiz-1024x768.jpg\" alt=\"noticias locales del 23 al 29 de julio\" class=\"wp-image-11714\" srcset=\"https:\/\/peninsula360press.com\/wp-content\/uploads\/2022\/07\/San-Francisco-vista-Aerea-Manuel-Ortiz-1024x768.jpg 1024w, https:\/\/peninsula360press.com\/wp-content\/uploads\/2022\/07\/San-Francisco-vista-Aerea-Manuel-Ortiz-300x225.jpg 300w, https:\/\/peninsula360press.com\/wp-content\/uploads\/2022\/07\/San-Francisco-vista-Aerea-Manuel-Ortiz-768x576.jpg 768w, https:\/\/peninsula360press.com\/wp-content\/uploads\/2022\/07\/San-Francisco-vista-Aerea-Manuel-Ortiz-16x12.jpg 16w, https:\/\/peninsula360press.com\/wp-content\/uploads\/2022\/07\/San-Francisco-vista-Aerea-Manuel-Ortiz-150x113.jpg 150w, https:\/\/peninsula360press.com\/wp-content\/uploads\/2022\/07\/San-Francisco-vista-Aerea-Manuel-Ortiz-696x522.jpg 696w, https:\/\/peninsula360press.com\/wp-content\/uploads\/2022\/07\/San-Francisco-vista-Aerea-Manuel-Ortiz-1068x801.jpg 1068w\" sizes=\"(max-width: 1024px) 100vw, 1024px\" \/><\/figure>\n\n\n\n<figure class=\"wp-block-audio\"><audio controls src=\"https:\/\/peninsula360press.com\/wp-content\/uploads\/2022\/07\/RESUMEN-SEMANAL-30-DE-JULIO-1.mp3\"><\/audio><figcaption><sub><sup>Escucha la nota de voz de Constanza Mazzotti<\/sup><\/sub><\/figcaption><\/figure>\n\n\n\n<p>La segunda mitad del a\u00f1o ha arrancado con fuerza en materia informativa y estas son las noticias locales del 23 al 29 de julio que debes conocer para estar al d\u00eda.&nbsp;<\/p>\n\n\n\n<p>\u2012 0 \u2012<\/p>\n\n\n\n<p>La alcaldesa de Redwood City,<a href=\"https:\/\/twitter.com\/gisellemarie\" target=\"_blank\" rel=\"noreferrer noopener\"> Giselle Hale<\/a> abandon\u00f3 su campa\u00f1a rumbo a la Asamblea de California debido a ataques pol\u00edticos en su contra, mismos que han afectado la salud mental y felicidad de su familia.&nbsp;<\/p>\n\n\n\n<p>A trav\u00e9s de su cuenta de Twitter, la alcaldesa detall\u00f3 que la \u00abdif\u00edcil\u00bb decisi\u00f3n fue tomada durante unas vacaciones \u00abmuy necesarias\u00bb, y \u00abdurante ese tiempo libre, vi cu\u00e1n profundamente impact\u00f3 esta carrera en la salud mental y la felicidad de mi esposo y nuestras dos hijas\u00bb.<\/p>\n\n\n\n<p>\u2012 0 \u2012<\/p>\n\n\n\n<p>Google suma ya 128 millones de d\u00f3lares en apoyo a proyectos de viviendas en el \u00c1rea de la Bah\u00eda, ello luego de que hace tres a\u00f1os la gigante tecnol\u00f3gica anunciar\u00e1 un fondo de inversi\u00f3n por 250 millones de d\u00f3lares para beneficiar a 18 organizaciones en esta parte del estado.&nbsp;<\/p>\n\n\n\n<p>Estos 128 millones de d\u00f3lares que representan poco m\u00e1s de la mitad pactada, han apoyado, hasta el momento, el desarrollo de 23 proyectos de viviendas asequibles.<\/p>\n\n\n\n<p>Cabe resaltar que lo 250 millones de d\u00f3lares permitir\u00e1n construir, al menos, 5 mil viviendas accesibles, y forman parte de un compromiso por mil millones de d\u00f3lares para este tipo de casas, mismos que ser\u00e1n repartidos en diversos proyectos.<\/p>\n\n\n\n<p>\u2012 0 \u2012<\/p>\n\n\n\n<p>Redwood City se suma a \u00abConstruir una comunidad a trav\u00e9s de las artes\u00bb, tema a trav\u00e9s del cual la Oficina de Artes y Cultura del Condado de San Mateo y la Comisi\u00f3n de Artes presentar\u00e1n la primera Celebraci\u00f3n de las Artes y la Cultura en todo el condado durante todo el mes de agosto.<\/p>\n\n\n\n<p>El tema, \u00abConstruir una comunidad a trav\u00e9s de las artes\u00bb, se centra en resaltar los emocionantes y diversos programas, actividades y eventos que se llevan a cabo en todo el condado.<\/p>\n\n\n\n<p>La celebraci\u00f3n de un mes culminar\u00e1 el s\u00e1bado 27 de agosto, desde el mediod\u00eda hasta las 15:00 horas.<\/p>\n\n\n\n<p>\u2012 0 \u2012<\/p>\n\n\n\n<p>La Comisi\u00f3n de Veteranos del Condado de San Mateo busca nominaciones para tres premios que reconocen las contribuciones sobresalientes de y para aquellos que han servido en las fuerzas armadas de EE. UU.<\/p>\n\n\n\n<p>Dichas nominaciones, deber\u00e1n presentarse a m\u00e1s tardar el 22 de agosto, por lo que a\u00fan hay tiempo de suscribir a aquellos que han sido parte del cuerpo del ej\u00e9rcito o marina del pa\u00eds y que han contribuido con acciones meritorias de ser reconocidas.<\/p>\n\n\n\n<p>\u2012 0 \u2012<\/p>\n\n\n\n<p>La alcaldesa de Redwood City, Gisselle Hale, proclam\u00f3 el 12 de agosto de 2022 como D\u00eda de la Juventud en la ciudad, como un esfuerzo para celebrar a este grupo de la poblaci\u00f3n y empoderarlo para que realicen contribuciones positivas a sus comunidades y naciones.<\/p>\n\n\n\n<p>Y es que, dijo, \u00abuna de las principales prioridades estrat\u00e9gicas de Redwood City son los ni\u00f1os y los j\u00f3venes para crear oportunidades para que nuestra poblaci\u00f3n joven crezca, aprenda y juegue en entornos saludables y seguros\u00bb.<\/p>\n\n\n\n<p>\u2012 0 \u2012<\/p>\n\n\n\n<p>Corredores recorrieron las calles empinadas de San Francisco en el 45\u00b0 Marat\u00f3n de San Francisco del domingo, que seg\u00fan los organizadores fue m\u00e1s grande, m\u00e1s inclusivo y m\u00e1s accesible que nunca.&nbsp;&nbsp;<\/p>\n\n\n\n<p>La carrera, desde Embarcadero en San Francisco hasta Sausalito y viceversa, fue el primer marat\u00f3n en California en tener una divisi\u00f3n separada \u00abNo binaria +\u00bb designada para participantes no binarios, bi-g\u00e9nero, ag\u00e9nero, de dos esp\u00edritus y de g\u00e9nero fluido, as\u00ed como las divisiones tradicionales masculinas y femeninas.<\/p>\n\n\n\n<p>El fin de semana de carreras tambi\u00e9n cont\u00f3 con un programa para participantes con discapacidades.&nbsp;&nbsp;<\/p>\n\n\n\n<p>\u2012 0 \u2012<\/p>\n\n\n\n<p>La alcaldesa London Breed, inform\u00f3 que de acuerdo con el Departamento de Salud P\u00fablica de San Francisco, el gobierno de la ciudad ha declarado estado de emergencia por viruela s\u00edmica, la cual entrar\u00e1 en vigencia a partir del lunes 1 de agosto, lo que permitir\u00e1 prepararse y dedicar recursos para evitar la propagaci\u00f3n.<\/p>\n\n\n\n<p>Hasta este jueves, hab\u00eda 261 casos diagnosticados de viruela s\u00edmica en San Francisco, cifra que la coloca como uno de los epicentros de la enfermedad en el pa\u00eds, pues registra m\u00e1s casos que la mayor\u00eda de los estados.<\/p>\n\n\n\n<p>Si bien este virus afecta a todos por igual, en este momento existe un mayor riesgo de exposici\u00f3n en la comunidad LGBTQ+, que representa casi el 90 por ciento de los casos en San Francisco.&nbsp;<\/p>\n\n\n\n<p>A su vez, la comunidad latina representa el 30 por ciento de los casos, a pesar de que sean solo el 15 por ciento de la poblaci\u00f3n de la ciudad.<\/p>\n\n\n\n<p>\u2012 0 \u2012<\/p>\n\n\n\n<p><em>Te puede interesar: <a href=\"https:\/\/peninsula360press.com\/es_mx\/amenaza-para-los-trabajadores-agricolas\/\">Calor, principal amenaza para los trabajadores agr\u00edcolas: especialistas de Stanford<\/a><\/em><\/p>\n","protected":false},"excerpt":{"rendered":"<p>La segunda mitad del a\u00f1o ha arrancado con fuerza en materia informativa y estas son las noticias locales del 23 al 29 de julio que debes conocer para estar al d\u00eda.&nbsp; \u2012 0 \u2012 La alcaldesa de Redwood City, Giselle Hale abandon\u00f3 su campa\u00f1a rumbo a la Asamblea de California debido a ataques pol\u00edticos en [&hellip;]<\/p>\n","protected":false},"author":4,"featured_media":11714,"comment_status":"open","ping_status":"open","sticky":false,"template":"","format":"standard","meta":{"footnotes":""},"categories":[9,14],"tags":[],"class_list":{"0":"post-11903","1":"post","2":"type-post","3":"status-publish","4":"format-standard","5":"has-post-thumbnail","7":"category-community","8":"category-cover"},"_links":{"self":[{"href":"https:\/\/peninsula360press.com\/es_mx\/wp-json\/wp\/v2\/posts\/11903","targetHints":{"allow":["GET"]}}],"collection":[{"href":"https:\/\/peninsula360press.com\/es_mx\/wp-json\/wp\/v2\/posts"}],"about":[{"href":"https:\/\/peninsula360press.com\/es_mx\/wp-json\/wp\/v2\/types\/post"}],"author":[{"embeddable":true,"href":"https:\/\/peninsula360press.com\/es_mx\/wp-json\/wp\/v2\/users\/4"}],"replies":[{"embeddable":true,"href":"https:\/\/peninsula360press.com\/es_mx\/wp-json\/wp\/v2\/comments?post=11903"}],"version-history":[{"count":3,"href":"https:\/\/peninsula360press.com\/es_mx\/wp-json\/wp\/v2\/posts\/11903\/revisions"}],"predecessor-version":[{"id":12091,"href":"https:\/\/peninsula360press.com\/es_mx\/wp-json\/wp\/v2\/posts\/11903\/revisions\/12091"}],"wp:featuredmedia":[{"embeddable":true,"href":"https:\/\/peninsula360press.com\/es_mx\/wp-json\/wp\/v2\/media\/11714"}],"wp:attachment":[{"href":"https:\/\/peninsula360press.com\/es_mx\/wp-json\/wp\/v2\/media?parent=11903"}],"wp:term":[{"taxonomy":"category","embeddable":true,"href":"https:\/\/peninsula360press.com\/es_mx\/wp-json\/wp\/v2\/categories?post=11903"},{"taxonomy":"post_tag","embeddable":true,"href":"https:\/\/peninsula360press.com\/es_mx\/wp-json\/wp\/v2\/tags?post=11903"}],"curies":[{"name":"wp","href":"https:\/\/api.w.org\/{rel}","templated":true}]}}