{"id":12456,"date":"2022-08-22T13:35:13","date_gmt":"2022-08-22T20:35:13","guid":{"rendered":"https:\/\/peninsula360press.com\/?p=12456"},"modified":"2022-08-22T13:35:17","modified_gmt":"2022-08-22T20:35:17","slug":"ataques-de-odio-contra-la-comunidad-aapi-2","status":"publish","type":"post","link":"https:\/\/peninsula360press.com\/es_mx\/ataques-de-odio-contra-la-comunidad-aapi-2\/","title":{"rendered":"Ataques de odio contra la comunidad AAPI van al alza en Estados Unidos"},"content":{"rendered":"\n<figure class=\"wp-block-image size-large is-resized\"><img fetchpriority=\"high\" decoding=\"async\" src=\"https:\/\/peninsula360press.com\/wp-content\/uploads\/2022\/08\/AAPI-MOE-1024x684.jpg\" alt=\"Ataques de odio contra la comunidad AAPI \" class=\"wp-image-12457\" width=\"696\" height=\"464\" srcset=\"https:\/\/peninsula360press.com\/wp-content\/uploads\/2022\/08\/AAPI-MOE-1024x684.jpg 1024w, https:\/\/peninsula360press.com\/wp-content\/uploads\/2022\/08\/AAPI-MOE-300x200.jpg 300w, https:\/\/peninsula360press.com\/wp-content\/uploads\/2022\/08\/AAPI-MOE-768x513.jpg 768w, https:\/\/peninsula360press.com\/wp-content\/uploads\/2022\/08\/AAPI-MOE-18x12.jpg 18w, https:\/\/peninsula360press.com\/wp-content\/uploads\/2022\/08\/AAPI-MOE-150x100.jpg 150w, https:\/\/peninsula360press.com\/wp-content\/uploads\/2022\/08\/AAPI-MOE-696x465.jpg 696w, https:\/\/peninsula360press.com\/wp-content\/uploads\/2022\/08\/AAPI-MOE-1068x713.jpg 1068w\" sizes=\"(max-width: 696px) 100vw, 696px\" \/><figcaption>Foto: Manuel Ortiz P360P<\/figcaption><\/figure>\n\n\n\n<p>Las expresiones de odio en el pa\u00eds se hacen cada vez m\u00e1s evidentes. Ataques de odio contra la comunidad AAPI \u2012Asi\u00e1tico-Americana y de las Islas del Pac\u00edfico\u2012 van al alza en Estados Unidos. La iniciativa Stop AAPI Hate registr\u00f3 m\u00e1s de 11 mil incidentes de odio hacia estas comunidades.<\/p>\n\n\n\n<p>Los cr\u00edmenes de odio, dijo Becky L. Monroe, directora adjunta de Iniciativas Estrat\u00e9gicas y Asuntos Exteriores, en una rueda de prensa organizada por <a href=\"https:\/\/ethnicmediaservices.org\/\" target=\"_blank\" rel=\"noreferrer noopener\">Ethnic Media Services<\/a>, son considerados por el Departamento de Derechos Civiles de California \u2013CRD, por sus siglas en ingl\u00e9s\u2013 como \u00abun acto criminal cometido a causa de discapacidad, g\u00e9nero, nacionalidad, raza o etnia, religi\u00f3n, orientaci\u00f3n sexual o por la asociaci\u00f3n de una persona con otra o un grupo de personas\u00bb.<\/p>\n\n\n\n<p>Adem\u00e1s, se\u00f1al\u00f3 que el CRD considera \u00abuna expresi\u00f3n o acci\u00f3n que puede estar motivada por la raza, color, discapacidad, religi\u00f3n, origen y orientaci\u00f3n sexual o g\u00e9nero y que pueden o no violar la ley\u00bb como un incidente de odio.<\/p>\n\n\n\n<p>Seg\u00fan datos federales del informe anual de la Ley de Estad\u00edsticas de Delitos de Odio del Bur\u00f3 Federal de Investigaciones \u2013FBI, por sus siglas en ingl\u00e9s\u2013 el n\u00famero de cr\u00edmenes de odio hacia la comunidad AAPI aument\u00f3 m\u00e1s del 73 por ciento del 2008 al 2020.<\/p>\n\n\n\n<p>Sumado a esto, la Encuesta Nacional de Victimizaci\u00f3n del Delito \u2013NCVS, por sus siglas en ingl\u00e9s\u2013 se\u00f1al\u00f3 que este a\u00f1o el n\u00famero de delitos de odio supera los 200 mil al a\u00f1o, lo que ha preocupado a los mismos miembros de esta comunidad y activistas. \u00abNo hay ninguna duda de que los n\u00fameros est\u00e1n mal reportados\u00bb, reconoci\u00f3 Monroe.<\/p>\n\n\n\n<p>Brian Levin, crimin\u00f3logo y abogado de derechos civiles, se\u00f1al\u00f3 que los cr\u00edmenes de odio aumentan en \u00e9pocas de elecciones pues \u00abhay una relaci\u00f3n con la pol\u00edtica\u00bb, dijo.<\/p>\n\n\n\n<p>Se\u00f1al\u00f3, adem\u00e1s, que seg\u00fan el Centro para el Estudio del Odio y el Extremismo \u2013CSHE, por sus siglas en ingl\u00e9s\u2013 los cr\u00edmenes de odio contra la comunidad latina aumentaron un 41 por ciento, mientras que los dirigidos hacia la comunidad afroamericana aumentaron un 46 por ciento.<\/p>\n\n\n\n<p>\u00abLa mayor parte de los cr\u00edmenes de odio son cometidos por hombres blancos\u00bb, se\u00f1al\u00f3 Monroe. Mientras que Levin, agreg\u00f3 que un gran n\u00famero de los reportes de incidentes inclu\u00edan la ret\u00f3rica de odio, racismo y xenofobia utilizada por el ex presidente estadounidense Donald Trump.<\/p>\n\n\n\n<p>En su oportunidad, Manjusha P. Kulkarni, directora ejecutiva del Consejo de Pol\u00edtica y Planificaci\u00f3n para Asia y el Pac\u00edfico \u2013A3PCON\u2013, se\u00f1al\u00f3 que la mayor parte de los actos de odio en contra de la comunidad AAPI suceden en lugares p\u00fablicos como parques o negocios, el 61 por ciento de estos han sido contra mujeres, el 9.9 por ciento contra menores de 17 a\u00f1os y el 7 por ciento a adultos mayores.<\/p>\n\n\n\n<p>Desde el inicio de la pandemia por COVID-19, los discursos anti-China tomaron fuerza en todo el mundo, pues culpaban a este pa\u00eds por la pandemia derivada del virus SARS-CoV-2, lo que caus\u00f3 un alza en los ataques contra este sector, interrumpiendo y afectando sus vidas diarias debido al miedo y la preocupaci\u00f3n, pues los incidentes se daban incluso en las escuelas.<\/p>\n\n\n\n<p>\u00abMuchos actos que pasan en las escuelas son incidentes de odio\u00bb y pueden llegar a ser cr\u00edmenes, puntualiz\u00f3 Monroe. Y es que, derivado de la pandemia, un gran n\u00famero de ni\u00f1os asi\u00e1ticos en edad escolar fueron atacados f\u00edsica y verbalmente bajo el discurso de \u00abregresa a tu pa\u00eds\u00bb.<\/p>\n\n\n\n<p>Asimismo, Kulkarni se\u00f1al\u00f3 que 63 por ciento de los ataques son en forma de acoso verbal, mientras que el 16.2 por ciento son ataques f\u00edsicos. \u00abLa mayor\u00eda de estos son traum\u00e1ticos y perjudiciales, pero no son cr\u00edmenes de odio\u00bb, dijo.<\/p>\n\n\n\n<p>As\u00ed, al no ser considerados como tal, las soluciones para estos incidentes no se reducen solo a la aplicaci\u00f3n de la ley.<\/p>\n\n\n\n<p>Derivado de este problema y gracias a la coalici\u00f3n de organizaciones como el Departamento de Estudios Asi\u00e1ticos Americanos de la Universidad Estatal de San Francisco, Chinese for Affirmative Action y AAPI Equity Alliance \u2012antes Asian Pacific Policy &amp; Planning Council\u2012 nace Stop AAPI Hate, que busca seguir y responder a los incidentes de odio contra estas comunidades.<\/p>\n\n\n\n<p>Esta organizaci\u00f3n busca, entre otras cosas, abogar por pol\u00edticas locales, estatales y nacionales que protejan los derechos de las comunidades AAPI.<\/p>\n\n\n\n<p>Asimismo, el Departamento de Servicios Sociales de California y la Comisi\u00f3n de Asuntos de los Americanos Asi\u00e1ticos y de las Islas del Pac\u00edfico \u2013\u2013CDSS y CAPIAA, por sus siglas en ingl\u00e9s\u2013 anunciaron que el programa Stop the Hate dispondr\u00eda 20 millones de d\u00f3lares en el a\u00f1o fiscal 2021-22, para el apoyo y atenci\u00f3n a v\u00edctimas de cr\u00edmenes e incidentes de odio, as\u00ed como a la prevenci\u00f3n de los mismos.<\/p>\n\n\n\n<p>\u00abEsperamos que los legisladores vean esta problem\u00e1tica y determinen qu\u00e9 es lo que necesitamos en cuanto a las respuestas gubernamentales porque las organizaciones comunitarias no pueden hacer esto solas\u00bb puntualiz\u00f3 Kulkarni.<\/p>\n\n\n\n<h2 class=\"wp-block-heading\"><strong>Sanar y luchar contra el odio<\/strong><\/h2>\n\n\n\n<p>\u00abMi abuela ten\u00eda un tubo para poder respirar en su garganta, ten\u00eda sangre por todos lados y la encontramos en el centro de un tobog\u00e1n, hab\u00eda sido acosada por un chico de 17 a\u00f1os que ahora est\u00e1 siendo acusado por homicidio\u00bb, cont\u00f3 Sasanna Yee, instructora de movimiento consciente y activista del bienestar comunitario en San Francisco.<\/p>\n\n\n\n<p>A ra\u00edz de este suceso, Yee cre\u00f3 la iniciativa \u00abMove the Chi for Multiracial Solidarity\u00bb que busca fomentar la unidad y la acci\u00f3n colectiva contra todas las formas de odio y violencia, a trav\u00e9s de una pr\u00e1ctica curativa que tiene su origen en China.<\/p>\n\n\n\n<p>\u00abMi abuela ha empezado en m\u00ed un conocimiento para poder ir m\u00e1s all\u00e1 de las barreras culturales\u00bb, dijo.<\/p>\n\n\n\n<p>\u00ab\u00bfC\u00f3mo creamos un mundo que sea m\u00e1s humano?\u00bb cuestion\u00f3 Yee, al tiempo que se\u00f1al\u00f3 que cada uno de nosotros tiene el poder de transformar las circunstancias.<\/p>\n\n\n\n<p>Al final de la reuni\u00f3n, los expertos coincidieron en la necesidad de que las comunidades unan fuerzas para luchar contra los ataques de odio y as\u00ed lograr un pa\u00eds m\u00e1s justo para todos. Adem\u00e1s, llamaron a denunciar los incidentes y cr\u00edmenes de odio, pues resaltaron que los n\u00fameros \u00abson m\u00e1s altos de lo que imaginamos\u00bb.<\/p>\n\n\n\n<p>Se\u00f1alaron tambi\u00e9n la importancia de que existan espacios para comprender c\u00f3mo es el tipo de odio hacia este sector a trav\u00e9s de la educaci\u00f3n, la aplicaci\u00f3n de leyes en pro de los derechos civiles y la visibilizaci\u00f3n de este problema con ayuda de medios de comunicaci\u00f3n, responsables pol\u00edticos y l\u00edderes.<\/p>\n\n\n\n<p>En caso de sufrir alg\u00fan incidente o crimen de odio, puede reportarlo a trav\u00e9s de <a href=\"https:\/\/stopaapihate.org\/reportincident\/\" target=\"_blank\" rel=\"noreferrer noopener\">https:\/\/stopaapihate.org\/reportincident\/<\/a>, en caso de necesitar asistencia inmediata comun\u00edquese al 911.<\/p>\n\n\n<div class=\"wp-block-image\">\n<figure class=\"aligncenter size-full\"><img decoding=\"async\" width=\"400\" height=\"115\" src=\"https:\/\/peninsula360press.com\/wp-content\/uploads\/2022\/08\/CSL-Logo@400.png\" alt=\"\" class=\"wp-image-12082\" srcset=\"https:\/\/peninsula360press.com\/wp-content\/uploads\/2022\/08\/CSL-Logo@400.png 400w, https:\/\/peninsula360press.com\/wp-content\/uploads\/2022\/08\/CSL-Logo@400-300x86.png 300w, https:\/\/peninsula360press.com\/wp-content\/uploads\/2022\/08\/CSL-Logo@400-18x5.png 18w, https:\/\/peninsula360press.com\/wp-content\/uploads\/2022\/08\/CSL-Logo@400-150x43.png 150w\" sizes=\"(max-width: 400px) 100vw, 400px\" \/><\/figure>\n<\/div>\n\n\n<p class=\"has-text-align-center\"><em>This publication was supported in whole or in part by funding provided by the State of California, administered by the California State Library.<\/em><\/p>\n\n\n\n<p><em>Te puede interesar: <a href=\"https:\/\/peninsula360press.com\/es_mx\/ataques-de-odio-contra-la-comunidad-aapi\/\">Cifras de ataques de odio contra la comunidad AAPI es solo \u00abla punta del iceberg\u00bb: informe<\/a><\/em><\/p>\n","protected":false},"excerpt":{"rendered":"<p>Las expresiones de odio en el pa\u00eds se hacen cada vez m\u00e1s evidentes. Ataques de odio contra la comunidad AAPI \u2012Asi\u00e1tico-Americana y de las Islas del Pac\u00edfico\u2012 van al alza en Estados Unidos. La iniciativa Stop AAPI Hate registr\u00f3 m\u00e1s de 11 mil incidentes de odio hacia estas comunidades. Los cr\u00edmenes de odio, dijo Becky [&hellip;]<\/p>\n","protected":false},"author":4,"featured_media":12457,"comment_status":"open","ping_status":"open","sticky":false,"template":"","format":"standard","meta":{"footnotes":""},"categories":[14,8],"tags":[],"class_list":{"0":"post-12456","1":"post","2":"type-post","3":"status-publish","4":"format-standard","5":"has-post-thumbnail","7":"category-cover","8":"category-usworld"},"_links":{"self":[{"href":"https:\/\/peninsula360press.com\/es_mx\/wp-json\/wp\/v2\/posts\/12456","targetHints":{"allow":["GET"]}}],"collection":[{"href":"https:\/\/peninsula360press.com\/es_mx\/wp-json\/wp\/v2\/posts"}],"about":[{"href":"https:\/\/peninsula360press.com\/es_mx\/wp-json\/wp\/v2\/types\/post"}],"author":[{"embeddable":true,"href":"https:\/\/peninsula360press.com\/es_mx\/wp-json\/wp\/v2\/users\/4"}],"replies":[{"embeddable":true,"href":"https:\/\/peninsula360press.com\/es_mx\/wp-json\/wp\/v2\/comments?post=12456"}],"version-history":[{"count":1,"href":"https:\/\/peninsula360press.com\/es_mx\/wp-json\/wp\/v2\/posts\/12456\/revisions"}],"predecessor-version":[{"id":12458,"href":"https:\/\/peninsula360press.com\/es_mx\/wp-json\/wp\/v2\/posts\/12456\/revisions\/12458"}],"wp:featuredmedia":[{"embeddable":true,"href":"https:\/\/peninsula360press.com\/es_mx\/wp-json\/wp\/v2\/media\/12457"}],"wp:attachment":[{"href":"https:\/\/peninsula360press.com\/es_mx\/wp-json\/wp\/v2\/media?parent=12456"}],"wp:term":[{"taxonomy":"category","embeddable":true,"href":"https:\/\/peninsula360press.com\/es_mx\/wp-json\/wp\/v2\/categories?post=12456"},{"taxonomy":"post_tag","embeddable":true,"href":"https:\/\/peninsula360press.com\/es_mx\/wp-json\/wp\/v2\/tags?post=12456"}],"curies":[{"name":"wp","href":"https:\/\/api.w.org\/{rel}","templated":true}]}}