{"id":12644,"date":"2022-08-30T18:52:48","date_gmt":"2022-08-31T01:52:48","guid":{"rendered":"https:\/\/peninsula360press.com\/?p=12644"},"modified":"2022-08-30T19:26:33","modified_gmt":"2022-08-31T02:26:33","slug":"delito-de-odio-en-mountain-view","status":"publish","type":"post","link":"https:\/\/peninsula360press.com\/es_mx\/delito-de-odio-en-mountain-view\/","title":{"rendered":"Acusan a mujer por un delito de odio en Mountain View"},"content":{"rendered":"\n<figure class=\"wp-block-image size-large\"><img fetchpriority=\"high\" decoding=\"async\" width=\"1024\" height=\"683\" src=\"https:\/\/peninsula360press.com\/wp-content\/uploads\/2022\/08\/hijab-1024x683.jpg\" alt=\" delito de odio en Mountain View\" class=\"wp-image-12645\" srcset=\"https:\/\/peninsula360press.com\/wp-content\/uploads\/2022\/08\/hijab-1024x683.jpg 1024w, https:\/\/peninsula360press.com\/wp-content\/uploads\/2022\/08\/hijab-300x200.jpg 300w, https:\/\/peninsula360press.com\/wp-content\/uploads\/2022\/08\/hijab-768x512.jpg 768w, https:\/\/peninsula360press.com\/wp-content\/uploads\/2022\/08\/hijab-18x12.jpg 18w, https:\/\/peninsula360press.com\/wp-content\/uploads\/2022\/08\/hijab-150x100.jpg 150w, https:\/\/peninsula360press.com\/wp-content\/uploads\/2022\/08\/hijab-696x464.jpg 696w, https:\/\/peninsula360press.com\/wp-content\/uploads\/2022\/08\/hijab-1068x713.jpg 1068w\" sizes=\"(max-width: 1024px) 100vw, 1024px\" \/><\/figure>\n\n\n\n<p>Una mujer de 43 a\u00f1os ha sido acusada de un delito de odio en Mountain View y una agresi\u00f3n tras atacar a una adolescente que llevaba un hiyab y llamar a la joven \u00abterrorista\u00bb.<\/p>\n\n\n\n<p>El ataque no provocado por Atoosa Biglari \u2012una transe\u00fante\u2012 ocurri\u00f3 a plena luz del d\u00eda en el centro de Mountain View, en el condado de Santa Clara, donde dos mujeres, que presenciaron la agresi\u00f3n, se apresuraron a ayudar a la v\u00edctima.<\/p>\n\n\n\n<p>La polic\u00eda detuvo a Biglari, que huy\u00f3 del lugar en bicicleta. La tarde de este martes, la atacante ser\u00e1 procesada en el departamento 85 del juzgado de Palo Alto. Se enfrenta a m\u00e1s de un a\u00f1o en la c\u00e1rcel del condado si es condenada por los tres cargos que se le imputan.<\/p>\n\n\n\n<p>\u00abNo tenemos tolerancia para aquellos cuya intolerancia cruza la l\u00ednea de la criminalidad y la violencia\u00bb, dijo el fiscal <a href=\"https:\/\/twitter.com\/da_rosen\" target=\"_blank\" rel=\"noreferrer noopener\">Jeff Rosen<\/a>. \u00abEl odio no tiene cabida en el condado de Santa Clara. Tambi\u00e9n elogiamos la valent\u00eda de las dos mujeres que r\u00e1pidamente dieron un paso adelante para ayudar a la v\u00edctima. Son ejemplos maravillosos del lema de la campa\u00f1a nacional contra el odio: &#8220;si ves algo, di algo&#8221;\u00bb.<\/p>\n\n\n\n<p>El acto de odio se dio el pasado 1 de julio, poco despu\u00e9s de las 15:00 horas la polic\u00eda fue enviada a las calles Castro y Mercy, detall\u00f3 la Oficina del Fiscal del Condado de Santa Clara en un comunicado.<\/p>\n\n\n\n<p>Agreg\u00f3 que la v\u00edctima, de 18 a\u00f1os, caminaba sola por la calle Castro cuando Biglari cruz\u00f3 la calle, le grit\u00f3, la acus\u00f3 de \u00abhackearla\u00bb y luego la llam\u00f3 \u00abterrorista\u00bb, tras ello, la atacante comenz\u00f3 a tirar de la hiyab de la v\u00edctima para luego empujarla contra la pared y ponerle las manos en el cuello.<\/p>\n\n\n\n<p>La v\u00edctima pidi\u00f3 ayuda y las dos mujeres que presenciaron el ataque corroboraron el relato de la v\u00edctima, declarando que vieron a Biglari en el camino.<\/p>\n\n\n\n<p>Biglari tambi\u00e9n se enfrenta a cargos por blandir un arma mortal de forma grosera, airada y amenazante, derivados de un incidente anterior ocurrido el 24 de junio de 2022, en el que amenaz\u00f3 a otra mujer con unas tijeras.<\/p>\n\n\n<div class=\"wp-block-image\">\n<figure class=\"aligncenter size-full\"><img decoding=\"async\" width=\"400\" height=\"115\" src=\"https:\/\/peninsula360press.com\/wp-content\/uploads\/2022\/08\/CSL-Logo@400.png\" alt=\"\" class=\"wp-image-12082\" srcset=\"https:\/\/peninsula360press.com\/wp-content\/uploads\/2022\/08\/CSL-Logo@400.png 400w, https:\/\/peninsula360press.com\/wp-content\/uploads\/2022\/08\/CSL-Logo@400-300x86.png 300w, https:\/\/peninsula360press.com\/wp-content\/uploads\/2022\/08\/CSL-Logo@400-18x5.png 18w, https:\/\/peninsula360press.com\/wp-content\/uploads\/2022\/08\/CSL-Logo@400-150x43.png 150w\" sizes=\"(max-width: 400px) 100vw, 400px\" \/><\/figure>\n<\/div>\n\n\n<p class=\"has-text-align-center\"><em>This publication was supported in whole or in part by funding provided by the State of California, administered by the California State Library.<\/em><\/p>\n\n\n\n<p><em>Te puede interesar: <a href=\"https:\/\/peninsula360press.com\/es_mx\/ataques-de-odio-contra-la-comunidad-aapi-2\/\">Ataques de odio contra la comunidad AAPI van al alza en Estados Unidos<\/a><\/em><\/p>\n","protected":false},"excerpt":{"rendered":"<p>Una mujer de 43 a\u00f1os ha sido acusada de un delito de odio en Mountain View y una agresi\u00f3n tras atacar a una adolescente que llevaba un hiyab y llamar a la joven \u00abterrorista\u00bb. El ataque no provocado por Atoosa Biglari \u2012una transe\u00fante\u2012 ocurri\u00f3 a plena luz del d\u00eda en el centro de Mountain View, [&hellip;]<\/p>\n","protected":false},"author":7,"featured_media":12645,"comment_status":"open","ping_status":"open","sticky":false,"template":"","format":"standard","meta":{"footnotes":""},"categories":[9,14],"tags":[],"class_list":{"0":"post-12644","1":"post","2":"type-post","3":"status-publish","4":"format-standard","5":"has-post-thumbnail","7":"category-community","8":"category-cover"},"_links":{"self":[{"href":"https:\/\/peninsula360press.com\/es_mx\/wp-json\/wp\/v2\/posts\/12644","targetHints":{"allow":["GET"]}}],"collection":[{"href":"https:\/\/peninsula360press.com\/es_mx\/wp-json\/wp\/v2\/posts"}],"about":[{"href":"https:\/\/peninsula360press.com\/es_mx\/wp-json\/wp\/v2\/types\/post"}],"author":[{"embeddable":true,"href":"https:\/\/peninsula360press.com\/es_mx\/wp-json\/wp\/v2\/users\/7"}],"replies":[{"embeddable":true,"href":"https:\/\/peninsula360press.com\/es_mx\/wp-json\/wp\/v2\/comments?post=12644"}],"version-history":[{"count":3,"href":"https:\/\/peninsula360press.com\/es_mx\/wp-json\/wp\/v2\/posts\/12644\/revisions"}],"predecessor-version":[{"id":12648,"href":"https:\/\/peninsula360press.com\/es_mx\/wp-json\/wp\/v2\/posts\/12644\/revisions\/12648"}],"wp:featuredmedia":[{"embeddable":true,"href":"https:\/\/peninsula360press.com\/es_mx\/wp-json\/wp\/v2\/media\/12645"}],"wp:attachment":[{"href":"https:\/\/peninsula360press.com\/es_mx\/wp-json\/wp\/v2\/media?parent=12644"}],"wp:term":[{"taxonomy":"category","embeddable":true,"href":"https:\/\/peninsula360press.com\/es_mx\/wp-json\/wp\/v2\/categories?post=12644"},{"taxonomy":"post_tag","embeddable":true,"href":"https:\/\/peninsula360press.com\/es_mx\/wp-json\/wp\/v2\/tags?post=12644"}],"curies":[{"name":"wp","href":"https:\/\/api.w.org\/{rel}","templated":true}]}}