{"id":12859,"date":"2022-09-11T17:45:49","date_gmt":"2022-09-12T00:45:49","guid":{"rendered":"https:\/\/peninsula360press.com\/?p=12859"},"modified":"2022-09-12T11:36:02","modified_gmt":"2022-09-12T18:36:02","slug":"javier-marias","status":"publish","type":"post","link":"https:\/\/peninsula360press.com\/es_mx\/javier-marias\/","title":{"rendered":"Javier Mar\u00edas: el gran escritor y las pol\u00e9micas con las mujeres"},"content":{"rendered":"\n<p>Muri\u00f3 Javier Mar\u00edas. Y s\u00ed, no me cabe duda de que el mundo de las letras en espa\u00f1ol est\u00e1 de luto. Adem\u00e1s de narrador, fue traductor, ensayista y miembro de la Real Academia de la Lengua Espa\u00f1ola. Eterno candidato al Nobel de Literatura y Caballero de la Orden de las Letras, as\u00ed como ganador de muchos y muy importantes premios literarios, como el Jos\u00e9 Donoso, el Formentor de las Letras y el Library Lion de la Biblioteca P\u00fablica de Nueva York. Recibi\u00f3 estos numerosos reconocimientos porque dedic\u00f3 la vida entera a escribir y lo hizo con oficio y calidad. Tiene, en su haber, diecis\u00e9is novelas como <em>Ma\u00f1ana en la batalla piensa en m\u00ed, Los enamoramientos, Tu rostro ma\u00f1ana<\/em> (trilog\u00eda que consta de <em>Fiebre la lanza, Baile y sue\u00f1o<\/em> y <em>Veneno y sombra y adi\u00f3s)<\/em> y <em>Tom\u00e1s Levinston<\/em>, entre otras, adem\u00e1s de libros de cuentos, ensayos y m\u00e1s de cien art\u00edculos period\u00edsticos.<\/p>\n\n\n\n<p>Mar\u00edas supo captar el esp\u00edritu de una Espa\u00f1a que pas\u00f3 de ser la deprimida de la posguerra, a la liberada de la Movida, al pa\u00eds rico y desarrollado al que llegan inmigrantes africanos y latinoamericanos con la esperanza de sobrevivir.<\/p>\n\n\n\n<p>Me gusta leer a Javier Mar\u00edas, \u00bfc\u00f3mo no? Adem\u00e1s de lo que mencion\u00e9 en l\u00edneas anteriores, su obra es profundamente universal, se nutre de sus m\u00faltiples y variadas lecturas. En 2018 escrib\u00ed para la <a href=\"https:\/\/gatopardo.com\/arte-y-cultura\/javier-marias\/?fbclid=IwAR3Djcz_H-EaPQNFF3elMrVpPO_XTOq9_a-dqGOFa_Pf2NbscaUYvN6M-FU\" target=\"_blank\" rel=\"noreferrer noopener\">revista Gatopardo <\/a>acerca de su libro <em>Berta Isla<\/em>: \u201cEs una novela en la que se adivinan las pasiones literarias de Mar\u00edas, desde Shakespeare hasta Eliot, de Faulkner, Doyle, Melville y Dickens. Es tambi\u00e9n un homenaje a la literatura y la cultura inglesas, con sus grandes cl\u00e1sicos pero tambi\u00e9n con sus personajes pop, como James Bond, del que en alg\u00fan momento opinar\u00e1 Tom\u00e1s \u201cha habido otros Bond pero el \u00fanico, el original, es Sean Connery\u201d. El esp\u00eda de la novela hablando del esp\u00eda ingl\u00e9s m\u00e1s famoso del mundo. Otro destello del sentido del humor que Javier Mar\u00edas despliega con maestr\u00eda\u201d.<\/p>\n\n\n\n<p>Ese era Javier Mar\u00edas, el escritor. Pero las opiniones de Javier Mar\u00edas, el periodista (\u00bfc\u00f3mo separar a uno de otro?, \u00bfes posible hacerlo?), cuando ten\u00edan que ver con las mujeres y el feminismo no fueron tan honrosas: su columna en El Pa\u00eds <a href=\"https:\/\/elpais.com\/elpais\/2018\/02\/02\/eps\/1517571327_169234.html?id_externo_rsoc=TW_CC\" target=\"_blank\" rel=\"noreferrer noopener\">del 11 de febrero de 2018 <\/a>le caus\u00f3 una serie de cr\u00edticas por frases como \u00e9sta, en relaci\u00f3n con el surgimiento del #MeToo: \u201cDar cr\u00e9dito a las v\u00edctimas por el hecho de presentarse como tales es abrir la puerta a las venganzas, las calumnias y los ajustes de cuentas\u201d, o \u201cAhora el movimiento MeToo y otros han establecido dos pseudoverdades: a) que las mujeres son siempre v\u00edctimas; b) que las mujeres nunca mienten\u201d.\u00a0<\/p>\n\n\n\n<p>Mientras algunos amigos de Mar\u00edas, como el tambi\u00e9n escritor Arturo P\u00e9rez-Reverte <a href=\"https:\/\/twitter.com\/perezreverte\/status\/962681416403374080?s=20&amp;t=ju-qn0LM5tGffaEA8x5Jbw\" target=\"_blank\" rel=\"noreferrer noopener\">lo defendieron a capa y espada<\/a>, hubo miles de usuarios de las redes (sobre todo <a href=\"https:\/\/twitter.com\/1977Natt\/status\/962794144539332609?s=20&amp;t=mBdTPEs7et6WXQuuCzCvCg\" target=\"_blank\" rel=\"noreferrer noopener\">usuarias<\/a>, pero tambi\u00e9n varones) que <a href=\"https:\/\/twitter.com\/juanglujan\/status\/962810700291862529?ref_src=twsrc%5Etfw%7Ctwcamp%5Etweetembed%7Ctwterm%5E962810700291862529%7Ctwgr%5E7e7419e5d62fe1ce84ed78239f1a959f7662c347%7Ctwcon%5Es1_c10&amp;ref_url=https%3A%2F%2Fd-3715559493423813859.ampproject.net%2F2208242209000%2Fframe.html\" target=\"_blank\" rel=\"noreferrer noopener\">lo criticaron<\/a> por dicha columna, plagada de frases irresponsables \u2014por decir lo menos\u2014 y mis\u00f3ginas, por decirlo con todas sus letras. Por ejemplo: \u201cNo hay que recurrir a nombres para recordar la considerable cantidad de mujeres j\u00f3venes y atractivas que se han casado con hombres decr\u00e9pitos no por amor precisamente, ni por deseo sexual tampoco\u201d.<\/p>\n\n\n\n<p>Apenas el 6 de mayo de 2022, su casa period\u00edstica, <strong>El Pa\u00eds<\/strong>, public\u00f3 <a href=\"https:\/\/elpais.com\/cultura\/2022-05-07\/javier-marias-escribo-sobre-temas-que-me-parecen-particularmente-graves-peligrosos-injustos-o-estupidos.html\" target=\"_blank\" rel=\"noreferrer noopener\">una entrevista<\/a> que le hizo a prop\u00f3sito del libro de art\u00edculos period\u00edsticos <em>\u00bfSer\u00e1 buena persona el cocinero?<\/em> que le public\u00f3 Alfaguara este a\u00f1o. En dicha entrevista, aunque dice que \u201ca estas alturas todo el mundo es feminista\u201d y que \u201ccualquiera que no sea un cabestro lo ha sido\u201d, el autor de <em>A veces un caballero <\/em>tambi\u00e9n advierte que \u201chay un feminismo llamado de cuarta ola que para m\u00ed contraviene al feminismo cl\u00e1sico. Est\u00e1n diciendo cosas exageradas y sandeces. Y sobre todo hay un error en que se acercan peligrosamente a la intolerancia de la Iglesia cat\u00f3lica de los tiempos de la dictadura de Franco\u201d.\u00a0<\/p>\n\n\n\n<p>Con tal \u201cerror\u201d, Mar\u00edas se refiere a la intenci\u00f3n de \u201cprohibir o multar\u201d las miradas lascivas, y habla de lo que considera una intromisi\u00f3n en la libertad de las personas. No me cabe duda que el escritor nunca fue v\u00edctima de una mirada de esas que en la calle te hacen cambiar de acera y apretar el paso, o de plano te provocan bajarte del vag\u00f3n del metro o del autob\u00fas urbano en el que vas.<\/p>\n\n\n\n<p>Tampoco me queda duda, como <a href=\"https:\/\/reportesp.mx\/2021\/9\/columnas\/desde-los-zulos\/\" target=\"_blank\" rel=\"noreferrer noopener\">escribe<\/a> la escritora mexicana Dahlia de la Cerda, que no todos los varones son feminicidas potenciales, y que los que crecen en contextos de alta marginalizaci\u00f3n y violencia llevan todas las de perder en t\u00e9rminos de igualdad, libertad, respeto y muchas de las cosas que exigimos desde el feminismo. O sea, que como escribi\u00f3 tambi\u00e9n Rita Segato, hay varones oprimidos por otros varones, incluso por mujeres blancas y de estratos sociales, econ\u00f3micos y pol\u00edticos hegem\u00f3nicos.<\/p>\n\n\n\n<p>El tema da para una discusi\u00f3n mucho m\u00e1s profunda y meditada, pero yo, como lectora, me quedo con el Javier Mar\u00edas narrador. Como feminista, no puedo sino pensar que al Javier Mar\u00edas articulista le falt\u00f3 hacer un an\u00e1lisis mucho m\u00e1s profundo antes de opinar.<\/p>\n\n\n<div class=\"wp-block-image is-style-rounded\">\n<figure class=\"alignleft size-thumbnail\"><img decoding=\"async\" width=\"150\" height=\"150\" src=\"https:\/\/peninsula360press.com\/wp-content\/uploads\/2022\/08\/Irma-Gallo-3-150x150.jpeg\" alt=\"\" class=\"wp-image-12158\" srcset=\"https:\/\/peninsula360press.com\/wp-content\/uploads\/2022\/08\/Irma-Gallo-3-150x150.jpeg 150w, https:\/\/peninsula360press.com\/wp-content\/uploads\/2022\/08\/Irma-Gallo-3-12x12.jpeg 12w\" sizes=\"(max-width: 150px) 100vw, 150px\" \/><\/figure>\n<\/div>\n\n\n<p><strong>Irma Gallo&nbsp;<\/strong>es reportera y escritora. Adem\u00e1s de Pen\u00ednsula 360 Press, ha colaborado con Letras Libres, Revista de la Universidad de M\u00e9xico, Revista Lee M\u00e1s Gandhi, Gatopardo, Revista Este Pa\u00eds, Sin Embargo, El Universal, Newsweek en Espa\u00f1ol. Su libro m\u00e1s reciente es Cuando el cielo se pinta de anaranjado. Ser mujer en M\u00e9xico (UANL\/VF Agencia Literaria, 2020). Twitter:&nbsp;<a href=\"https:\/\/twitter.com\/irmagallo\" target=\"_blank\" rel=\"noreferrer noopener\">@irmagallo<\/a>&nbsp;IG:&nbsp;<a href=\"https:\/\/www.instagram.com\/irmaevangelinagallo\/?hl=es\" target=\"_blank\" rel=\"noreferrer noopener\">@irmaevangelinagallo<\/a>.<\/p>\n\n\n\n<p><em>Te puede interesar: <a href=\"https:\/\/peninsula360press.com\/es_mx\/salman-rushdie\/\">Salman Rushdie, una larga lucha por la libertad de expresi\u00f3n<\/a><\/em><\/p>\n","protected":false},"excerpt":{"rendered":"<p>Muri\u00f3 Javier Mar\u00edas. Y s\u00ed, no me cabe duda de que el mundo de las letras en espa\u00f1ol est\u00e1 de luto. Adem\u00e1s de narrador, fue traductor, ensayista y miembro de la Real Academia de la Lengua Espa\u00f1ola. Eterno candidato al Nobel de Literatura y Caballero de la Orden de las Letras, as\u00ed como ganador de [&hellip;]<\/p>\n","protected":false},"author":11,"featured_media":12158,"comment_status":"open","ping_status":"open","sticky":false,"template":"","format":"standard","meta":{"footnotes":""},"categories":[5],"tags":[],"class_list":{"0":"post-12859","1":"post","2":"type-post","3":"status-publish","4":"format-standard","5":"has-post-thumbnail","7":"category-opinion"},"_links":{"self":[{"href":"https:\/\/peninsula360press.com\/es_mx\/wp-json\/wp\/v2\/posts\/12859","targetHints":{"allow":["GET"]}}],"collection":[{"href":"https:\/\/peninsula360press.com\/es_mx\/wp-json\/wp\/v2\/posts"}],"about":[{"href":"https:\/\/peninsula360press.com\/es_mx\/wp-json\/wp\/v2\/types\/post"}],"author":[{"embeddable":true,"href":"https:\/\/peninsula360press.com\/es_mx\/wp-json\/wp\/v2\/users\/11"}],"replies":[{"embeddable":true,"href":"https:\/\/peninsula360press.com\/es_mx\/wp-json\/wp\/v2\/comments?post=12859"}],"version-history":[{"count":2,"href":"https:\/\/peninsula360press.com\/es_mx\/wp-json\/wp\/v2\/posts\/12859\/revisions"}],"predecessor-version":[{"id":12871,"href":"https:\/\/peninsula360press.com\/es_mx\/wp-json\/wp\/v2\/posts\/12859\/revisions\/12871"}],"wp:featuredmedia":[{"embeddable":true,"href":"https:\/\/peninsula360press.com\/es_mx\/wp-json\/wp\/v2\/media\/12158"}],"wp:attachment":[{"href":"https:\/\/peninsula360press.com\/es_mx\/wp-json\/wp\/v2\/media?parent=12859"}],"wp:term":[{"taxonomy":"category","embeddable":true,"href":"https:\/\/peninsula360press.com\/es_mx\/wp-json\/wp\/v2\/categories?post=12859"},{"taxonomy":"post_tag","embeddable":true,"href":"https:\/\/peninsula360press.com\/es_mx\/wp-json\/wp\/v2\/tags?post=12859"}],"curies":[{"name":"wp","href":"https:\/\/api.w.org\/{rel}","templated":true}]}}