{"id":13118,"date":"2022-09-27T17:07:26","date_gmt":"2022-09-28T00:07:26","guid":{"rendered":"https:\/\/peninsula360press.com\/?p=13118"},"modified":"2022-09-27T17:12:43","modified_gmt":"2022-09-28T00:12:43","slug":"proximas-elecciones-de-brasil","status":"publish","type":"post","link":"https:\/\/peninsula360press.com\/es_mx\/proximas-elecciones-de-brasil\/","title":{"rendered":"Advierten que derechos y democracia est\u00e1n en peligro en las pr\u00f3ximas elecciones de Brasil"},"content":{"rendered":"\n<figure class=\"wp-block-image size-large is-resized\"><img fetchpriority=\"high\" decoding=\"async\" src=\"https:\/\/peninsula360press.com\/wp-content\/uploads\/2022\/09\/Brasil-1024x684.jpg\" alt=\"pr\u00f3ximas elecciones de Brasil\" class=\"wp-image-12979\" width=\"696\" height=\"464\" srcset=\"https:\/\/peninsula360press.com\/wp-content\/uploads\/2022\/09\/Brasil-1024x684.jpg 1024w, https:\/\/peninsula360press.com\/wp-content\/uploads\/2022\/09\/Brasil-300x200.jpg 300w, https:\/\/peninsula360press.com\/wp-content\/uploads\/2022\/09\/Brasil-768x513.jpg 768w, https:\/\/peninsula360press.com\/wp-content\/uploads\/2022\/09\/Brasil-18x12.jpg 18w, https:\/\/peninsula360press.com\/wp-content\/uploads\/2022\/09\/Brasil-150x100.jpg 150w, https:\/\/peninsula360press.com\/wp-content\/uploads\/2022\/09\/Brasil-696x465.jpg 696w, https:\/\/peninsula360press.com\/wp-content\/uploads\/2022\/09\/Brasil-1068x713.jpg 1068w\" sizes=\"(max-width: 696px) 100vw, 696px\" \/><figcaption>Foto: Manuel Ortiz Global Exchange &#8211; Pen\u00ednsula 360 Press<\/figcaption><\/figure>\n\n\n\n<p>La organizaci\u00f3n Global Exchange advierte que los derechos y la democracia est\u00e1n en peligro en las pr\u00f3ximas elecciones de Brasil, a tan solo unos d\u00edas de que los brasile\u00f1os emitan su voto en una primera vuelta para elegir a su pr\u00f3ximo presidente, al congreso nacional, a los gobernadores y a las legislaturas estatales. <\/p>\n\n\n\n<p>A trav\u00e9s de un comunicado, la organizaci\u00f3n internacional de derechos humanos con sede en San Francisco, detall\u00f3 que, durante estos comicios que se llevar\u00e1n este domingo 2 de octubre, en su primera vuelta, las instituciones democr\u00e1ticas del pa\u00eds est\u00e1n bajo una verdadera presi\u00f3n.&nbsp;<\/p>\n\n\n\n<p>Destac\u00f3 adem\u00e1s que el ex presidente Luiz In\u00e1cio Lula da Silva, quien ejerci\u00f3 las funciones de 35\u00b0 presidente de la Rep\u00fablica Federativa del Brasil entre el 1 de enero de 2003 y el 31 de diciembre de 2010, y quien va por un segundo periodo, lidera con amplios m\u00e1rgenes en pr\u00e1cticamente todas las encuestas.<\/p>\n\n\n\n<p>Sin embargo, detall\u00f3 que el actual presidente, Jair Bolsonaro, ha rechazado abiertamente la legitimidad de cualquier resultado posible que no sea su propia reelecci\u00f3n, movilizando a sus seguidores para que hagan lo mismo.&nbsp;<\/p>\n\n\n\n<p>\u00abLa preocupaci\u00f3n de que las acciones antidemocr\u00e1ticas puedan desencadenar un retorno al gobierno militar es generalizada. Tambi\u00e9n lo es la preocupaci\u00f3n por las pr\u00e1cticas electorales injustas e incluso las amenazas f\u00edsicas, especialmente contra los candidatos negros e ind\u00edgenas, los activistas sociales y los acad\u00e9micos que se han manifestado en contra de las pr\u00e1cticas cada vez m\u00e1s autoritarias\u00bb, precis\u00f3 en el texto.<\/p>\n\n\n\n<p>Global Exchange, en colaboraci\u00f3n con este medio, realiz\u00f3 una investigaci\u00f3n period\u00edstica y social en Brasilia y R\u00edo de Janeiro, Brasil, para conocer de primera mano las condiciones sociopol\u00edticas previas a las elecciones.&nbsp;<\/p>\n\n\n\n<p>Pueden leer el <a href=\"https:\/\/globalexchange.org\/2022\/09\/27\/brazil-elections-2022\/\" target=\"_blank\" rel=\"noreferrer noopener\">informe Elecciones Brasil 2022: Derechos y democracia en peligro. Informe preelectoral, dando click aqu\u00ed.<\/a>&nbsp;<\/p>\n\n\n\n<p>La investigaci\u00f3n revel\u00f3 que el gobierno encabezado por Jair Bolsonaro est\u00e1 generando una narrativa antidemocr\u00e1tica -incluyendo el uso de discursos de odio y \u00abfake news\u00bb en las redes sociales- que contribuye a aumentar la tensi\u00f3n y podr\u00eda incentivar acciones violentas como las que ya han ocurrido en el contexto de estas elecciones.<\/p>\n\n\n\n<p>\u00abEsta tensi\u00f3n alentada por la ret\u00f3rica de Jair Bolsonaro genera miedo entre los acad\u00e9micos y los candidatos que representan a las minor\u00edas, en particular a los negros, ind\u00edgenas y LGBTQIA+, a quienes los partidarios m\u00e1s extremos del presidente Bolsonaro, muchos de ellos militares, polic\u00edas o civiles armados, consideran un objetivo\u00bb, detall\u00f3 la organizaci\u00f3n.<\/p>\n\n\n\n<p>Ante ello, Global Exchange hizo un llamamiento urgente al gobierno brasile\u00f1o, a la prensa internacional y a otras organizaciones internacionales para que vigilen y protejan la integridad de los activistas, acad\u00e9micos y candidatos, en particular de aquellos que representan a minor\u00edas como pueblos ind\u00edgenas, afro-caribe\u00f1os, mujeres y los grupos que conforman.<\/p>\n\n\n\n<p>La organizaci\u00f3n precis\u00f3 que realizar\u00e1 la cobertura de las elecciones en Brasil, a trav\u00e9s de un equipo compuesto por periodistas internacionales y locales distribuidos en Brasilia, R\u00edo de Janeiro, S\u00e3o Paulo, Salvador de Bah\u00eda y la Amazonia, producir\u00e1 informes y contenidos multimedia en ingl\u00e9s y espa\u00f1ol que los medios de comunicaci\u00f3n interesados en el material podr\u00e1n publicar en sus plataformas.<\/p>\n\n\n\n<p><em>Te puede interesar: <a href=\"https:\/\/peninsula360press.com\/es_mx\/lula-en-ibirapuera\/\">Lula en Ibirapuera: \u00abLas personas tienen miedo de ponerse la camiseta de su equipo y ser atacados\u00bb<\/a><\/em><\/p>\n","protected":false},"excerpt":{"rendered":"<p>La organizaci\u00f3n Global Exchange advierte que los derechos y la democracia est\u00e1n en peligro en las pr\u00f3ximas elecciones de Brasil, a tan solo unos d\u00edas de que los brasile\u00f1os emitan su voto en una primera vuelta para elegir a su pr\u00f3ximo presidente, al congreso nacional, a los gobernadores y a las legislaturas estatales. A trav\u00e9s [&hellip;]<\/p>\n","protected":false},"author":4,"featured_media":12979,"comment_status":"open","ping_status":"open","sticky":false,"template":"","format":"standard","meta":{"footnotes":""},"categories":[14,8],"tags":[],"class_list":{"0":"post-13118","1":"post","2":"type-post","3":"status-publish","4":"format-standard","5":"has-post-thumbnail","7":"category-cover","8":"category-usworld"},"_links":{"self":[{"href":"https:\/\/peninsula360press.com\/es_mx\/wp-json\/wp\/v2\/posts\/13118","targetHints":{"allow":["GET"]}}],"collection":[{"href":"https:\/\/peninsula360press.com\/es_mx\/wp-json\/wp\/v2\/posts"}],"about":[{"href":"https:\/\/peninsula360press.com\/es_mx\/wp-json\/wp\/v2\/types\/post"}],"author":[{"embeddable":true,"href":"https:\/\/peninsula360press.com\/es_mx\/wp-json\/wp\/v2\/users\/4"}],"replies":[{"embeddable":true,"href":"https:\/\/peninsula360press.com\/es_mx\/wp-json\/wp\/v2\/comments?post=13118"}],"version-history":[{"count":3,"href":"https:\/\/peninsula360press.com\/es_mx\/wp-json\/wp\/v2\/posts\/13118\/revisions"}],"predecessor-version":[{"id":13121,"href":"https:\/\/peninsula360press.com\/es_mx\/wp-json\/wp\/v2\/posts\/13118\/revisions\/13121"}],"wp:featuredmedia":[{"embeddable":true,"href":"https:\/\/peninsula360press.com\/es_mx\/wp-json\/wp\/v2\/media\/12979"}],"wp:attachment":[{"href":"https:\/\/peninsula360press.com\/es_mx\/wp-json\/wp\/v2\/media?parent=13118"}],"wp:term":[{"taxonomy":"category","embeddable":true,"href":"https:\/\/peninsula360press.com\/es_mx\/wp-json\/wp\/v2\/categories?post=13118"},{"taxonomy":"post_tag","embeddable":true,"href":"https:\/\/peninsula360press.com\/es_mx\/wp-json\/wp\/v2\/tags?post=13118"}],"curies":[{"name":"wp","href":"https:\/\/api.w.org\/{rel}","templated":true}]}}