{"id":13163,"date":"2022-09-30T11:22:59","date_gmt":"2022-09-30T18:22:59","guid":{"rendered":"https:\/\/peninsula360press.com\/?p=13163"},"modified":"2022-09-30T11:23:02","modified_gmt":"2022-09-30T18:23:02","slug":"debate-centra-ataques-contra-lula","status":"publish","type":"post","link":"https:\/\/peninsula360press.com\/es_mx\/debate-centra-ataques-contra-lula\/","title":{"rendered":"Largo debate centra ataques de candidatos contra Lula, quien responde en\u00e9rgicamente"},"content":{"rendered":"\n<figure class=\"wp-block-image size-large\"><img fetchpriority=\"high\" decoding=\"async\" width=\"1024\" height=\"682\" src=\"https:\/\/peninsula360press.com\/wp-content\/uploads\/2022\/09\/Lula-elecciones-1024x682.jpeg\" alt=\"debate centra ataques contra Lula\" class=\"wp-image-13115\" srcset=\"https:\/\/peninsula360press.com\/wp-content\/uploads\/2022\/09\/Lula-elecciones-1024x682.jpeg 1024w, https:\/\/peninsula360press.com\/wp-content\/uploads\/2022\/09\/Lula-elecciones-300x200.jpeg 300w, https:\/\/peninsula360press.com\/wp-content\/uploads\/2022\/09\/Lula-elecciones-768x512.jpeg 768w, https:\/\/peninsula360press.com\/wp-content\/uploads\/2022\/09\/Lula-elecciones-18x12.jpeg 18w, https:\/\/peninsula360press.com\/wp-content\/uploads\/2022\/09\/Lula-elecciones-150x100.jpeg 150w, https:\/\/peninsula360press.com\/wp-content\/uploads\/2022\/09\/Lula-elecciones-696x464.jpeg 696w, https:\/\/peninsula360press.com\/wp-content\/uploads\/2022\/09\/Lula-elecciones-1068x712.jpeg 1068w\" sizes=\"(max-width: 1024px) 100vw, 1024px\" \/><figcaption>Foto: <em>Manuel Ortiz \/ Global Exchange \/ Pen\u00ednsula 360 Press \/ Periodistas Unidos<\/em><\/figcaption><\/figure>\n\n\n\n<p><strong>Por Alejandro Mel\u00e9ndez e Irene Galindo. Periodistas Unidos \/ Global Exchange \/ Pen\u00ednsula 360 Press<\/strong><\/p>\n\n\n\n<p>S\u00e3o Paulo, Brasil. 30 de septiembre de 2022.- En un agotador debate que dur\u00f3 m\u00e1s de tres horas a trav\u00e9s de la cadena brasile\u00f1a de televisi\u00f3n O Globo, el expresidente brasile\u00f1o Luiz In\u00e1cio Lula da Silva, favorito para las elecciones presidenciales del domingo en Brasil, se convirti\u00f3 este jueves en el principal blanco de ataques de sus rivales.<\/p>\n\n\n\n<p>Lula fue atacado principalmente por el presidente Jair Bolsonaro, quien junto con el folcl\u00f3rico candidato \u00abPadre Kelmon\u00bb, como se identific\u00f3 el sacerdote Kelmon Luis da Silva, candidato del Partido de Trabajadores Brasile\u00f1o \u2012PTB\u2012, cuestionaron a Lula sobre la supuesta corrupci\u00f3n en su gobierno y de ser contrario a la religi\u00f3n.<\/p>\n\n\n\n<p>El contendiente del PTB acudi\u00f3 al debate vestido con atuendo religioso y como miembro de la Iglesia Cat\u00f3lica Apost\u00f3lica Ortodoxa de Per\u00fa, es reconocido en Brasil como un candidato naranja, que son aquellos candidatos que tienen una m\u00ednima representaci\u00f3n electoral, pero que se dedican atacar al candidato puntero.&nbsp;<\/p>\n\n\n\n<p>Por su parte, el expresidente Lula cerr\u00f3 el debate diciendo que est\u00e1 orgulloso de los programas educativos creados durante los gobiernos del Partido de los Trabajadores, como FIES, Prouni y Ciencia Sin Fronteras, \u00abque envi\u00f3 a 100 mil j\u00f3venes a estudiar en el extranjero\u00bb.&nbsp;<\/p>\n\n\n\n<p>Lula afirm\u00f3 que volver\u00e1 a la Presidencia de la Rep\u00fablica porque el pueblo sabe de su capacidad de gobernar.<\/p>\n\n\n\n<p>\u00abAqu\u00ed hay tres o cuatro tipos diferentes de propuestas. Hay quienes tienen una vida comprobada en este pa\u00eds y les ha funcionado, la gente sabe lo que pas\u00f3 en ese pa\u00eds. Est\u00e1n los que hacen las promesas, est\u00e1n los que gobiernan. El pueblo puede elegir a alguien que supo resolver la situaci\u00f3n de Brasil\u00bb, subray\u00f3 Lula da Silva.<\/p>\n\n\n\n<p>\u00abSiempre digo que el problema no es gobernar, es cuidar a la gente, generar empleo, aumentar los salarios, aumentar la masa salarial, mejorar la salud, mejorar la educaci\u00f3n, crear universidades\u00bb, declar\u00f3 y prometi\u00f3 romper el pacto de secretismo de 100 a\u00f1os impuesto por Bolsonaro para ocultar los cr\u00edmenes de la actual administraci\u00f3n.&nbsp;<\/p>\n\n\n\n<p>En el \u00faltimo debate en televisi\u00f3n antes de los comicios, participaron tambi\u00e9n los candidatos Ciro Gomes, del Partido Democr\u00e1tico Laborista, Simone Tebet, del Movimiento Democr\u00e1tico Brasile\u00f1o Soraya Thronicke, de Uni\u00f3n Brasil, y Luiz Felipe de \u00c1vila del Partido Nuevo.<\/p>\n\n\n\n<p class=\"has-text-align-center\"><em>Esta nota se realiz\u00f3 con el apoyo de la organizaci\u00f3n <a href=\"https:\/\/globalexchange.org\/\" target=\"_blank\" rel=\"noreferrer noopener\">Global Exchange<\/a> en colaboraci\u00f3n con <a href=\"https:\/\/www.rompeviento.tv\/\" target=\"_blank\" rel=\"noreferrer noopener\">Rompeviento TV<\/a>, <a href=\"https:\/\/periodistasunidos.com.mx\/\" target=\"_blank\" rel=\"noreferrer noopener\">Periodistas Unidos<\/a> y Pen\u00ednsula 360 Press.<\/em><\/p>\n\n\n\n<p><em>Te puede interesar: <a href=\"https:\/\/peninsula360press.com\/es_mx\/movimiento-de-los-trabajadores-rurales-sin-tierra\/\">\u00abLula va a ganar en primera vuelta\u00bb: Movimiento de los Trabajadores Rurales Sin Tierra<\/a><\/em><\/p>\n","protected":false},"excerpt":{"rendered":"<p>Por Alejandro Mel\u00e9ndez e Irene Galindo. Periodistas Unidos \/ Global Exchange \/ Pen\u00ednsula 360 Press S\u00e3o Paulo, Brasil. 30 de septiembre de 2022.- En un agotador debate que dur\u00f3 m\u00e1s de tres horas a trav\u00e9s de la cadena brasile\u00f1a de televisi\u00f3n O Globo, el expresidente brasile\u00f1o Luiz In\u00e1cio Lula da Silva, favorito para las elecciones [&hellip;]<\/p>\n","protected":false},"author":4,"featured_media":13115,"comment_status":"open","ping_status":"open","sticky":false,"template":"","format":"standard","meta":{"footnotes":""},"categories":[14,8],"tags":[],"class_list":{"0":"post-13163","1":"post","2":"type-post","3":"status-publish","4":"format-standard","5":"has-post-thumbnail","7":"category-cover","8":"category-usworld"},"_links":{"self":[{"href":"https:\/\/peninsula360press.com\/es_mx\/wp-json\/wp\/v2\/posts\/13163","targetHints":{"allow":["GET"]}}],"collection":[{"href":"https:\/\/peninsula360press.com\/es_mx\/wp-json\/wp\/v2\/posts"}],"about":[{"href":"https:\/\/peninsula360press.com\/es_mx\/wp-json\/wp\/v2\/types\/post"}],"author":[{"embeddable":true,"href":"https:\/\/peninsula360press.com\/es_mx\/wp-json\/wp\/v2\/users\/4"}],"replies":[{"embeddable":true,"href":"https:\/\/peninsula360press.com\/es_mx\/wp-json\/wp\/v2\/comments?post=13163"}],"version-history":[{"count":1,"href":"https:\/\/peninsula360press.com\/es_mx\/wp-json\/wp\/v2\/posts\/13163\/revisions"}],"predecessor-version":[{"id":13175,"href":"https:\/\/peninsula360press.com\/es_mx\/wp-json\/wp\/v2\/posts\/13163\/revisions\/13175"}],"wp:featuredmedia":[{"embeddable":true,"href":"https:\/\/peninsula360press.com\/es_mx\/wp-json\/wp\/v2\/media\/13115"}],"wp:attachment":[{"href":"https:\/\/peninsula360press.com\/es_mx\/wp-json\/wp\/v2\/media?parent=13163"}],"wp:term":[{"taxonomy":"category","embeddable":true,"href":"https:\/\/peninsula360press.com\/es_mx\/wp-json\/wp\/v2\/categories?post=13163"},{"taxonomy":"post_tag","embeddable":true,"href":"https:\/\/peninsula360press.com\/es_mx\/wp-json\/wp\/v2\/tags?post=13163"}],"curies":[{"name":"wp","href":"https:\/\/api.w.org\/{rel}","templated":true}]}}