{"id":13368,"date":"2022-10-03T20:30:40","date_gmt":"2022-10-04T03:30:40","guid":{"rendered":"https:\/\/peninsula360press.com\/?p=13368"},"modified":"2022-10-19T16:34:02","modified_gmt":"2022-10-19T23:34:02","slug":"primera-cumbre-climatica-en-san-mateo","status":"publish","type":"post","link":"https:\/\/peninsula360press.com\/es_mx\/primera-cumbre-climatica-en-san-mateo\/","title":{"rendered":"Celebran la primera cumbre clim\u00e1tica en San Mateo"},"content":{"rendered":"\n<figure class=\"wp-block-image size-large is-resized\"><img fetchpriority=\"high\" decoding=\"async\" src=\"https:\/\/peninsula360press.com\/wp-content\/uploads\/2022\/10\/cumbre-climatica-sm-1024x682.png\" alt=\"cumbre clim\u00e1tica en San Mateo\" class=\"wp-image-13369\" width=\"696\" height=\"463\" srcset=\"https:\/\/peninsula360press.com\/wp-content\/uploads\/2022\/10\/cumbre-climatica-sm-1024x682.png 1024w, https:\/\/peninsula360press.com\/wp-content\/uploads\/2022\/10\/cumbre-climatica-sm-300x200.png 300w, https:\/\/peninsula360press.com\/wp-content\/uploads\/2022\/10\/cumbre-climatica-sm-768x512.png 768w, https:\/\/peninsula360press.com\/wp-content\/uploads\/2022\/10\/cumbre-climatica-sm-18x12.png 18w, https:\/\/peninsula360press.com\/wp-content\/uploads\/2022\/10\/cumbre-climatica-sm-150x100.png 150w, https:\/\/peninsula360press.com\/wp-content\/uploads\/2022\/10\/cumbre-climatica-sm-696x464.png 696w, https:\/\/peninsula360press.com\/wp-content\/uploads\/2022\/10\/cumbre-climatica-sm-1068x711.png 1068w\" sizes=\"(max-width: 696px) 100vw, 696px\" \/><figcaption>De izquierda a derecha: Moderadora Violet Wilfrido-Saena, fundadora y directora de Climate Resilient Communities, Desiree Labeaud, f\u00edsica, epidemi\u00f3loga y profesora de la escuela de Medicina de Stanford, Derek Ouyang, investigator del laboratorio de regulaci\u00f3n, evaluaci\u00f3n y gobernabilidad de Stanford y Natalie Hebert, investigadora post-doctoral de ciencias del comportamiento de Stanford. Foto: Francesca Pedraza. <\/figcaption><\/figure>\n\n\n\n<p>El lunes 3 de octubre se celebr\u00f3 la primera cumbre clim\u00e1tica en San Mateo que busca crear un compromiso colectivo para la adaptaci\u00f3n al clima y la equidad. La cumbre fue organizada por <a href=\"https:\/\/www.thrivealliance.org\/\" target=\"_blank\" rel=\"noreferrer noopener\">Thrive Alliance<\/a>, en conjunto con <a href=\"https:\/\/www.climatercommunities.org\/\" target=\"_blank\" rel=\"noreferrer noopener\">Climate Resilient Communities<\/a>, <a href=\"https:\/\/nuestracasa.org\/es\/\" target=\"_blank\" rel=\"noreferrer noopener\">Nuestra Casa<\/a> y <a href=\"https:\/\/www.risesouthcity.org\/\" target=\"_blank\" rel=\"noreferrer noopener\">Rise South City<\/a>.<\/p>\n\n\n\n<p>En la cumbre se tocaron las necesidades de adaptaci\u00f3n de las comunidades del condado y adem\u00e1s las estrategias que permitan alcanzar la vanguardia en la lucha por el cambio clim\u00e1tico.<\/p>\n\n\n\n<p>Comenz\u00f3 el d\u00eda con un breve desayuno donde hubo espacio y tiempo para crear alianzas entre los asistentes de distintas organizaciones de la sociedad civil, trabajadores de gobiernos locales, representantes de fundaciones, as\u00ed como acad\u00e9micos de Stanford.&nbsp;<\/p>\n\n\n\n<p>Georgia Farooq, directora ejecutiva de Thrive Alliance dio la bienvenida para&nbsp; iniciar las presentaciones de los distintos ponentes que asistieron a la cumbre.&nbsp;<\/p>\n\n\n\n<figure class=\"wp-block-image size-large is-resized\"><img decoding=\"async\" src=\"https:\/\/peninsula360press.com\/wp-content\/uploads\/2022\/10\/cumbre-climatica-sm-768x1024.jpeg\" alt=\"\" class=\"wp-image-13370\" width=\"696\" height=\"928\" srcset=\"https:\/\/peninsula360press.com\/wp-content\/uploads\/2022\/10\/cumbre-climatica-sm-768x1024.jpeg 768w, https:\/\/peninsula360press.com\/wp-content\/uploads\/2022\/10\/cumbre-climatica-sm-225x300.jpeg 225w, https:\/\/peninsula360press.com\/wp-content\/uploads\/2022\/10\/cumbre-climatica-sm-1152x1536.jpeg 1152w, https:\/\/peninsula360press.com\/wp-content\/uploads\/2022\/10\/cumbre-climatica-sm-9x12.jpeg 9w, https:\/\/peninsula360press.com\/wp-content\/uploads\/2022\/10\/cumbre-climatica-sm-150x200.jpeg 150w, https:\/\/peninsula360press.com\/wp-content\/uploads\/2022\/10\/cumbre-climatica-sm-300x400.jpeg 300w, https:\/\/peninsula360press.com\/wp-content\/uploads\/2022\/10\/cumbre-climatica-sm-696x928.jpeg 696w, https:\/\/peninsula360press.com\/wp-content\/uploads\/2022\/10\/cumbre-climatica-sm-1068x1424.jpeg 1068w\" sizes=\"(max-width: 696px) 100vw, 696px\" \/><figcaption>Georgia Farooq y Dr. Desiree LaBeaud. Foto P360P<\/figcaption><\/figure>\n\n\n\n<p>Jonathan Cordero es el <em>metush<\/em> (director o presidente) de la organizaci\u00f3n de los Ramaytush Ohlone, y habl\u00f3 sobre el reconomiento de la tierra en la cual se realiz\u00f3 la cumbre, perteneciente a las personas nativas Ramaytush Ohlone.<\/p>\n\n\n\n<p>La conferencia magistral fue realizada por Cecilia Taylor, concejal del distrito 1 de Menlo Park, quien adem\u00e1s busca mejorar la seguridad, el desarrollo econ\u00f3mico y la equidad en su distrito.&nbsp;<\/p>\n\n\n\n<blockquote class=\"wp-block-quote is-layout-flow wp-block-quote-is-layout-flow\"><p>\u00abLa mayor parte de lo que vivimos tiene sus ra\u00edces en el racismo, no podemos negarlo\u00bb, se\u00f1al\u00f3&nbsp;<\/p><cite>Cecilia Taylor<\/cite><\/blockquote>\n\n\n\n<figure class=\"wp-block-image size-full\"><img decoding=\"async\" width=\"1024\" height=\"768\" src=\"https:\/\/peninsula360press.com\/wp-content\/uploads\/2022\/10\/cumbre-climatica-San-Mateo.jpeg\" alt=\"\" class=\"wp-image-13371\" srcset=\"https:\/\/peninsula360press.com\/wp-content\/uploads\/2022\/10\/cumbre-climatica-San-Mateo.jpeg 1024w, https:\/\/peninsula360press.com\/wp-content\/uploads\/2022\/10\/cumbre-climatica-San-Mateo-300x225.jpeg 300w, https:\/\/peninsula360press.com\/wp-content\/uploads\/2022\/10\/cumbre-climatica-San-Mateo-768x576.jpeg 768w, https:\/\/peninsula360press.com\/wp-content\/uploads\/2022\/10\/cumbre-climatica-San-Mateo-16x12.jpeg 16w, https:\/\/peninsula360press.com\/wp-content\/uploads\/2022\/10\/cumbre-climatica-San-Mateo-150x113.jpeg 150w, https:\/\/peninsula360press.com\/wp-content\/uploads\/2022\/10\/cumbre-climatica-San-Mateo-696x522.jpeg 696w\" sizes=\"(max-width: 1024px) 100vw, 1024px\" \/><figcaption>Conferencia magistral de Cecilia Taylor. Foto P360P<\/figcaption><\/figure>\n\n\n\n<p>La cumbre se centr\u00f3 en dar a conocer las necesidades de adaptaci\u00f3n en las comunidades de primera l\u00ednea del condado de San Mateo, en informarse sobre c\u00f3mo llevar a las comunidades y a las organizaciones comunitarias a la vanguardia de la lucha contra el cambio clim\u00e1tico en el condado.<\/p>\n\n\n\n<p>Por su parte, Natalie Herbert, investigadora postdoctoral del Instituto Stanford Woods para el Medio Ambiente, se\u00f1al\u00f3 la importancia de tener datos para lograr la justicia ambiental.<\/p>\n\n\n\n<p>La doctora Desiree LaBeaud, profesora de la Universidad de Stanford y cofundadora de HERI-Kenya, habl\u00f3 sobre la importancia de hacer un cambio por las generaciones futuras: \u00abMe preocupan mucho nuestros ni\u00f1os. Los ni\u00f1os realmente necesitan entornos seguros, estables y enriquecedores para crecer y aprender y prosperar. Ellos pueden estar estresados por lo que sucede en sus hogares, lo que ocurre en su comunidad. Pero tambi\u00e9n lo que ocurre fuera, en el entorno\u00bb.<\/p>\n\n\n\n<p>Aunado, detall\u00f3 que los impactos del cambio clim\u00e1tico se sienten en todo nuestro cuerpo, no s\u00f3lo en nuestros sistemas respiratorios a causa del humo de los incendios forestales, el polen y la contaminaci\u00f3n del aire nos provocan afecciones respiratorias; sino tambi\u00e9n a la salud mental de los ni\u00f1os.&nbsp;<\/p>\n\n\n\n<p>\u00abTodos sabemos que todos los ni\u00f1os que nacen hoy se ver\u00e1n afectados por el cambio clim\u00e1tico y que las decisiones que tomemos ahora, y la forma en que nos unamos, determinar\u00e1n el futuro de todos nosotros y de todas las generaciones futuras\u00bb.<\/p>\n\n\n\n<p>En la cumbre se se\u00f1al\u00f3 mucho la necesidad de apoyar a las poblaciones m\u00e1s vulnerables. Al igual que Taylor, LaBeaud destac\u00f3 que \u00abel cambio clim\u00e1tico, la vulnerabilidad, la salud y la equidad est\u00e1n estrechamente relacionados. Las poblaciones pueden ser vulnerables por su fisiolog\u00eda y edad. Pero las poblaciones tambi\u00e9n son vulnerables por el racismo, la igualdad y la pobreza\u00bb.<\/p>\n\n\n\n<p>Por su parte, Derek Ouyang, dise\u00f1ador, ingeniero y educador; director de investigaci\u00f3n en el Laboratorio de Regulaci\u00f3n, Evaluaci\u00f3n y Gobernanza de Stanford, se\u00f1al\u00f3 que \u00aba finales del siglo, debemos esperar 2 pies o m\u00e1s de aumento del nivel del mar en el \u00c1rea de la bah\u00eda, por lo que cualquier tipo de acci\u00f3n de las olas que suceda, es m\u00e1s probable que se vuelque sobre el borde y afecte a las comunidades frente a la Bah\u00eda\u00bb.<\/p>\n\n\n\n<p>Ouyang agreg\u00f3 que, en un futuro pr\u00f3ximo, los da\u00f1os que implica el cambio clim\u00e1tico en cuanto a inundaciones y el crecimiento en el nivel del mar, podr\u00edan iimplicar un gasto de un bill\u00f3n de d\u00f3lares anuales o m\u00e1s, tan solo en el \u00c1rea de la Bah\u00eda.<\/p>\n\n\n\n<p>\u00abEs un gran problema, pero eso tiende a centrar el impacto y la formulaci\u00f3n de pol\u00edticas en torno a grandes proyectos de infraestructura que pueden hacer frente a eso. Y al comprometernos profundamente con las comunidades, cambiamos toda nuestra perspectiva para centrarnos en el hogar que tiene alg\u00fan tipo de ingreso que tal vez se destina principalmente a los gastos necesarios como alimentaci\u00f3n, vivienda, atenci\u00f3n m\u00e9dica, transporte, y tal vez tienen un fondo para d\u00edas lluviosos para el que est\u00e1n ahorrando poco a poco, pero cuando ese d\u00eda lluvioso realmente ocurre, entonces esos ahorros pueden agotarse\u00bb.<\/p>\n\n\n\n<blockquote class=\"wp-block-quote is-layout-flow wp-block-quote-is-layout-flow\"><p>Lo anterior, se\u00f1al\u00f3, puede provocar un desplazamiento de personas del \u00c1rea de la Bah\u00eda.<\/p><cite>Derek Ouyang<\/cite><\/blockquote>\n\n\n\n<p>Tras los ponentes de la ma\u00f1ana, continu\u00f3 la tarde el panel de liderazgo local: El cambio de poder a las comunidades de primera l\u00ednea, moderado por Miriam Yupanqui, Directora Ejecutiva de Nuestra Casa con los ponentes Irma Rodr\u00edguez Mitton, Directora Ejecutiva de South Coast Sustainable; Ever Rodr\u00edguez, presidente fundador de North Fair Oaks Community Alliance y Regina Wallace Jones, concejala y ex alcaldesa de East Palo Alto.&nbsp;<\/p>\n\n\n\n<p>El objetivo de dicho panel fue discutir la creaci\u00f3n de relaciones m\u00e1s fuertes entre las comunidades y todos los sectores para cambiar la din\u00e1mica de poder.<\/p>\n\n\n\n<p>Finalmente, las ponentes Carolyn Bloede, Directora de la Oficina de Sostenibilidad del Condado de San Mateo; Laura Tam, responsable del programa, Resources Legacy Fund hablaron sobre recursos as\u00ed como financiamiento. Dicho panel fue moderado por Julio Garc\u00eda, Director Ejecutivo de Rise South City.<\/p>\n\n\n\n<p>En dicho panel, Dana Brechwald, Directora del Programa Adapting to Rising Tides de la Comisi\u00f3n de Conservaci\u00f3n y Desarrollo de la Bah\u00eda (BCDC) dice que \u00abla agencia pagar\u00e1 a los asesores de justicia ambiental\/comunitaria el mismo pago por hora que reciben los consultores (en lugar de un subsidio que dice no es proporcional a su experiencia y tiempo)\u00bb.<\/p>\n\n\n\n<p>La primera cumbre clim\u00e1tica en el condado de San Mateo cerr\u00f3 con el compromiso de crear un acuerdo colectivo para garantizar que las comunidades del condado est\u00e9n preparadas y protegidas contra el cambio clim\u00e1tico.<\/p>\n\n\n\n<p><em>Te puede interesar: <a href=\"https:\/\/peninsula360press.com\/es_mx\/cumbre-climatica-del-condado-de-san-mateo\/\">Realizar\u00e1n Primera Cumbre Anual Clim\u00e1tica del condado de San Mateo<\/a><\/em><\/p>\n","protected":false},"excerpt":{"rendered":"<p>El lunes 3 de octubre se celebr\u00f3 la primera cumbre clim\u00e1tica en San Mateo que busca crear un compromiso colectivo para la adaptaci\u00f3n al clima y la equidad. La cumbre fue organizada por Thrive Alliance, en conjunto con Climate Resilient Communities, Nuestra Casa y Rise South City. En la cumbre se tocaron las necesidades de [&hellip;]<\/p>\n","protected":false},"author":4,"featured_media":13369,"comment_status":"open","ping_status":"open","sticky":false,"template":"","format":"standard","meta":{"footnotes":""},"categories":[14,6],"tags":[],"class_list":{"0":"post-13368","1":"post","2":"type-post","3":"status-publish","4":"format-standard","5":"has-post-thumbnail","7":"category-cover","8":"category-habitat"},"_links":{"self":[{"href":"https:\/\/peninsula360press.com\/es_mx\/wp-json\/wp\/v2\/posts\/13368","targetHints":{"allow":["GET"]}}],"collection":[{"href":"https:\/\/peninsula360press.com\/es_mx\/wp-json\/wp\/v2\/posts"}],"about":[{"href":"https:\/\/peninsula360press.com\/es_mx\/wp-json\/wp\/v2\/types\/post"}],"author":[{"embeddable":true,"href":"https:\/\/peninsula360press.com\/es_mx\/wp-json\/wp\/v2\/users\/4"}],"replies":[{"embeddable":true,"href":"https:\/\/peninsula360press.com\/es_mx\/wp-json\/wp\/v2\/comments?post=13368"}],"version-history":[{"count":5,"href":"https:\/\/peninsula360press.com\/es_mx\/wp-json\/wp\/v2\/posts\/13368\/revisions"}],"predecessor-version":[{"id":13614,"href":"https:\/\/peninsula360press.com\/es_mx\/wp-json\/wp\/v2\/posts\/13368\/revisions\/13614"}],"wp:featuredmedia":[{"embeddable":true,"href":"https:\/\/peninsula360press.com\/es_mx\/wp-json\/wp\/v2\/media\/13369"}],"wp:attachment":[{"href":"https:\/\/peninsula360press.com\/es_mx\/wp-json\/wp\/v2\/media?parent=13368"}],"wp:term":[{"taxonomy":"category","embeddable":true,"href":"https:\/\/peninsula360press.com\/es_mx\/wp-json\/wp\/v2\/categories?post=13368"},{"taxonomy":"post_tag","embeddable":true,"href":"https:\/\/peninsula360press.com\/es_mx\/wp-json\/wp\/v2\/tags?post=13368"}],"curies":[{"name":"wp","href":"https:\/\/api.w.org\/{rel}","templated":true}]}}