{"id":13606,"date":"2022-10-18T15:01:26","date_gmt":"2022-10-18T22:01:26","guid":{"rendered":"https:\/\/peninsula360press.com\/?p=13606"},"modified":"2022-10-18T15:01:28","modified_gmt":"2022-10-18T22:01:28","slug":"estudiantes-de-ssffa-demandan-a-harvard","status":"publish","type":"post","link":"https:\/\/peninsula360press.com\/es_mx\/estudiantes-de-ssffa-demandan-a-harvard\/","title":{"rendered":"Demanda SFFA a Harvard y la UNC por discriminaci\u00f3n racial"},"content":{"rendered":"\n<figure class=\"wp-block-image size-large\"><img fetchpriority=\"high\" decoding=\"async\" width=\"1024\" height=\"684\" src=\"https:\/\/peninsula360press.com\/wp-content\/uploads\/2022\/10\/racismo-racism-p360p-1024x684.jpg\" alt=\"Demanda SFFA a Harvard y la UNC por discriminaci\u00f3n racial\" class=\"wp-image-13607\" srcset=\"https:\/\/peninsula360press.com\/wp-content\/uploads\/2022\/10\/racismo-racism-p360p-1024x684.jpg 1024w, https:\/\/peninsula360press.com\/wp-content\/uploads\/2022\/10\/racismo-racism-p360p-300x200.jpg 300w, https:\/\/peninsula360press.com\/wp-content\/uploads\/2022\/10\/racismo-racism-p360p-768x513.jpg 768w, https:\/\/peninsula360press.com\/wp-content\/uploads\/2022\/10\/racismo-racism-p360p-18x12.jpg 18w, https:\/\/peninsula360press.com\/wp-content\/uploads\/2022\/10\/racismo-racism-p360p-150x100.jpg 150w, https:\/\/peninsula360press.com\/wp-content\/uploads\/2022\/10\/racismo-racism-p360p-696x465.jpg 696w, https:\/\/peninsula360press.com\/wp-content\/uploads\/2022\/10\/racismo-racism-p360p-1068x713.jpg 1068w\" sizes=\"(max-width: 1024px) 100vw, 1024px\" \/><figcaption>Foto: Manuel Ortiz P360P<\/figcaption><\/figure>\n\n\n\n<p>Estudiantes de comunidades de color v\u00edctimas de discriminaci\u00f3n, a trav\u00e9s de la asociaci\u00f3n Students for Fair Admissions \u2013SFFA, por sus siglas en ingl\u00e9s\u2013 demandan a Harvard y la Universidad de Carolina del Norte.<\/p>\n\n\n\n<p>La asociaci\u00f3n SFFA representa a estudiantes que fueron rechazados por las universidades y que se\u00f1alan que han sido v\u00edctimas de discriminaci\u00f3n debido a las pol\u00edticas de admisi\u00f3n.<\/p>\n\n\n\n<p>SSFA ha demandado a Harvard y la Universidad de Carolina del Norte debido a que sus admisiones toman en consideraci\u00f3n la raza en el proceso de solicitud y han se\u00f1alado que en Harvard se est\u00e1 violando la Ley de Derechos Civiles de 1964, discriminando a la poblaci\u00f3n asi\u00e1tico-americana, sin embargo ninguna de las v\u00edctimas ha testificado.<\/p>\n\n\n\n<p>Adem\u00e1s, la asociaci\u00f3n ha pedido a la Corte Suprema que anule el caso Grutter vs Bollinger, que permiti\u00f3 que la facultad de Derecho de la Universidad de Michigan tuviera en cuenta la raza en las admisiones con el objetivo de conseguir una mayor diversidad.<\/p>\n\n\n\n<p>Y es que tanto Harvard como la Universidad de Carolina del Norte, han argumentado que los criterios raciales son utilizados para aumentar la diversidad en sus campus.<\/p>\n\n\n\n<p>\u00abLos casos de acci\u00f3n afirmativa han permanecido en los libros y existe un fuerte precedente en los libros para el uso continuo de la raza en las pol\u00edticas de admisi\u00f3n\u00bb, se\u00f1al\u00f3 John C. Yang, director ejecutivo de Asian Americans Advancing Justice \u2013AAJC, por sus siglas en ingl\u00e9s\u2013, en una rueda de prensa organizada por <a href=\"https:\/\/ethnicmediaservices.org\/\" target=\"_blank\" rel=\"noreferrer noopener\">Ethnic Media Services<\/a> en la que expertos se reunieron para discutir acerca de lo que est\u00e1 en juego para los estudiantes de color en el mantenimiento de los criterios raciales en las pol\u00edticas de admisi\u00f3n de las universidades.<\/p>\n\n\n\n<p>Asimismo Yang indic\u00f3 que en el caso de Harvard, las admisiones de los estudiantes de la comunidad asi\u00e1tico-estadounidense han aumentado significativamente y dijo que \u00abConstituyen casi el 28 por ciento de la clase admitida m\u00e1s recientemente, a pesar de que estos representan aproximadamente el 7 por ciento de la poblaci\u00f3n en Estados Unidos\u00bb.<\/p>\n\n\n\n<p>Y es que los tribunales de distrito y apelaciones han concluido que no existe evidencia de discriminaci\u00f3n contra la comunidad asi\u00e1tico-estadounidense.<\/p>\n\n\n\n<p>Adem\u00e1s, Yang destac\u00f3 que en caso de que Harvard dejara de considerar la raza en las admisiones, la cantidad de estudiantes afroamericanos disminuir\u00eda del 14 al 6 por ciento, mientras que la cantidad de estudiantes latinos disminuir\u00eda del 14 al nueve por ciento.<\/p>\n\n\n\n<p>\u00abEst\u00e1n apostando contra la equidad y la oportunidad. Pero la historia est\u00e1 de nuestro lado la Constituci\u00f3n est\u00e1 de nuestro lado, la ley est\u00e1 de nuestro lado y los hechos tambi\u00e9n\u00bb, se\u00f1al\u00f3 David Hinojosa, del Comit\u00e9 de Abogados por los Derechos Civiles Bajo la Ley\u00bb.<\/p>\n\n\n\n<p>Hinojosa tambi\u00e9n se\u00f1al\u00f3 que \u00ablo que est\u00e1 en juego no podr\u00eda ser m\u00e1s alto\u00bb y denunci\u00f3 que mucha gente est\u00e1 apostando en contra de la acci\u00f3n afirmativa, lo que afectar\u00e1 a las oportunidades de admisi\u00f3n para las comunidades de color.<\/p>\n\n\n\n<h2 class=\"wp-block-heading\"><strong>Pol\u00edticas de admisi\u00f3n dan oportunidades<\/strong><\/h2>\n\n\n\n<p>\u00abFui a escuelas p\u00fablicas toda mi vida y, desde muy joven, a menudo traduc\u00eda y defend\u00eda a mis padres\u00bb,&nbsp; cont\u00f3 Sally Chen, graduada de Harvard, en la rueda de prensa y se\u00f1al\u00f3 que gracias a las pol\u00edticas de admisi\u00f3n de Harvard tuvo los beneficios de la educaci\u00f3n, pues es hija de trabajadores inmigrantes.<\/p>\n\n\n\n<p>Se\u00f1al\u00f3 tambi\u00e9n que la construcci\u00f3n de coaliciones interraciales le ha permitido abogar por pol\u00edticas que le den mayores oportunidades educativas para todos.<\/p>\n\n\n\n<p>Por su parte, Michaele Turnage-Young, del Fondo de Defensa Legal, puntualiz\u00f3 que los estudiantes de las comunidades minoritarias tienen menos oportunidades de ser admitidos en las universidades y de tres a seis veces m\u00e1s probabilidades que los estudiantes blancos, de asistir a una escuela de alta pobreza.<\/p>\n\n\n\n<p>\u00abTodos los estudiantes merecen una oportunidad justa de ir a la universidad\u00bb, se\u00f1al\u00f3 Turnage-Young y advirti\u00f3 que borrar los criterios raciales de las pol\u00edticas de admisi\u00f3n puede imposibilitar que las comunidades de color se presenten a s\u00ed mismos en sus solicitudes.<\/p>\n\n\n<div class=\"wp-block-image\">\n<figure class=\"alignleft\"><img decoding=\"async\" width=\"150\" height=\"150\" src=\"https:\/\/peninsula360press.com\/wp-content\/uploads\/2022\/09\/StopTheHate-150x150.png\" alt=\"\" class=\"wp-image-13208\" srcset=\"https:\/\/peninsula360press.com\/wp-content\/uploads\/2022\/09\/StopTheHate-150x150.png 150w, https:\/\/peninsula360press.com\/wp-content\/uploads\/2022\/09\/StopTheHate-300x301.png 300w, https:\/\/peninsula360press.com\/wp-content\/uploads\/2022\/09\/StopTheHate-768x770.png 768w, https:\/\/peninsula360press.com\/wp-content\/uploads\/2022\/09\/StopTheHate-12x12.png 12w, https:\/\/peninsula360press.com\/wp-content\/uploads\/2022\/09\/StopTheHate-696x698.png 696w, https:\/\/peninsula360press.com\/wp-content\/uploads\/2022\/09\/StopTheHate.png 1007w\" sizes=\"(max-width: 150px) 100vw, 150px\" \/><\/figure>\n<\/div>\n\n<div class=\"wp-block-image\">\n<figure class=\"alignright\"><img decoding=\"async\" width=\"150\" height=\"150\" src=\"https:\/\/peninsula360press.com\/wp-content\/uploads\/2022\/09\/Stop-Hate-150x150.png\" alt=\"\" class=\"wp-image-13209\" srcset=\"https:\/\/peninsula360press.com\/wp-content\/uploads\/2022\/09\/Stop-Hate-150x150.png 150w, https:\/\/peninsula360press.com\/wp-content\/uploads\/2022\/09\/Stop-Hate-300x300.png 300w, https:\/\/peninsula360press.com\/wp-content\/uploads\/2022\/09\/Stop-Hate-1024x1024.png 1024w, https:\/\/peninsula360press.com\/wp-content\/uploads\/2022\/09\/Stop-Hate-768x768.png 768w, https:\/\/peninsula360press.com\/wp-content\/uploads\/2022\/09\/Stop-Hate-12x12.png 12w, https:\/\/peninsula360press.com\/wp-content\/uploads\/2022\/09\/Stop-Hate-696x696.png 696w, https:\/\/peninsula360press.com\/wp-content\/uploads\/2022\/09\/Stop-Hate-1068x1068.png 1068w\" sizes=\"(max-width: 150px) 100vw, 150px\" \/><\/figure>\n<\/div>\n\n\n<p class=\"has-text-align-center\"><em>This publication was supported in whole or in part by funding provided by the State of California, administered by the&nbsp;<a href=\"https:\/\/www.library.ca.gov\/\" target=\"_blank\" rel=\"noreferrer noopener\">California State Library.<\/a><\/em><\/p>\n\n\n<div class=\"wp-block-image\">\n<figure class=\"aligncenter\"><img loading=\"lazy\" decoding=\"async\" width=\"400\" height=\"115\" src=\"https:\/\/peninsula360press.com\/wp-content\/uploads\/2022\/08\/CSL-Logo@400.png\" alt=\"\" class=\"wp-image-12082\" srcset=\"https:\/\/peninsula360press.com\/wp-content\/uploads\/2022\/08\/CSL-Logo@400.png 400w, https:\/\/peninsula360press.com\/wp-content\/uploads\/2022\/08\/CSL-Logo@400-300x86.png 300w, https:\/\/peninsula360press.com\/wp-content\/uploads\/2022\/08\/CSL-Logo@400-18x5.png 18w, https:\/\/peninsula360press.com\/wp-content\/uploads\/2022\/08\/CSL-Logo@400-150x43.png 150w\" sizes=\"(max-width: 400px) 100vw, 400px\" \/><\/figure>\n<\/div>\n\n\n<p><em>Te puede interesar:<a href=\"https:\/\/peninsula360press.com\/es_mx\/nury-martinez\/\"> Renuncia presidenta del Concejo de la ciudad de Los \u00c1ngeles tras realizar comentarios racistas<\/a><\/em><\/p>\n","protected":false},"excerpt":{"rendered":"<p>Estudiantes de comunidades de color v\u00edctimas de discriminaci\u00f3n, a trav\u00e9s de la asociaci\u00f3n Students for Fair Admissions \u2013SFFA, por sus siglas en ingl\u00e9s\u2013 demandan a Harvard y la Universidad de Carolina del Norte. La asociaci\u00f3n SFFA representa a estudiantes que fueron rechazados por las universidades y que se\u00f1alan que han sido v\u00edctimas de discriminaci\u00f3n debido [&hellip;]<\/p>\n","protected":false},"author":4,"featured_media":13607,"comment_status":"open","ping_status":"open","sticky":false,"template":"","format":"standard","meta":{"footnotes":""},"categories":[9,14],"tags":[],"class_list":{"0":"post-13606","1":"post","2":"type-post","3":"status-publish","4":"format-standard","5":"has-post-thumbnail","7":"category-community","8":"category-cover"},"_links":{"self":[{"href":"https:\/\/peninsula360press.com\/es_mx\/wp-json\/wp\/v2\/posts\/13606","targetHints":{"allow":["GET"]}}],"collection":[{"href":"https:\/\/peninsula360press.com\/es_mx\/wp-json\/wp\/v2\/posts"}],"about":[{"href":"https:\/\/peninsula360press.com\/es_mx\/wp-json\/wp\/v2\/types\/post"}],"author":[{"embeddable":true,"href":"https:\/\/peninsula360press.com\/es_mx\/wp-json\/wp\/v2\/users\/4"}],"replies":[{"embeddable":true,"href":"https:\/\/peninsula360press.com\/es_mx\/wp-json\/wp\/v2\/comments?post=13606"}],"version-history":[{"count":1,"href":"https:\/\/peninsula360press.com\/es_mx\/wp-json\/wp\/v2\/posts\/13606\/revisions"}],"predecessor-version":[{"id":13608,"href":"https:\/\/peninsula360press.com\/es_mx\/wp-json\/wp\/v2\/posts\/13606\/revisions\/13608"}],"wp:featuredmedia":[{"embeddable":true,"href":"https:\/\/peninsula360press.com\/es_mx\/wp-json\/wp\/v2\/media\/13607"}],"wp:attachment":[{"href":"https:\/\/peninsula360press.com\/es_mx\/wp-json\/wp\/v2\/media?parent=13606"}],"wp:term":[{"taxonomy":"category","embeddable":true,"href":"https:\/\/peninsula360press.com\/es_mx\/wp-json\/wp\/v2\/categories?post=13606"},{"taxonomy":"post_tag","embeddable":true,"href":"https:\/\/peninsula360press.com\/es_mx\/wp-json\/wp\/v2\/tags?post=13606"}],"curies":[{"name":"wp","href":"https:\/\/api.w.org\/{rel}","templated":true}]}}