{"id":14456,"date":"2022-12-22T14:02:15","date_gmt":"2022-12-22T21:02:15","guid":{"rendered":"https:\/\/peninsula360press.com\/?p=14456"},"modified":"2022-12-22T14:02:18","modified_gmt":"2022-12-22T21:02:18","slug":"gustavo-graf","status":"publish","type":"post","link":"https:\/\/peninsula360press.com\/es_mx\/gustavo-graf\/","title":{"rendered":"Las memorias fotogr\u00e1ficas de Gustavo Graf"},"content":{"rendered":"\n<figure class=\"wp-block-image size-large\"><img fetchpriority=\"high\" decoding=\"async\" width=\"1024\" height=\"682\" src=\"https:\/\/peninsula360press.com\/wp-content\/uploads\/2022\/12\/Gustavo-Graf-1024x682.jpeg\" alt=\"Gustavo Graf\" class=\"wp-image-14457\" srcset=\"https:\/\/peninsula360press.com\/wp-content\/uploads\/2022\/12\/Gustavo-Graf-1024x682.jpeg 1024w, https:\/\/peninsula360press.com\/wp-content\/uploads\/2022\/12\/Gustavo-Graf-300x200.jpeg 300w, https:\/\/peninsula360press.com\/wp-content\/uploads\/2022\/12\/Gustavo-Graf-768x512.jpeg 768w, https:\/\/peninsula360press.com\/wp-content\/uploads\/2022\/12\/Gustavo-Graf-18x12.jpeg 18w, https:\/\/peninsula360press.com\/wp-content\/uploads\/2022\/12\/Gustavo-Graf-150x100.jpeg 150w, https:\/\/peninsula360press.com\/wp-content\/uploads\/2022\/12\/Gustavo-Graf-696x464.jpeg 696w, https:\/\/peninsula360press.com\/wp-content\/uploads\/2022\/12\/Gustavo-Graf-1068x712.jpeg 1068w\" sizes=\"(max-width: 1024px) 100vw, 1024px\" \/><figcaption class=\"wp-element-caption\">Gustavo Graf Foto: H\u00e9ctor T\u00e9llez<\/figcaption><\/figure>\n\n\n\n<figure class=\"wp-block-audio\"><audio controls src=\"https:\/\/peninsula360press.com\/wp-content\/uploads\/2022\/12\/PERSONAJE-GUSTAVO-GRAF.mp3\"><\/audio><figcaption class=\"wp-element-caption\"><sup>Escucha la nota de voz de Constanza Mazzotti<\/sup><\/figcaption><\/figure>\n\n\n\n<p>Cuenta que fue hace mucho tiempo cuando conoci\u00f3 Temoaya, una comunidad principalmente rural que pertenece a uno de los 125 municipios del Estado de M\u00e9xico.<\/p>\n\n\n\n<p>Recuerda que fue acompa\u00f1ando a su padre a la edad de ocho a\u00f1os pues hab\u00edan inaugurado el Centro Ceremonial Otom\u00ed.<\/p>\n\n\n\n<p>Comenta que Temoaya se instaur\u00f3 en sus recuerdos, los mismos que ahora conforman las memorias fotogr\u00e1ficas de Gustavo Graf, quien es actualmente fotodocumentalista freelance de la Ciudad de M\u00e9xico.<\/p>\n\n\n\n<p>Temoaya fue un viaje que dej\u00f3 marcada la infancia de quien 24 a\u00f1os despu\u00e9s regres\u00f3 a dicho municipio para terminar la tarea que se qued\u00f3 pendiente.<\/p>\n\n\n\n<p>Y es que en 1996 una vez desempe\u00f1\u00e1ndose como fotoperiodista profesional de la mano de Marco Antonio Cruz en Imagen Latina Gustavo Graf decidi\u00f3 retomar uno de sus proyectos m\u00e1s ambiciosos que ahora plasma en su m\u00e1s reciente libro <em>Fuego Nuestro<\/em> con material que data de 1997 y que muestra el sincretismo religioso que vive la comunidad otom\u00ed H\u00f1ah\u00f1u de Temoaya.<\/p>\n\n\n\n<p>Graf retrat\u00f3 bajo su lente durante un a\u00f1o y con ayuda del Padre Silvestre cada una de las festividades de la comunidad Otom\u00ed pero dicho trabajo qued\u00f3, cuenta el fotodocumentalista, \u00abguardado en un caj\u00f3n\u00bb.<\/p>\n\n\n\n<p>Fue hasta el a\u00f1o de 2020, el famoso a\u00f1o de la Pandemia Covid-19 que Graf decidi\u00f3 abrir sus archivos y volcarse a la publicaci\u00f3n de <em>Fuego Nuestro<\/em>.<\/p>\n\n\n\n<p>-El hilo conductor del libro-menciona Graf, es el sincretismo religioso que gira alrededor del Santuario del Se\u00f1or Santiago, el rito cat\u00f3lico y la cultura Hnanhu mezclados en las fiestas, procesiones y danzas-<\/p>\n\n\n\n<p>Cabe resaltar que adem\u00e1s de adquirir el libro <em>Fuego Nuestro<\/em> el trabajo fotodocumental se puede apreciar en la exposici\u00f3n en el Corredor Cultural Universitario de la Universidad Aut\u00f3noma del Estado de M\u00e9xico (UAEM\u00e9x).<\/p>\n\n\n\n<p>Adem\u00e1s en se puede encontrar parte de su trabajo en las redes del fot\u00f3grafo: <a href=\"http:\/\/gustavograf.com\/\" target=\"_blank\" rel=\"noreferrer noopener\">http:\/\/gustavograf.com\/<\/a> &nbsp;y en Instagram @gustavograf_<\/p>\n\n\n\n<p>Para m\u00e1s detalles sobre el trabajo del fotodocumentalista mexicano Gustavo Graf, visita la entrevista en la cuenta de Instagram de&nbsp;@peninsula360press.  <\/p>\n\n\n\n<p><em>Te puede interesar: <a href=\"https:\/\/peninsula360press.com\/es_mx\/reyna-nuci\/\">Reyna, la maestra del rebozo<\/a><\/em><\/p>\n","protected":false},"excerpt":{"rendered":"<p>Cuenta que fue hace mucho tiempo cuando conoci\u00f3 Temoaya, una comunidad principalmente rural que pertenece a uno de los 125 municipios del Estado de M\u00e9xico. Recuerda que fue acompa\u00f1ando a su padre a la edad de ocho a\u00f1os pues hab\u00edan inaugurado el Centro Ceremonial Otom\u00ed. Comenta que Temoaya se instaur\u00f3 en sus recuerdos, los mismos [&hellip;]<\/p>\n","protected":false},"author":29,"featured_media":14457,"comment_status":"open","ping_status":"open","sticky":false,"template":"","format":"standard","meta":{"footnotes":""},"categories":[14,11],"tags":[],"class_list":{"0":"post-14456","1":"post","2":"type-post","3":"status-publish","4":"format-standard","5":"has-post-thumbnail","7":"category-cover","8":"category-culture"},"_links":{"self":[{"href":"https:\/\/peninsula360press.com\/es_mx\/wp-json\/wp\/v2\/posts\/14456","targetHints":{"allow":["GET"]}}],"collection":[{"href":"https:\/\/peninsula360press.com\/es_mx\/wp-json\/wp\/v2\/posts"}],"about":[{"href":"https:\/\/peninsula360press.com\/es_mx\/wp-json\/wp\/v2\/types\/post"}],"author":[{"embeddable":true,"href":"https:\/\/peninsula360press.com\/es_mx\/wp-json\/wp\/v2\/users\/29"}],"replies":[{"embeddable":true,"href":"https:\/\/peninsula360press.com\/es_mx\/wp-json\/wp\/v2\/comments?post=14456"}],"version-history":[{"count":3,"href":"https:\/\/peninsula360press.com\/es_mx\/wp-json\/wp\/v2\/posts\/14456\/revisions"}],"predecessor-version":[{"id":14461,"href":"https:\/\/peninsula360press.com\/es_mx\/wp-json\/wp\/v2\/posts\/14456\/revisions\/14461"}],"wp:featuredmedia":[{"embeddable":true,"href":"https:\/\/peninsula360press.com\/es_mx\/wp-json\/wp\/v2\/media\/14457"}],"wp:attachment":[{"href":"https:\/\/peninsula360press.com\/es_mx\/wp-json\/wp\/v2\/media?parent=14456"}],"wp:term":[{"taxonomy":"category","embeddable":true,"href":"https:\/\/peninsula360press.com\/es_mx\/wp-json\/wp\/v2\/categories?post=14456"},{"taxonomy":"post_tag","embeddable":true,"href":"https:\/\/peninsula360press.com\/es_mx\/wp-json\/wp\/v2\/tags?post=14456"}],"curies":[{"name":"wp","href":"https:\/\/api.w.org\/{rel}","templated":true}]}}