{"id":1458,"date":"2020-09-25T19:07:08","date_gmt":"2020-09-25T19:07:08","guid":{"rendered":"https:\/\/peninsula360press.com\/?p=1458"},"modified":"2022-03-15T15:17:20","modified_gmt":"2022-03-15T22:17:20","slug":"opinion-el-desencanto-14-anos-del-gobierno-de-evo-morales","status":"publish","type":"post","link":"https:\/\/peninsula360press.com\/es_mx\/opinion-el-desencanto-14-anos-del-gobierno-de-evo-morales\/","title":{"rendered":"Opini\u00f3n: El Desencanto. 14 a\u00f1os del gobierno de Evo Morales"},"content":{"rendered":"\n<p>Por Hugo Jos\u00e9 Su\u00e1rez <\/p>\n\n\n\n<p>En la ma\u00f1ana del s\u00e1bado pasado [principios de septiembre], empez\u00f3 a circular mi nuevo libro <em>El desencanto. 14 a\u00f1os del gobierno de Evo Morales<\/em> (Editorial 3600, disponible en internet) en el que analizo cr\u00edticamente el accionar pol\u00edtico del expresidente y particularmente mi implicaci\u00f3n en el \u201cproceso de cambio\u201d, que pas\u00f3 de la esperanza a la profunda decepci\u00f3n. Muchas personas reaccionaron, agradezco que est\u00e9 siendo le\u00eddo y que circule. <\/p>\n\n\n\n<p>Lo m\u00e1s curioso fue que, antes de que pasaran veinticuatro horas, alguien llam\u00f3 a mi casa en Bolivia -no s\u00e9 c\u00f3mo adquiri\u00f3 el n\u00famero- y escondido del otro lado del auricular dej\u00f3 una pregunta que en realidad era una acusaci\u00f3n: \u201c\u00bfCu\u00e1nto les pag\u00f3 Doria Medina por El Desencanto?\u201d. <\/p>\n\n\n\n<p>Ignoro el origen de la llamada, aunque intuyo su fuente.Empecemos por lo obvio. Nadie me pag\u00f3 para escribir el libro. O m\u00e1s bien, no lo hizo Doria Medina, a quien no conozco personalmente y de quien jam\u00e1s he recibido un quinto (y por supuesto que no apoyo su candidatura). La instituci\u00f3n responsable de mi salario mensual es la Universidad Nacional Aut\u00f3noma de M\u00e9xico; soy investigador titular en esa casa de estudios hace m\u00e1s de una d\u00e9cada y escribo con toda libertad y responsabilidad.<\/p>\n\n\n\n<p>Pero eso no es lo importante. Lo que revela la llamada es el af\u00e1n de control del pensamiento, la imposibilidad de aceptar otras ideas, la necesidad de homogeneizar un discurso que polarice y aplane las diferencias. Por eso, creo conveniente traer a colaci\u00f3n dos reflexiones que est\u00e1n en la introducci\u00f3n de mi libro: porqu\u00e9 lo escrib\u00ed y desde d\u00f3nde lo hago en t\u00e9rminos pol\u00edticos.Sobre el primer aspecto afirmo: \u201che querido publicar este libro porque esta es la historia de una apuesta, quiz\u00e1s no equivocada, acaso ingenua, pero seguro desviada y descompuesta. <\/p>\n\n\n\n<h2 class=\"wp-block-heading\">Es una peque\u00f1a muestra de c\u00f3mo pueden cambiar las personas y los proyectos, c\u00f3mo la pol\u00edtica tiene m\u00faltiples rostros y el poder puede desvirtuar las mejores intenciones. <\/h2>\n\n\n\n<p>El tono cr\u00edtico de estas p\u00e1ginas es para no olvidar los errores. La complacencia es mala consejera, especialmente para con los pol\u00edticos. La experiencia del gobierno de Morales, exitosa, contradictoria y compleja, debi\u00f3 ser la perfecta ocasi\u00f3n para un balance profundo y cr\u00edtico de los l\u00edmites y aciertos de una agenda progresista, pero lo que escuchamos fue una ola apabullante de aplausos y defensa visceral de lo indefendible. Como colectividad cr\u00edtica, perdimos la oportunidad de avanzar con base en la autoevaluaci\u00f3n transparente de los errores, muchos prefirieron la trinchera y fomentar la brigada de los elogios mutuos. Este libro es una nota disonante en esa melod\u00eda\u201d.<\/p>\n\n\n\n<p>Con respecto a mi posici\u00f3n pol\u00edtica, sostengo: \u201cEscribo desde una posici\u00f3n de izquierda cr\u00edtica, ecum\u00e9nica, que no obedece a jefes, que no promueve monopolios de la verdad y de la interpretaci\u00f3n, con voz propia, indisciplinada, apasionada por la diversidad, por la irreverencia, por la autonom\u00eda. Una izquierda que no se cuadra frente a estatuas, ni dogmas, ni doctos; que no se inclina ante los lineamientos intelectuales o pol\u00edticos de un comit\u00e9 central o de los \u2018l\u00edderes hist\u00f3ricos\u2019. Una izquierda libertaria que, frente a la podredumbre que ve en frente, apuesta que otra izquierda es posible\u201d.<\/p>\n\n\n\n<p>Poco m\u00e1s qu\u00e9 decir. Ojal\u00e1 que el libro nos ayude a avanzar, evitando tropezar dos veces con la misma piedra.<\/p>\n\n\n\n<p><\/p>\n\n\n\n<p><mark style=\"background-color:rgba(0, 0, 0, 0);color:#ea1889\" class=\"has-inline-color\">Hugo Jos\u00e9 Su\u00e1rez es boliviano, doctor en Sociolog\u00eda, profesor e investigador en la Universidad Nacional Aut\u00f3noma de M\u00e9xico. <\/mark>Esta columna fue publicada en El Deber y compartida por el autor para P360P. <\/p>\n","protected":false},"excerpt":{"rendered":"<p>Por Hugo Jos\u00e9 Su\u00e1rez En la ma\u00f1ana del s\u00e1bado pasado [principios de septiembre], empez\u00f3 a circular mi nuevo libro El desencanto. 14 a\u00f1os del gobierno de Evo Morales (Editorial 3600, disponible en internet) en el que analizo cr\u00edticamente el accionar pol\u00edtico del expresidente y particularmente mi implicaci\u00f3n en el \u201cproceso de cambio\u201d, que pas\u00f3 de [&hellip;]<\/p>\n","protected":false},"author":25,"featured_media":1459,"comment_status":"open","ping_status":"open","sticky":false,"template":"","format":"standard","meta":{"footnotes":""},"categories":[8],"tags":[273],"class_list":{"0":"post-1458","1":"post","2":"type-post","3":"status-publish","4":"format-standard","5":"has-post-thumbnail","7":"category-usworld","8":"tag-ccj"},"_links":{"self":[{"href":"https:\/\/peninsula360press.com\/es_mx\/wp-json\/wp\/v2\/posts\/1458","targetHints":{"allow":["GET"]}}],"collection":[{"href":"https:\/\/peninsula360press.com\/es_mx\/wp-json\/wp\/v2\/posts"}],"about":[{"href":"https:\/\/peninsula360press.com\/es_mx\/wp-json\/wp\/v2\/types\/post"}],"author":[{"embeddable":true,"href":"https:\/\/peninsula360press.com\/es_mx\/wp-json\/wp\/v2\/users\/25"}],"replies":[{"embeddable":true,"href":"https:\/\/peninsula360press.com\/es_mx\/wp-json\/wp\/v2\/comments?post=1458"}],"version-history":[{"count":3,"href":"https:\/\/peninsula360press.com\/es_mx\/wp-json\/wp\/v2\/posts\/1458\/revisions"}],"predecessor-version":[{"id":9609,"href":"https:\/\/peninsula360press.com\/es_mx\/wp-json\/wp\/v2\/posts\/1458\/revisions\/9609"}],"wp:featuredmedia":[{"embeddable":true,"href":"https:\/\/peninsula360press.com\/es_mx\/wp-json\/wp\/v2\/media\/1459"}],"wp:attachment":[{"href":"https:\/\/peninsula360press.com\/es_mx\/wp-json\/wp\/v2\/media?parent=1458"}],"wp:term":[{"taxonomy":"category","embeddable":true,"href":"https:\/\/peninsula360press.com\/es_mx\/wp-json\/wp\/v2\/categories?post=1458"},{"taxonomy":"post_tag","embeddable":true,"href":"https:\/\/peninsula360press.com\/es_mx\/wp-json\/wp\/v2\/tags?post=1458"}],"curies":[{"name":"wp","href":"https:\/\/api.w.org\/{rel}","templated":true}]}}