{"id":14880,"date":"2023-01-23T15:30:45","date_gmt":"2023-01-23T22:30:45","guid":{"rendered":"https:\/\/peninsula360press.com\/?p=14880"},"modified":"2023-01-23T15:30:47","modified_gmt":"2023-01-23T22:30:47","slug":"acceso-a-la-educacion-en-ee-uu","status":"publish","type":"post","link":"https:\/\/peninsula360press.com\/es_mx\/acceso-a-la-educacion-en-ee-uu\/","title":{"rendered":"Expertos llaman al Congreso a garantizar igualdad de acceso a la educaci\u00f3n en EE. UU."},"content":{"rendered":"\n<figure class=\"wp-block-image size-large\"><img fetchpriority=\"high\" decoding=\"async\" width=\"1024\" height=\"682\" src=\"https:\/\/peninsula360press.com\/wp-content\/uploads\/2023\/01\/universidad-1024x682.jpg\" alt=\"Expertos llaman al Congreso a garantizar igualdad de acceso a la educaci\u00f3n en EE. UU.\" class=\"wp-image-14881\" srcset=\"https:\/\/peninsula360press.com\/wp-content\/uploads\/2023\/01\/universidad-1024x682.jpg 1024w, https:\/\/peninsula360press.com\/wp-content\/uploads\/2023\/01\/universidad-300x200.jpg 300w, https:\/\/peninsula360press.com\/wp-content\/uploads\/2023\/01\/universidad-768x512.jpg 768w, https:\/\/peninsula360press.com\/wp-content\/uploads\/2023\/01\/universidad-18x12.jpg 18w, https:\/\/peninsula360press.com\/wp-content\/uploads\/2023\/01\/universidad-150x100.jpg 150w, https:\/\/peninsula360press.com\/wp-content\/uploads\/2023\/01\/universidad-696x464.jpg 696w, https:\/\/peninsula360press.com\/wp-content\/uploads\/2023\/01\/universidad-1068x712.jpg 1068w\" sizes=\"(max-width: 1024px) 100vw, 1024px\" \/><figcaption class=\"wp-element-caption\">.<\/figcaption><\/figure>\n\n\n\n<p>A partir del inicio de este 2023 y en los \u00faltimos meses del 2022, expertos han analizado la importancia de garantizar igualdad de acceso a la educaci\u00f3n en EE. UU.<\/p>\n\n\n\n<p>Y es que las demandas de estudiantes de color a la Universidad de Harvard y la Universidad de Carolina del Norte \u2014UNC, por sus siglas en ingl\u00e9s\u2014han abierto la conversaci\u00f3n en torno a lo que se deber\u00eda hacer sobre las pol\u00edticas de admisi\u00f3n de las escuelas y el ambiente estudiantil.<\/p>\n\n\n\n<p>\u00abTodos los estudiantes merecen una oportunidad justa de tener una educaci\u00f3n de calidad, sin importar su origen, donde crecieron o su raza, pero desafortunadamente mientras el talento est\u00e1 por todas partes en nuestro pa\u00eds, las oportunidades no\u00bb, declar\u00f3 Michaele N. Turnage Young, consejera principal del Fondo de Defensa Legal, en una rueda de prensa organizada por <a href=\"https:\/\/ethnicmediaservices.org\/\" target=\"_blank\" rel=\"noreferrer noopener\">Ethnic Media Services<\/a> en la que expertos se reunieron para discutir acerca de la pol\u00edtica educativa para el 2023.<\/p>\n\n\n\n<p>Young refiri\u00f3 que los estudiantes de color han tenido que lidiar con el \u00abracismo interpersonal sist\u00e9mico\u00bb que diariamente afecta sus oportunidades educativas.&nbsp;<\/p>\n\n\n\n<p>Tal es el caso de la demanda de Students for Fair Admissions \u2013SFFA, por sus siglas en ingl\u00e9s\u2014 contra Harvard y la UNC, la cual tuvo como origen el que estas universidades tomaran en consideraci\u00f3n aspectos como la raza en los procesos de solicitud y admisi\u00f3n, lo que los estudiantes y la misma organizaci\u00f3n se\u00f1alaron que viola la Ley de Derechos Civiles de 1964.<\/p>\n\n\n\n<p>\u00abNo estamos hablando de cuotas, de lo que estamos hablando es de la consideraci\u00f3n limitada de la raza como uno de los 40 factores en el caso de la UNC y uno de los m\u00e1s de 100 factores en el caso de Harvard\u00bb, puntualiz\u00f3 al tiempo que denunci\u00f3 que el racismo afect\u00f3 los procesos de admisi\u00f3n de muchos afroamericanos, latinos, nativos y asi\u00e1tico-americanos que son trabajadores y talentosos.<\/p>\n\n\n\n<h2 class=\"wp-block-heading\"><strong>Necesario tener pol\u00edticas inclusivas en las escuelas<\/strong><\/h2>\n\n\n\n<p>AJ Link, analista pol\u00edtico del Autistic Self Advocacy Network \u2014ASAN, por sus siglas en ingl\u00e9s\u2014, se\u00f1al\u00f3 la importancia de tener entornos saludables escolares, pues de no ser as\u00ed, los estudiantes discapacitados, de color o no binarios pueden correr riesgo.<\/p>\n\n\n\n<p>En ese sentido, Liz King, directora Senior del Programa de Equidad Educativa de The Leadership Conference Education Fund, denunci\u00f3 que a las personas de color, nativos, mientras de la comunidad LGBTQ+ o con discapacidades, les ha negado la oportunidad de asistir a una escuela que c\u00e1lida, acogedora y que los prepare para el pleno ejercicio de sus derechos sociales, pol\u00edticos y econ\u00f3micos.<\/p>\n\n\n\n<p>Link puntualiz\u00f3 que se debe buscar la manera de asegurar los derechos de los estudiantes, motivar a las escuelas a implementar pr\u00e1cticas de disciplina comprensivas y de apoyo, abordar el trauma infantil, implementar protecci\u00f3n en contra de la discriminaci\u00f3n y acoso en las escuelas, garantizar la rendici\u00f3n de cuentas a trav\u00e9s de datos precisos, invertir en la infraestructura de las escuelas, eliminar la \u00abaplicaci\u00f3n de la ley\u00bb en las escuelas \u2014refiri\u00e9ndose a las t\u00e1cticas de restricci\u00f3n y aislamiento utilizadas como castigo para los estudiantes\u2014 y eliminar las amenazas para la salud y seguridad de los mismos.&nbsp;<\/p>\n\n\n\n<p>\u00abTodos los estudiantes merecen entornos seguros, saludables e inclusivos\u00bb, se\u00f1al\u00f3.<\/p>\n\n\n\n<p>En su oportunidad, Morgan Craven, director Nacional de Pol\u00edtica, Defensa y Participaci\u00f3n Comunitaria de Intercultural Development Research Association \u2014IDRA, por sus siglas en ingl\u00e9s\u2014, se\u00f1al\u00f3 que existen estudios y pruebas que demuestran que las escuelas de apoyo cultural son la clave para \u00e9xito estudiantil, pues un entorno saludable y seguro en los que los estudiantes se sientan bienvenidos favorece la educaci\u00f3n y el aprendizaje, a comparaci\u00f3n de un ambiente en el que los estudiantes se sientan discriminados o atacados por su raza, condiciones de salud o preferencias.<\/p>\n\n\n\n<h2 class=\"wp-block-heading\"><strong>La econom\u00eda: un obst\u00e1culo para millones de estudiantes<\/strong><\/h2>\n\n\n\n<p>Whitney Pesek, directora de Pol\u00edtica Federal de Atenci\u00f3n a la Infancia del National Women&#8217;s Law Center, se\u00f1al\u00f3 que en ocasiones la educaci\u00f3n temprana&nbsp; es mucho m\u00e1s cara que la universidad p\u00fablica.&nbsp;<\/p>\n\n\n\n<p>\u00abEn m\u00e1s de la mitad de los estados del pa\u00eds, el cuidado de los ni\u00f1os y la educaci\u00f3n temprana, cuesta m\u00e1s que la matr\u00edcula en una universidad p\u00fablica. Adem\u00e1s, un estudio se\u00f1al\u00f3 que las familias gastan m\u00e1s en la educaci\u00f3n temprana de sus hijos que en una renta\u00bb, puntualiz\u00f3.&nbsp;<\/p>\n\n\n\n<p>De igual manera se\u00f1al\u00f3 que aunque existen subsidios y apoyos, no son suficientes para las comunidades menos favorecidas.<\/p>\n\n\n\n<p>Por su parte, Genevieve \u00abGenzie\u00bb Bonadies Torres, directora&nbsp; asociada del Proyecto de Oportunidades Educativas, se\u00f1al\u00f3 que los estudiantes afroamericanos y latinos son quienes m\u00e1s tienden a pedir pr\u00e9stamos estudiantiles para continuar sus estudios.&nbsp;<\/p>\n\n\n\n<p>A partir de la pandemia por COVID-19, el gobierno de Biden puso en marcha el plan de condonaci\u00f3n de la deuda estudiantil al cual los prestatarios pueden calificar si tienen un ingreso total de menos de 125 mil d\u00f3lares si son solteros o 250 si son casados y la condonaci\u00f3n total de la deuda puede ser de hasta 20 mil d\u00f3lares. Adem\u00e1s, el plan tambi\u00e9n busca la accesibilidad en los pagos, reduciendo hasta un 50 por ciento los pagos mensuales.<\/p>\n\n\n\n<p>\u00abSin este alivio, millones de prestatarios se ver\u00edan empujados m\u00e1s all\u00e1 del borde financiero cuando se reanuden los reembolsos de los pr\u00e9stamos estudiantiles\u00bb, puntualiz\u00f3.&nbsp;<\/p>\n\n\n\n<p>Finalmente, Torres tambi\u00e9n se\u00f1al\u00f3 que estudios han demostrado que despu\u00e9s de largas pausas en los pagos \u2014como la que se est\u00e1 viviendo despu\u00e9s de la pandemia por COVID-19\u2013 hay picos de delincuencia, por lo que el plan est\u00e1 dise\u00f1ado para evitar esos picos a trav\u00e9s de la reducci\u00f3n de deudas y mejores ingresos.<\/p>\n\n\n\n<p><em>Te puede interesar: <a href=\"https:\/\/peninsula360press.com\/es_mx\/politicas-en-contra-de-la-inmigracion\/\">Califican de \u00abInhumanas\u00bb y \u00abtr\u00e1gicas\u00bb pol\u00edticas en contra de la inmigraci\u00f3n a EE. UU.<\/a><\/em><\/p>\n","protected":false},"excerpt":{"rendered":"<p>A partir del inicio de este 2023 y en los \u00faltimos meses del 2022, expertos han analizado la importancia de garantizar igualdad de acceso a la educaci\u00f3n en EE. UU. Y es que las demandas de estudiantes de color a la Universidad de Harvard y la Universidad de Carolina del Norte \u2014UNC, por sus siglas [&hellip;]<\/p>\n","protected":false},"author":4,"featured_media":14881,"comment_status":"open","ping_status":"open","sticky":false,"template":"","format":"standard","meta":{"footnotes":""},"categories":[14,8],"tags":[],"class_list":{"0":"post-14880","1":"post","2":"type-post","3":"status-publish","4":"format-standard","5":"has-post-thumbnail","7":"category-cover","8":"category-usworld"},"_links":{"self":[{"href":"https:\/\/peninsula360press.com\/es_mx\/wp-json\/wp\/v2\/posts\/14880","targetHints":{"allow":["GET"]}}],"collection":[{"href":"https:\/\/peninsula360press.com\/es_mx\/wp-json\/wp\/v2\/posts"}],"about":[{"href":"https:\/\/peninsula360press.com\/es_mx\/wp-json\/wp\/v2\/types\/post"}],"author":[{"embeddable":true,"href":"https:\/\/peninsula360press.com\/es_mx\/wp-json\/wp\/v2\/users\/4"}],"replies":[{"embeddable":true,"href":"https:\/\/peninsula360press.com\/es_mx\/wp-json\/wp\/v2\/comments?post=14880"}],"version-history":[{"count":1,"href":"https:\/\/peninsula360press.com\/es_mx\/wp-json\/wp\/v2\/posts\/14880\/revisions"}],"predecessor-version":[{"id":14882,"href":"https:\/\/peninsula360press.com\/es_mx\/wp-json\/wp\/v2\/posts\/14880\/revisions\/14882"}],"wp:featuredmedia":[{"embeddable":true,"href":"https:\/\/peninsula360press.com\/es_mx\/wp-json\/wp\/v2\/media\/14881"}],"wp:attachment":[{"href":"https:\/\/peninsula360press.com\/es_mx\/wp-json\/wp\/v2\/media?parent=14880"}],"wp:term":[{"taxonomy":"category","embeddable":true,"href":"https:\/\/peninsula360press.com\/es_mx\/wp-json\/wp\/v2\/categories?post=14880"},{"taxonomy":"post_tag","embeddable":true,"href":"https:\/\/peninsula360press.com\/es_mx\/wp-json\/wp\/v2\/tags?post=14880"}],"curies":[{"name":"wp","href":"https:\/\/api.w.org\/{rel}","templated":true}]}}