{"id":15423,"date":"2023-02-23T12:36:03","date_gmt":"2023-02-23T19:36:03","guid":{"rendered":"https:\/\/peninsula360press.com\/?p=15423"},"modified":"2023-02-23T13:15:35","modified_gmt":"2023-02-23T20:15:35","slug":"sede-mundial-de-ingenieria-e-ia-en-palo-alto","status":"publish","type":"post","link":"https:\/\/peninsula360press.com\/es_mx\/sede-mundial-de-ingenieria-e-ia-en-palo-alto\/","title":{"rendered":"Tesla se afianza en California e inaugura nueva Sede Mundial de Ingenier\u00eda e IA en Palo Alto"},"content":{"rendered":"\n<figure class=\"wp-block-image size-large\"><img fetchpriority=\"high\" decoding=\"async\" width=\"1024\" height=\"809\" src=\"https:\/\/peninsula360press.com\/wp-content\/uploads\/2023\/02\/TESLA-California-1024x809.jpeg\" alt=\"Tesla se afianza en California e inaugura nueva Sede Mundial de Ingenier\u00eda e IA en Palo Alto\" class=\"wp-image-15424\" srcset=\"https:\/\/peninsula360press.com\/wp-content\/uploads\/2023\/02\/TESLA-California-1024x809.jpeg 1024w, https:\/\/peninsula360press.com\/wp-content\/uploads\/2023\/02\/TESLA-California-300x237.jpeg 300w, https:\/\/peninsula360press.com\/wp-content\/uploads\/2023\/02\/TESLA-California-768x607.jpeg 768w, https:\/\/peninsula360press.com\/wp-content\/uploads\/2023\/02\/TESLA-California-15x12.jpeg 15w, https:\/\/peninsula360press.com\/wp-content\/uploads\/2023\/02\/TESLA-California-150x119.jpeg 150w, https:\/\/peninsula360press.com\/wp-content\/uploads\/2023\/02\/TESLA-California-696x550.jpeg 696w, https:\/\/peninsula360press.com\/wp-content\/uploads\/2023\/02\/TESLA-California-1068x844.jpeg 1068w\" sizes=\"(max-width: 1024px) 100vw, 1024px\" \/><figcaption class=\"wp-element-caption\">Tesla, empresa liderada por Elon Musk inaugur\u00f3 su Sede Mundial de Ingenier\u00eda e IA en Palo Alto, California. Foto: Oficina del Gobernador de California<\/figcaption><\/figure>\n\n\n\n<p>California contin\u00faa liderando la industria tecnol\u00f3gica de la uni\u00f3n americana, pues adem\u00e1s de contar con las sedes de gigantes de software y varios unicornios en la materia, apenas este mi\u00e9rcoles, <a href=\"https:\/\/www.tesla.com\/\" target=\"_blank\" rel=\"noreferrer noopener\">Tesla<\/a>, liderada por Elon Musk anunci\u00f3 su regreso al estado dorado al inaugurar su nueva Sede Mundial de Ingenier\u00eda e Inteligencia Artificial \u2012IA\u2012 en la ciudad de Palo Alto.<\/p>\n\n\n\n<p>La empresa que dise\u00f1a, fabrica y vende autom\u00f3viles el\u00e9ctricos, componentes para la propulsi\u00f3n de veh\u00edculos el\u00e9ctricos, techos solares, instalaciones solares fotovoltaicas y bater\u00edas dom\u00e9sticas, ha decidido hacer las paces con California y expandir su territorio, lo que implica miles de nuevos empleos en el \u00e1rea.<\/p>\n\n\n\n<p>El recorrido de la planta fue encabezado por el propio Elon Musk y el gobernador Gavin Newsom, quien celebr\u00f3 el proyecto que busca desarrollar la tecnolog\u00eda del futuro.<\/p>\n\n\n\n<p>\u00abEl futuro sucede primero en California. Estamos cambiando el mundo a trav\u00e9s de nuestras inversiones hist\u00f3ricas, nuestra cinta transportadora de talento y asociaciones con empresas como Tesla\u00bb, dijo Newsom.<\/p>\n\n\n\n<p>\u00abEs motivo de orgullo, siempre lo ha sido para m\u00ed, que Tesla sea una empresa de California\u00bb, agreg\u00f3.<\/p>\n\n\n\n<p>Recordemos que Musk decidi\u00f3 en 2021 trasladar la sede corporativa oficial de Tesla al estado de Texas, luego de calificar a California como un territorio con \u00abexceso de regulaci\u00f3n, exceso de litigios y exceso de impuestos\u00bb.<\/p>\n\n\n\n<figure class=\"wp-block-image size-large\"><img decoding=\"async\" width=\"1024\" height=\"704\" src=\"https:\/\/peninsula360press.com\/wp-content\/uploads\/2023\/02\/TESLA-California-2-1024x704.jpeg\" alt=\"Tesla se afianza en California e inaugura nueva Sede Mundial de Ingenier\u00eda e IA en Palo Alto\" class=\"wp-image-15425\" srcset=\"https:\/\/peninsula360press.com\/wp-content\/uploads\/2023\/02\/TESLA-California-2-1024x704.jpeg 1024w, https:\/\/peninsula360press.com\/wp-content\/uploads\/2023\/02\/TESLA-California-2-300x206.jpeg 300w, https:\/\/peninsula360press.com\/wp-content\/uploads\/2023\/02\/TESLA-California-2-768x528.jpeg 768w, https:\/\/peninsula360press.com\/wp-content\/uploads\/2023\/02\/TESLA-California-2-18x12.jpeg 18w, https:\/\/peninsula360press.com\/wp-content\/uploads\/2023\/02\/TESLA-California-2-150x103.jpeg 150w, https:\/\/peninsula360press.com\/wp-content\/uploads\/2023\/02\/TESLA-California-2-218x150.jpeg 218w, https:\/\/peninsula360press.com\/wp-content\/uploads\/2023\/02\/TESLA-California-2-696x479.jpeg 696w, https:\/\/peninsula360press.com\/wp-content\/uploads\/2023\/02\/TESLA-California-2-1068x734.jpeg 1068w\" sizes=\"(max-width: 1024px) 100vw, 1024px\" \/><figcaption class=\"wp-element-caption\">Foto: Oficina del Gobernador de California<\/figcaption><\/figure>\n\n\n\n<p>La nueva sede de Tesla, como lo ha dicho el propio Musk, ocupar\u00e1 un antiguo edificio en el coraz\u00f3n del Valle del Silicio, que es propiedad de Hewlett Packard \u2012HP\u2012, lo que representa \u00abuna transici\u00f3n po\u00e9tica de la empresa que fund\u00f3 Silicon Valley a Tesla\u00bb.<\/p>\n\n\n\n<p>Cabe destacar que Tesla adquiri\u00f3 en 2010 una planta de un edificio conjunto propiedad de General Motors y Toyota en Fremont, en la Bah\u00eda de San Francisco, la cual sigue operando y que de acuerdo a lo anunciado ayer, aumentar\u00e1 la producci\u00f3n este 2023 a m\u00e1s de 600 mil veh\u00edculos.<\/p>\n\n\n\n<p>Lo anunciado ayer afianza a Tesla en California, y con ello se pensar\u00eda que Newsom Y Musk&nbsp; han limado asperezas y han apuntado a un fin en com\u00fan, impulsar la energ\u00eda limpia en el estado y el pa\u00eds.<\/p>\n\n\n\n<p>\u00abEl estado contin\u00faa siendo el centro de innovaci\u00f3n del mundo, impulsando la revoluci\u00f3n de los veh\u00edculos el\u00e9ctricos y dominando la industria en todas las categor\u00edas, todo mientras mantiene el mismo objetivo en mente: garantizar un lugar m\u00e1s limpio, m\u00e1s verde y m\u00e1s saludable para vivir para las generaciones futuras\u00bb, subray\u00f3 Newsom.<\/p>\n\n\n\n<p>California Lidera el mercado nacional de Veh\u00edculos Cero Emisiones \u2012ZEV, por sus siglas en ingl\u00e9s\u2012, con casi 1.4 millones de ellos vendidos a diciembre de 2022, lo que representa 40 por ciento de todos los ZEV vendidos en EE. UU., al tiempo que cuenta con 80 mil 027 cargadores de veh\u00edculos el\u00e9ctricos compartidos y 63 estaciones de hidr\u00f3geno, siendo la red m\u00e1s amplia del pa\u00eds.<\/p>\n\n\n\n<p>Actualmente el estado alberga 55 empresas de fabricaci\u00f3n relacionadas con ZEV, m\u00e1s que cualquier otro en la uni\u00f3n americana.<\/p>\n\n\n\n<p><em>Te puede interesar: <a href=\"https:\/\/peninsula360press.com\/es_mx\/biblioteca-north-fair-oaks\/\">\u00a1Conect\u00e9monos! lleva conocimientos t\u00e9cnicos a padres y j\u00f3venes en la Biblioteca North Fair Oaks<\/a><\/em><\/p>\n","protected":false},"excerpt":{"rendered":"<p>California contin\u00faa liderando la industria tecnol\u00f3gica de la uni\u00f3n americana, pues adem\u00e1s de contar con las sedes de gigantes de software y varios unicornios en la materia, apenas este mi\u00e9rcoles, Tesla, liderada por Elon Musk anunci\u00f3 su regreso al estado dorado al inaugurar su nueva Sede Mundial de Ingenier\u00eda e Inteligencia Artificial \u2012IA\u2012 en la [&hellip;]<\/p>\n","protected":false},"author":7,"featured_media":15424,"comment_status":"open","ping_status":"open","sticky":false,"template":"","format":"standard","meta":{"footnotes":""},"categories":[14,4],"tags":[],"class_list":{"0":"post-15423","1":"post","2":"type-post","3":"status-publish","4":"format-standard","5":"has-post-thumbnail","7":"category-cover","8":"category-technology"},"_links":{"self":[{"href":"https:\/\/peninsula360press.com\/es_mx\/wp-json\/wp\/v2\/posts\/15423","targetHints":{"allow":["GET"]}}],"collection":[{"href":"https:\/\/peninsula360press.com\/es_mx\/wp-json\/wp\/v2\/posts"}],"about":[{"href":"https:\/\/peninsula360press.com\/es_mx\/wp-json\/wp\/v2\/types\/post"}],"author":[{"embeddable":true,"href":"https:\/\/peninsula360press.com\/es_mx\/wp-json\/wp\/v2\/users\/7"}],"replies":[{"embeddable":true,"href":"https:\/\/peninsula360press.com\/es_mx\/wp-json\/wp\/v2\/comments?post=15423"}],"version-history":[{"count":4,"href":"https:\/\/peninsula360press.com\/es_mx\/wp-json\/wp\/v2\/posts\/15423\/revisions"}],"predecessor-version":[{"id":15430,"href":"https:\/\/peninsula360press.com\/es_mx\/wp-json\/wp\/v2\/posts\/15423\/revisions\/15430"}],"wp:featuredmedia":[{"embeddable":true,"href":"https:\/\/peninsula360press.com\/es_mx\/wp-json\/wp\/v2\/media\/15424"}],"wp:attachment":[{"href":"https:\/\/peninsula360press.com\/es_mx\/wp-json\/wp\/v2\/media?parent=15423"}],"wp:term":[{"taxonomy":"category","embeddable":true,"href":"https:\/\/peninsula360press.com\/es_mx\/wp-json\/wp\/v2\/categories?post=15423"},{"taxonomy":"post_tag","embeddable":true,"href":"https:\/\/peninsula360press.com\/es_mx\/wp-json\/wp\/v2\/tags?post=15423"}],"curies":[{"name":"wp","href":"https:\/\/api.w.org\/{rel}","templated":true}]}}