{"id":15586,"date":"2023-03-07T12:00:54","date_gmt":"2023-03-07T19:00:54","guid":{"rendered":"https:\/\/peninsula360press.com\/?p=15586"},"modified":"2023-06-29T08:57:30","modified_gmt":"2023-06-29T15:57:30","slug":"represent-art","status":"publish","type":"post","link":"https:\/\/peninsula360press.com\/es_mx\/represent-art\/","title":{"rendered":"Casa C\u00edrculo Cultural celebr\u00f3 el talento local con \u00abRepresent-Art\u00bb"},"content":{"rendered":"\r\n<figure class=\"wp-block-image size-large\"><img fetchpriority=\"high\" decoding=\"async\" width=\"1024\" height=\"576\" class=\"wp-image-15589\" src=\"https:\/\/peninsula360press.com\/wp-content\/uploads\/2023\/03\/Represent-Art-1024x576.jpeg\" alt=\"Casa C\u00edrculo Cultural celebr\u00f3 el talento local con \u00abRepresent-Art\u00bb\" srcset=\"https:\/\/peninsula360press.com\/wp-content\/uploads\/2023\/03\/Represent-Art-1024x576.jpeg 1024w, https:\/\/peninsula360press.com\/wp-content\/uploads\/2023\/03\/Represent-Art-300x169.jpeg 300w, https:\/\/peninsula360press.com\/wp-content\/uploads\/2023\/03\/Represent-Art-768x432.jpeg 768w, https:\/\/peninsula360press.com\/wp-content\/uploads\/2023\/03\/Represent-Art-18x10.jpeg 18w, https:\/\/peninsula360press.com\/wp-content\/uploads\/2023\/03\/Represent-Art-150x84.jpeg 150w, https:\/\/peninsula360press.com\/wp-content\/uploads\/2023\/03\/Represent-Art-696x391.jpeg 696w, https:\/\/peninsula360press.com\/wp-content\/uploads\/2023\/03\/Represent-Art-1068x600.jpeg 1068w\" sizes=\"(max-width: 1024px) 100vw, 1024px\" \/>\r\n<figcaption class=\"wp-element-caption\">.<\/figcaption>\r\n<\/figure>\r\n\r\n\r\n\r\n<p><a href=\"https:\/\/casacirculocultural.org\/\" target=\"_blank\" rel=\"noreferrer noopener\">Casa C\u00edrculo Cultural<\/a> y <a href=\"https:\/\/ybca.org\/\" target=\"_blank\" rel=\"noreferrer noopener\">Yerba Buena Cultural Center for the Art<\/a>, realizaron el encuentro de artistas locales \u00abRepresent-Art\u00bb, el cual mostr\u00f3 lo diverso, complejo y maravillo que es el \u00c1rea de la Bah\u00eda en materia art\u00edstica, donde hombres y mujeres de diferentes edades dieron muestra de sus capacidades.\u00a0<\/p>\r\n\r\n\r\n\r\n<p>El evento llamado Represent-Art \u2012Represent-Arte en espa\u00f1ol\u2012 se llev\u00f3 a cabo en las instalaciones de Casa C\u00edrculo Cultural, en el coraz\u00f3n de Redwood City, un espacio que recibi\u00f3 a artistas que solicitaron participar en este encuentro \u00fanico que abraz\u00f3 el arte como su pilar.<\/p>\r\n\r\n\r\n\r\n<p>Fiorella Arias, de 13 a\u00f1os de edad, ha cantado desde que recuerda, y con gran fervor y deleite decidi\u00f3 participar en el encuentro al que acudieron residentes de la ciudad y sus alrededores.\u00a0<\/p>\r\n\r\n\r\n\r\n<p>\u00abMe encanta cantar, bailar y actuar. Estoy muy emocionada de presentarles la canci\u00f3n \u201cAlma M\u00eda\u201d\u00bb, dijo justo antes de su participaci\u00f3n.<\/p>\r\n\r\n\r\n\r\n<p>Al encuentro se sum\u00f3 la artista Lorena Segovia, quien a pesar de llevar poco tiempo en la construcci\u00f3n de su arte y continuar aprendiendo, reconoci\u00f3 el apoyo de Casa C\u00edrculo Cultural en el desarrollo del mismo.\u00a0<\/p>\r\n\r\n\r\n\r\n<p>\u00abAqu\u00ed me han ayudado a plasmar lo que pienso o copiar algunos dibujos, porque yo no s\u00e9 pintar, todav\u00eda estoy aprendiendo, llevo poco tiempo\u00bb, se\u00f1al\u00f3.<\/p>\r\n\r\n\r\n\r\n<p>Alonso Sicairos, quien estuvo presente en el encuentro, es un trotamundos. Lo mismo se presenta en S\u00e3o Paolo, Brasil, que en San Francisco, California. Sin embargo, el cantante de \u00f3pera, actor de teatro y locutor de radio, es originario de Culiac\u00e1n, Sinaloa, M\u00e9xico.\u00a0<\/p>\r\n\r\n\r\n\r\n<p>Ense\u00f1ar tambi\u00e9n es un arte y los ni\u00f1os son un lienzo perfecto.<\/p>\r\n\r\n\r\n\r\n<p>\u00abLos ni\u00f1os, cuando est\u00e1n tomando la clase, realmente ves a la persona que van a ser. Porque ese ni\u00f1o t\u00edmido que llega y que no quiere hablar contigo, empiezas a ver que desarrolla m\u00e1s confianza en s\u00ed mismo. A veces ves a un ni\u00f1o que realmente dice: a m\u00ed, mi mam\u00e1 me dijo que yo viniera aqu\u00ed y aqu\u00ed estoy, y luego es el primero en decir que le gusta tal canci\u00f3n o \u201ca m\u00ed me gusta cantar\u201d, o lo ves que est\u00e1 caminando y cantando\u00bb, se\u00f1al\u00f3 Iris Lezama, de Casa C\u00edrculo Cultural, quien tambi\u00e9n deleit\u00f3 la noche con su voz.<\/p>\r\n\r\n\r\n\r\n<p>Al evento no pudo faltar el alcalde de Redwood City, Jeff Gee, quien record\u00f3 que el arte es una mezcla de la cultura, el legado y todo lo que rodea al artista.<\/p>\r\n\r\n\r\n\r\n<p>\u00abToda esta noche, el arte, la m\u00fasica. Esto es sobre la cultura, la historia, el legado de las familias. Esto es por lo que me gusta Casa C\u00edrculo Cultural, porque es sobre la cultura y la familia, y lo trae aqu\u00ed a Redwood City. Quiero darles las gracias personalmente y de parte del Concejo de la Ciudad. Gracias, lo que hacen es fant\u00e1stico\u00bb, subray\u00f3.<\/p>\r\n\r\n\r\n\r\n<p>De igual manera, Gee agradeci\u00f3 a la fundadora y directora general de Casa C\u00edrculo Cultural, Ver\u00f3nica Escamez, por su trabajo con el Concejo de la ciudad y a todos los voluntarios aqu\u00ed en el centro multidisciplinario \u00abporque mantienen vivo esto y necesitamos mantener el arte y la m\u00fasica con vida\u00bb.<\/p>\r\n\r\n\r\n\r\n<p>En el encuentro tambi\u00e9n participaron Lorena Casas Cortina, artista pl\u00e1stica que desde muy peque\u00f1a mostr\u00f3 gusto por el dibujo y la pintura en su natal Veracruz, M\u00e9xico, donde estudi\u00f3 en talleres locales y desde entonces ha aprendido como artista autodidacta experimentando con diferentes materiales como acr\u00edlico, tinta, l\u00e1piz, gouache y otros.<\/p>\r\n\r\n\r\n\r\n<p>Itzel \u00c1ngulo Blancarte, de Tecate, Baja California, M\u00e9xico. Decidi\u00f3 participar con sus pinturas acr\u00edlicas sobre lienzo texturizado que crea con arena y polvo de m\u00e1rmol, y l\u00e1pices de colores.<\/p>\r\n\r\n\r\n\r\n<p>\u00abMe apasionan los colores, la naturaleza y el cuerpo humano. Creo que el arte es todo acerca de retratar piezas de su mente y el alma en algo que te represente\u00bb, dijo.<\/p>\r\n\r\n\r\n\r\n<p>Actualmente reside en el \u00c1rea de la Bah\u00eda, donde acompa\u00f1ada de su esposo e hijos, explora y conoce espacios que la inspiran a crear su arte.<\/p>\r\n\r\n\r\n\r\n<p>\u00abMi arte no es s\u00f3lo una representaci\u00f3n de m\u00ed misma, sino que tambi\u00e9n representa el amor por el arte mi abuelo, que tambi\u00e9n era un artista, me ense\u00f1o y que espero se convierta en un legado familiar que mis hijos y las futuras generaciones de mi familia y la comunidad Latinx puedan experimentar\u00bb.<\/p>\r\n\r\n\r\n\r\n\r\n\r\n<p>Puedes ver el video del encuentro \u00abRepresent-Art\u00bb en el canal de <a href=\"https:\/\/www.youtube.com\/@peninsula360press9\" target=\"_blank\" rel=\"noreferrer noopener\">YouTube de Pen\u00ednsula 360 Press. <\/a><\/p>\r\n\r\n\r\n\r\n<figure class=\"wp-block-embed is-type-video is-provider-youtube wp-block-embed-youtube wp-embed-aspect-16-9 wp-has-aspect-ratio\">\r\n<div class=\"wp-block-embed__wrapper\">https:\/\/youtu.be\/hizLhG-Jsjo<\/div>\r\n<\/figure>\r\n\r\n\r\n\r\n<p><em>Te puede interesar: <a href=\"https:\/\/peninsula360press.com\/es_mx\/mi-novia-la-soledad\/\">Casa C\u00edrculo Cultural ofrece homenaje a Agust\u00edn Lara<\/a><\/em><\/p>\r\n","protected":false},"excerpt":{"rendered":"<p>Casa C\u00edrculo Cultural y Yerba Buena Cultural Center for the Art, realizaron el encuentro de artistas locales \u00abRepresent-Art\u00bb, el cual mostr\u00f3 lo diverso, complejo y maravillo que es el \u00c1rea de la Bah\u00eda en materia art\u00edstica, donde hombres y mujeres de diferentes edades dieron muestra de sus capacidades.\u00a0 El evento llamado Represent-Art \u2012Represent-Arte en espa\u00f1ol\u2012 [&hellip;]<\/p>\n","protected":false},"author":7,"featured_media":15589,"comment_status":"open","ping_status":"open","sticky":false,"template":"","format":"standard","meta":{"footnotes":""},"categories":[14,11],"tags":[],"class_list":{"0":"post-15586","1":"post","2":"type-post","3":"status-publish","4":"format-standard","5":"has-post-thumbnail","7":"category-cover","8":"category-culture"},"_links":{"self":[{"href":"https:\/\/peninsula360press.com\/es_mx\/wp-json\/wp\/v2\/posts\/15586","targetHints":{"allow":["GET"]}}],"collection":[{"href":"https:\/\/peninsula360press.com\/es_mx\/wp-json\/wp\/v2\/posts"}],"about":[{"href":"https:\/\/peninsula360press.com\/es_mx\/wp-json\/wp\/v2\/types\/post"}],"author":[{"embeddable":true,"href":"https:\/\/peninsula360press.com\/es_mx\/wp-json\/wp\/v2\/users\/7"}],"replies":[{"embeddable":true,"href":"https:\/\/peninsula360press.com\/es_mx\/wp-json\/wp\/v2\/comments?post=15586"}],"version-history":[{"count":4,"href":"https:\/\/peninsula360press.com\/es_mx\/wp-json\/wp\/v2\/posts\/15586\/revisions"}],"predecessor-version":[{"id":18870,"href":"https:\/\/peninsula360press.com\/es_mx\/wp-json\/wp\/v2\/posts\/15586\/revisions\/18870"}],"wp:featuredmedia":[{"embeddable":true,"href":"https:\/\/peninsula360press.com\/es_mx\/wp-json\/wp\/v2\/media\/15589"}],"wp:attachment":[{"href":"https:\/\/peninsula360press.com\/es_mx\/wp-json\/wp\/v2\/media?parent=15586"}],"wp:term":[{"taxonomy":"category","embeddable":true,"href":"https:\/\/peninsula360press.com\/es_mx\/wp-json\/wp\/v2\/categories?post=15586"},{"taxonomy":"post_tag","embeddable":true,"href":"https:\/\/peninsula360press.com\/es_mx\/wp-json\/wp\/v2\/tags?post=15586"}],"curies":[{"name":"wp","href":"https:\/\/api.w.org\/{rel}","templated":true}]}}