{"id":15980,"date":"2023-03-11T11:38:35","date_gmt":"2023-03-11T18:38:35","guid":{"rendered":"https:\/\/peninsula360press.com\/?p=15980"},"modified":"2023-03-11T15:06:17","modified_gmt":"2023-03-11T22:06:17","slug":"almacenar-agua-subterranea-en-california","status":"publish","type":"post","link":"https:\/\/peninsula360press.com\/es_mx\/almacenar-agua-subterranea-en-california\/","title":{"rendered":"Emiten orden para usar agua de inundaciones para recargar y almacenar agua subterr\u00e1nea en California"},"content":{"rendered":"\n<figure class=\"wp-block-image size-full\"><img fetchpriority=\"high\" decoding=\"async\" width=\"640\" height=\"432\" src=\"https:\/\/peninsula360press.com\/wp-content\/uploads\/2023\/01\/newsom-tormentas.jpeg\" alt=\"Emiten orden para usar de inundaciones para recargar y almacenar agua subterr\u00e1nea en California\" class=\"wp-image-14616\" srcset=\"https:\/\/peninsula360press.com\/wp-content\/uploads\/2023\/01\/newsom-tormentas.jpeg 640w, https:\/\/peninsula360press.com\/wp-content\/uploads\/2023\/01\/newsom-tormentas-300x203.jpeg 300w, https:\/\/peninsula360press.com\/wp-content\/uploads\/2023\/01\/newsom-tormentas-18x12.jpeg 18w, https:\/\/peninsula360press.com\/wp-content\/uploads\/2023\/01\/newsom-tormentas-150x101.jpeg 150w\" sizes=\"(max-width: 640px) 100vw, 640px\" \/><figcaption class=\"wp-element-caption\">.<\/figcaption><\/figure>\n\n\n\n<p>Debido a que las tormentas contin\u00faan trayendo lluvia y nieve a California, el gobernador <a href=\"https:\/\/twitter.com\/GavinNewsom\" target=\"_blank\" rel=\"noreferrer noopener\">Gavin Newsom<\/a> firm\u00f3 una orden ejecutiva para permitir que las agencias locales de agua y otros usuarios del agua capturen agua de la \u00faltima ronda de tormentas para recargar y almacenar agua subterr\u00e1nea en California.<\/p>\n\n\n\n<p>La orden suspende las regulaciones y restricciones sobre permisos y uso para permitir que las agencias de agua y los usuarios desv\u00eden el agua en etapa de inundaci\u00f3n con el fin de impulsar la recarga subterr\u00e1nea.&nbsp;<\/p>\n\n\n\n<p>La orden incluye la protecci\u00f3n de la vida silvestre y el h\u00e1bitat, asegurando que cualquier desv\u00edo no da\u00f1e a estos ni quite las necesidades ambientales.<\/p>\n\n\n\n<p>\u00abCalifornia est\u00e1 experimentando lluvias y nevadas extremas, por lo que estamos simplificando la redirecci\u00f3n del agua para recargar las cuencas de agua subterr\u00e1nea. Esta orden nos ayuda a aprovechar las tormentas intensas que se esperan y aumenta el apoyo estatal para los esfuerzos locales de captura de aguas pluviales\u00bb, se\u00f1al\u00f3 Newsom.<\/p>\n\n\n\n<p>Esta orden ejecutiva sigue a la que se emiti\u00f3 en febrero para proteger los suministros de agua del estado de los impactos de los extremos clim\u00e1ticos, misma que \u00b4permiti\u00f3 que el Proyecto Estatal de Agua conservara 237 mil acres-pie de agua.<\/p>\n\n\n\n<p>Asimismo, permiti\u00f3 que la Oficina de Recuperaci\u00f3n de EE. UU. desviara m\u00e1s de 600 mil acres-pie de aguas de inundaci\u00f3n para refugios de vida silvestre, almacenamiento subterr\u00e1neo y recarga.<\/p>\n\n\n\n<p>California ha reforzado el suministro y el almacenamiento, incluido un total combinado de 1.1 millones de acres-pie de agua, suficiente para el uso anual de 2.2 millones de hogares.<\/p>\n\n\n\n<p>La Junta Estatal de Agua ha autorizado casi 790 mil acres-pie en desv\u00edos para la recarga de aguas subterr\u00e1neas y otros fines desde fines de diciembre de 2022.<\/p>\n\n\n\n<p>Por otra parte, el Departamento de Recursos H\u00eddricos \u2012DWR, por sus siglas en ingl\u00e9s\u2012 ha otorgado 68 millones de d\u00f3lares a 42 proyectos de recarga de aguas subterr\u00e1neas que brindan casi 117 mil acres-pie de capacidad potencial de recarga. Las aplicaciones en curso incluyen 52 proyectos de recarga de aguas subterr\u00e1neas por un valor de 211 millones de d\u00f3lares.<\/p>\n\n\n\n<p><em>Te puede interesar: <a href=\"https:\/\/peninsula360press.com\/es_mx\/rotura-del-dique-del-rio-pajaro\/\">Rotura del dique del R\u00edo P\u00e1jaro provoca evacuaciones en el condado de Monterey<\/a><\/em><\/p>\n","protected":false},"excerpt":{"rendered":"<p>Debido a que las tormentas contin\u00faan trayendo lluvia y nieve a California, el gobernador Gavin Newsom firm\u00f3 una orden ejecutiva para permitir que las agencias locales de agua y otros usuarios del agua capturen agua de la \u00faltima ronda de tormentas para recargar y almacenar agua subterr\u00e1nea en California. La orden suspende las regulaciones y [&hellip;]<\/p>\n","protected":false},"author":4,"featured_media":14616,"comment_status":"open","ping_status":"open","sticky":false,"template":"","format":"standard","meta":{"footnotes":""},"categories":[14,6],"tags":[],"class_list":{"0":"post-15980","1":"post","2":"type-post","3":"status-publish","4":"format-standard","5":"has-post-thumbnail","7":"category-cover","8":"category-habitat"},"_links":{"self":[{"href":"https:\/\/peninsula360press.com\/es_mx\/wp-json\/wp\/v2\/posts\/15980","targetHints":{"allow":["GET"]}}],"collection":[{"href":"https:\/\/peninsula360press.com\/es_mx\/wp-json\/wp\/v2\/posts"}],"about":[{"href":"https:\/\/peninsula360press.com\/es_mx\/wp-json\/wp\/v2\/types\/post"}],"author":[{"embeddable":true,"href":"https:\/\/peninsula360press.com\/es_mx\/wp-json\/wp\/v2\/users\/4"}],"replies":[{"embeddable":true,"href":"https:\/\/peninsula360press.com\/es_mx\/wp-json\/wp\/v2\/comments?post=15980"}],"version-history":[{"count":2,"href":"https:\/\/peninsula360press.com\/es_mx\/wp-json\/wp\/v2\/posts\/15980\/revisions"}],"predecessor-version":[{"id":15990,"href":"https:\/\/peninsula360press.com\/es_mx\/wp-json\/wp\/v2\/posts\/15980\/revisions\/15990"}],"wp:featuredmedia":[{"embeddable":true,"href":"https:\/\/peninsula360press.com\/es_mx\/wp-json\/wp\/v2\/media\/14616"}],"wp:attachment":[{"href":"https:\/\/peninsula360press.com\/es_mx\/wp-json\/wp\/v2\/media?parent=15980"}],"wp:term":[{"taxonomy":"category","embeddable":true,"href":"https:\/\/peninsula360press.com\/es_mx\/wp-json\/wp\/v2\/categories?post=15980"},{"taxonomy":"post_tag","embeddable":true,"href":"https:\/\/peninsula360press.com\/es_mx\/wp-json\/wp\/v2\/tags?post=15980"}],"curies":[{"name":"wp","href":"https:\/\/api.w.org\/{rel}","templated":true}]}}