{"id":16266,"date":"2023-03-15T17:32:05","date_gmt":"2023-03-16T00:32:05","guid":{"rendered":"https:\/\/peninsula360press.com\/?p=16266"},"modified":"2023-03-15T17:40:21","modified_gmt":"2023-03-16T00:40:21","slug":"450-mil-sin-energia-tras-tormenta","status":"publish","type":"post","link":"https:\/\/peninsula360press.com\/es_mx\/450-mil-sin-energia-tras-tormenta\/","title":{"rendered":"M\u00e1s de 450 mil se quedan sin energ\u00eda tras tormenta de este martes"},"content":{"rendered":"\n<figure class=\"wp-block-image size-large is-resized\"><img fetchpriority=\"high\" decoding=\"async\" src=\"https:\/\/peninsula360press.com\/wp-content\/uploads\/2023\/02\/electricidad-2-1024x682.jpg\" alt=\"tormenta\" class=\"wp-image-15488\" width=\"696\" height=\"463\" srcset=\"https:\/\/peninsula360press.com\/wp-content\/uploads\/2023\/02\/electricidad-2-1024x682.jpg 1024w, https:\/\/peninsula360press.com\/wp-content\/uploads\/2023\/02\/electricidad-2-300x200.jpg 300w, https:\/\/peninsula360press.com\/wp-content\/uploads\/2023\/02\/electricidad-2-768x512.jpg 768w, https:\/\/peninsula360press.com\/wp-content\/uploads\/2023\/02\/electricidad-2-18x12.jpg 18w, https:\/\/peninsula360press.com\/wp-content\/uploads\/2023\/02\/electricidad-2-150x100.jpg 150w, https:\/\/peninsula360press.com\/wp-content\/uploads\/2023\/02\/electricidad-2-696x464.jpg 696w, https:\/\/peninsula360press.com\/wp-content\/uploads\/2023\/02\/electricidad-2-1068x712.jpg 1068w\" sizes=\"(max-width: 696px) 100vw, 696px\" \/><figcaption class=\"wp-element-caption\">.<\/figcaption><\/figure>\n\n\n\n<p><strong>Por Olivia Wynkoop. <a href=\"https:\/\/www.baycitynews.com\/\" target=\"_blank\" data-type=\"URL\" data-id=\"https:\/\/www.baycitynews.com\/\" rel=\"noreferrer noopener\">Bay City News<\/a>.<\/strong><\/p>\n\n\n\n<p>M\u00e1s de 450 mil residentes de California se quedaron sin electricidad durante los fuertes vientos y la lluvia del martes, dijeron funcionarios de <a href=\"https:\/\/www.pge.com\/\" data-type=\"URL\" data-id=\"https:\/\/www.pge.com\/\" target=\"_blank\" rel=\"noreferrer noopener\">PG&amp;E<\/a> durante una sesi\u00f3n informativa el mi\u00e9rcoles.<\/p>\n\n\n\n<p>Y solo en el \u00c1rea de la Bah\u00eda, aproximadamente 108 mil personas segu\u00edan sin electricidad hasta las 16:00 horas de este mi\u00e9rcoles.<\/p>\n\n\n\n<p>Las autoridades dijeron que era el d\u00eda 38 consecutivo que el centro de operaciones de emergencia de la compa\u00f1\u00eda ha estado activo, lo que apunta a una extraordinaria temporada de invierno con altos niveles de lluvia, nieve, inundaciones, deslizamientos de tierra y otras emergencias relacionadas con tormentas en todo el estado.<\/p>\n\n\n\n<p>M\u00e1s de 5 mil 500 miembros de la tripulaci\u00f3n est\u00e1n en el campo para restaurar la energ\u00eda durante condiciones clim\u00e1ticas extremas, dijo Sumeet Singh, director de operaciones de PG&amp;E. Agreg\u00f3 que la empresa seguir\u00e1 dando prioridad a la seguridad por encima de todo, lo que a veces hace que se tarde en restablecer el servicio en algunas zonas.<\/p>\n\n\n\n<p>\u00abEn PG&amp;E sabemos lo importante que es la electricidad para sus familias, escuelas, comunidades y negocios\u00bb, se\u00f1al\u00f3 Singh. \u00abY no dejaremos de trabajar hasta que recuperemos la energ\u00eda para cada uno de nuestros clientes\u00bb.<\/p>\n\n\n\n<p>Singh dijo que la compa\u00f1\u00eda est\u00e1 trabajando para recuperarse de la tormenta m\u00e1s reciente de esta semana, la tormenta n\u00famero 13 en los \u00faltimos 75 d\u00edas, que rompi\u00f3 el r\u00e9cord de la tormenta con la mayor cantidad de cortes de energ\u00eda para los clientes en el \u00c1rea de la Bah\u00eda desde 1995.<\/p>\n\n\n\n<p>El martes, casi 367 mil clientes en todo California se quedaron sin electricidad en el pico de la tormenta, subray\u00f3 Singh.<\/p>\n\n\n\n<p>Del total de 450 mil clientes en todo el estado afectados por los cortes del martes, 290 mil hab\u00edan recuperado la energ\u00eda hasta el mi\u00e9rcoles por la tarde, dijo.<\/p>\n\n\n\n<p>\u00abCuando hay da\u00f1os extensos, puede tomar alg\u00fan tiempo acceder de manera segura a una situaci\u00f3n y evaluaci\u00f3n. Sabemos que esto puede ser frustrante\u00bb, subray\u00f3 Singh. \u00abNuestro compromiso es proporcionar estimaciones de restauraci\u00f3n a m\u00e1s tardar 24 horas despu\u00e9s de que comience la interrupci\u00f3n, incluso si no hemos podido acceder a la interrupci\u00f3n para evaluarla\u00bb.<\/p>\n\n\n\n<p>Angie Gibson, vicepresidenta de preparaci\u00f3n y respuesta ante emergencias en el Centro de Operaciones de Emergencia de PG&amp;E en Vacaville, destac\u00f3 que los condados del \u00c1rea de la Bah\u00eda con m\u00e1s da\u00f1os son los condados de Santa Clara, San Mateo y Contra Costa. La mayor\u00eda de los da\u00f1os provienen del desarraigo de los \u00e1rboles debido a la saturaci\u00f3n del suelo y los vientos extremos.<\/p>\n\n\n\n<p>A su vez, explic\u00f3 que el clima pr\u00f3ximo facilitar\u00e1 que las cuadrillas eval\u00faen y restauren las \u00e1reas afectadas.<\/p>\n\n\n\n<p>\u00abAfortunadamente, la tormenta extrema que produjo el mayor da\u00f1o ayer sali\u00f3 del territorio\u00bb, apunt\u00f3 Gibson. \u00abTenemos un tiempo bueno y seco, que continuar\u00e1 al menos ma\u00f1ana con vientos ligeros\u00bb.<\/p>\n\n\n\n<p>Se recomienda a los residentes que noten una l\u00ednea el\u00e9ctrica ca\u00edda que llamen primero al 9-1-1 y luego a PG&amp;E al 1-800-743-5000. Las personas preocupadas por sus vecinos vulnerables tambi\u00e9n pueden recibir informaci\u00f3n sobre los servicios comunitarios en el \u00e1rea llamando al 2-1-1.<\/p>\n\n\n\n<p>Te puede interesar: <a href=\"https:\/\/peninsula360press.com\/es_mx\/fuertes-vientos-en-el-area-de-la-bahia\/\" data-type=\"URL\" data-id=\"https:\/\/peninsula360press.com\/es_mx\/fuertes-vientos-en-el-area-de-la-bahia\/\"><em>Fuertes vientos derriban \u00e1rboles y l\u00edneas el\u00e9ctricas a lo largo del \u00c1rea de la Bah\u00eda<\/em><\/a><\/p>\n","protected":false},"excerpt":{"rendered":"<p>Por Olivia Wynkoop. Bay City News. M\u00e1s de 450 mil residentes de California se quedaron sin electricidad durante los fuertes vientos y la lluvia del martes, dijeron funcionarios de PG&amp;E durante una sesi\u00f3n informativa el mi\u00e9rcoles. Y solo en el \u00c1rea de la Bah\u00eda, aproximadamente 108 mil personas segu\u00edan sin electricidad hasta las 16:00 horas [&hellip;]<\/p>\n","protected":false},"author":4,"featured_media":15488,"comment_status":"open","ping_status":"open","sticky":false,"template":"","format":"standard","meta":{"footnotes":""},"categories":[9,14,2],"tags":[],"class_list":{"0":"post-16266","1":"post","2":"type-post","3":"status-publish","4":"format-standard","5":"has-post-thumbnail","7":"category-community","8":"category-cover","9":"category-peninsula"},"_links":{"self":[{"href":"https:\/\/peninsula360press.com\/es_mx\/wp-json\/wp\/v2\/posts\/16266","targetHints":{"allow":["GET"]}}],"collection":[{"href":"https:\/\/peninsula360press.com\/es_mx\/wp-json\/wp\/v2\/posts"}],"about":[{"href":"https:\/\/peninsula360press.com\/es_mx\/wp-json\/wp\/v2\/types\/post"}],"author":[{"embeddable":true,"href":"https:\/\/peninsula360press.com\/es_mx\/wp-json\/wp\/v2\/users\/4"}],"replies":[{"embeddable":true,"href":"https:\/\/peninsula360press.com\/es_mx\/wp-json\/wp\/v2\/comments?post=16266"}],"version-history":[{"count":3,"href":"https:\/\/peninsula360press.com\/es_mx\/wp-json\/wp\/v2\/posts\/16266\/revisions"}],"predecessor-version":[{"id":16269,"href":"https:\/\/peninsula360press.com\/es_mx\/wp-json\/wp\/v2\/posts\/16266\/revisions\/16269"}],"wp:featuredmedia":[{"embeddable":true,"href":"https:\/\/peninsula360press.com\/es_mx\/wp-json\/wp\/v2\/media\/15488"}],"wp:attachment":[{"href":"https:\/\/peninsula360press.com\/es_mx\/wp-json\/wp\/v2\/media?parent=16266"}],"wp:term":[{"taxonomy":"category","embeddable":true,"href":"https:\/\/peninsula360press.com\/es_mx\/wp-json\/wp\/v2\/categories?post=16266"},{"taxonomy":"post_tag","embeddable":true,"href":"https:\/\/peninsula360press.com\/es_mx\/wp-json\/wp\/v2\/tags?post=16266"}],"curies":[{"name":"wp","href":"https:\/\/api.w.org\/{rel}","templated":true}]}}