{"id":16690,"date":"2023-03-21T15:01:42","date_gmt":"2023-03-21T22:01:42","guid":{"rendered":"https:\/\/peninsula360press.com\/?p=16690"},"modified":"2023-03-21T17:12:12","modified_gmt":"2023-03-22T00:12:12","slug":"los-ninos-danos-colaterales-en-las-guerras","status":"publish","type":"post","link":"https:\/\/peninsula360press.com\/es_mx\/los-ninos-danos-colaterales-en-las-guerras\/","title":{"rendered":"\u00bfSon los ni\u00f1os da\u00f1os colaterales en las guerras culturales de California?"},"content":{"rendered":"\n<figure class=\"wp-block-image size-large\"><img fetchpriority=\"high\" decoding=\"async\" width=\"1024\" height=\"684\" src=\"https:\/\/peninsula360press.com\/wp-content\/uploads\/2023\/03\/WhatsApp-Image-2023-03-21-at-3.48.27-PM-1024x684.jpeg\" alt=\"\" class=\"wp-image-16698\" srcset=\"https:\/\/peninsula360press.com\/wp-content\/uploads\/2023\/03\/WhatsApp-Image-2023-03-21-at-3.48.27-PM-1024x684.jpeg 1024w, https:\/\/peninsula360press.com\/wp-content\/uploads\/2023\/03\/WhatsApp-Image-2023-03-21-at-3.48.27-PM-300x200.jpeg 300w, https:\/\/peninsula360press.com\/wp-content\/uploads\/2023\/03\/WhatsApp-Image-2023-03-21-at-3.48.27-PM-768x513.jpeg 768w, https:\/\/peninsula360press.com\/wp-content\/uploads\/2023\/03\/WhatsApp-Image-2023-03-21-at-3.48.27-PM-18x12.jpeg 18w, https:\/\/peninsula360press.com\/wp-content\/uploads\/2023\/03\/WhatsApp-Image-2023-03-21-at-3.48.27-PM-150x100.jpeg 150w, https:\/\/peninsula360press.com\/wp-content\/uploads\/2023\/03\/WhatsApp-Image-2023-03-21-at-3.48.27-PM-696x465.jpeg 696w, https:\/\/peninsula360press.com\/wp-content\/uploads\/2023\/03\/WhatsApp-Image-2023-03-21-at-3.48.27-PM-1068x713.jpeg 1068w\" sizes=\"(max-width: 1024px) 100vw, 1024px\" \/><\/figure>\n\n\n\n<p>Por Diana Lambert. <a href=\"https:\/\/edsource.org\/\" target=\"_blank\" rel=\"noreferrer noopener\">EdSource<\/a>.<\/p>\n\n\n\n<p>Billetes de d\u00f3lar falsificados con una caricatura de un hombre afrodescendiente y comentarios racistas circulados en una escuela secundaria de Sacramento. Una ni\u00f1a de 10 a\u00f1os fue llamada \u00abesclava\u00bb por un compa\u00f1ero de clase en el condado de Orange. Los estudiantes de secundaria del \u00c1rea de la Bah\u00eda se filmaron ri\u00e9ndose y repitiendo un insulto racial contra afrodescendientes. Todo ello en este mes en California.<\/p>\n\n\n\n<p>Son los ni\u00f1os da\u00f1os colaterales en las guerras culturales, los estudiantes afrodescendientes son m\u00e1s a menudo el objetivo de la hostilidad racial que cualquier otro grupo de estudiantes, seg\u00fan \u00abEducando para una democracia diversa en California\u00bb, un informe conjunto del Instituto para la Democracia, la Educaci\u00f3n y el Acceso de la UCLA y el Grupo de Investigaci\u00f3n de Participaci\u00f3n C\u00edvica de la UC. Orilla. Como parte del estudio, los investigadores encuestaron a 150 directores de California sobre c\u00f3mo la din\u00e1mica pol\u00edtica de las comunidades ha impactado a las escuelas.<\/p>\n\n\n\n<p>El 66 por ciento de los directores informaron que est\u00e1n al tanto de los comentarios racistas hechos contra los estudiantes afrodescendientes en sus campus; un tercio dijo que tales incidentes son frecuentes. Estos ataques verbales hablan de la presencia de racismo contra los afrodescendientes que socava la capacidad de los j\u00f3venes para aprender, dijo John Rogers, uno de los autores del estudio.<\/p>\n\n\n\n<p>\u00abNo podemos normalizar el hecho de que estos (ataques) se han vuelto comunes en nuestras escuelas p\u00fablicas\u00bb, dijo.<\/p>\n\n\n\n<p>La polarizaci\u00f3n pol\u00edtica y los conflictos sobre la equidad racial y de g\u00e9nero ahora son comunes en las reuniones de la junta escolar y en los campus escolares de todo el estado. Est\u00e1n impactando negativamente al personal escolar, socavando la gesti\u00f3n escolar y aumentando la ansiedad y la hostilidad entre los estudiantes, seg\u00fan el informe.<\/p>\n\n\n\n<p>\u00abEl suelo se movi\u00f3 bajo sus pies durante un a\u00f1o y medio, y ocurrieron eventos pol\u00edticos significativos: el asesinato de George Floyd, Brianna Taylor, etc., el surgimiento de Black Lives Matter y las protestas, las respuestas a la protesta, la bandera de la l\u00ednea azul, las elecciones de 2020 y el 6 de enero\u00bb, se\u00f1al\u00f3 un director de estudiantes de California. \u00abTodas estas cosas sucedieron mientras los ni\u00f1os estaban en espacios que no estaban con nosotros\u00bb.<\/p>\n\n\n\n<p>Los estudiantes, la mayor\u00eda en educaci\u00f3n a distancia debido a la pandemia de COVID-19, no pudieron discutir estos eventos en la escuela con una comunidad diversa de estudiantes. En cambio, no tuvieron estas conversaciones o las tuvieron alrededor de la mesa, escuchando solo la perspectiva de su familia, refiri\u00f3 el director.<\/p>\n\n\n\n<p>\u00abAs\u00ed que nuestros hijos regresaron a la escuela con esta perspectiva muy estrecha\u00bb, subray\u00f3. \u00abEra algo que no necesariamente hab\u00edamos visto en el pasado. No necesariamente ten\u00edamos ni\u00f1os corriendo con declaraciones pol\u00edticas en sus sombreros o camisetas, pero s\u00ed creo que les cost\u00f3 un poco tener empat\u00eda por los grupos que no necesariamente entendieron\u00bb.<\/p>\n\n\n\n<p><strong>Crece la polarizaci\u00f3n pol\u00edtica<\/strong><\/p>\n\n\n\n<p>Casi dos tercios de los directores de California encuestados informaron conflictos pol\u00edticos locales sustanciales sobre temas educativos en sus escuelas. En muchos distritos escolares, los miembros de la comunidad han tratado de limitar o desafiar la ense\u00f1anza sobre la raza, las pol\u00edticas relacionadas con los estudiantes LGBTQ y el acceso al aprendizaje socioemocional o a ciertos libros en la biblioteca.<\/p>\n\n\n\n<p>El partidismo pol\u00edtico comenz\u00f3 a hervir despu\u00e9s del cierre de las escuelas de COVID. Los padres y otros activistas se presentaron en las reuniones de la junta escolar para exigir que las escuelas reabrieran. Regresaron para protestar por los mandatos de m\u00e1scaras, mandatos de vacunas y otros requisitos de seguridad. Una vez que se aflojaron los protocolos de COVID-19, los activistas conservadores comenzaron a luchar contra las pol\u00edticas educativas sobre identidad de g\u00e9nero y equidad racial.<\/p>\n\n\n\n<p>\u00abParece que la polarizaci\u00f3n pol\u00edtica y el conflicto contin\u00faan creciendo\u00bb, dijo Rogers. \u00abM\u00e1s recientemente parece haber un enfoque en hacer retroceder los derechos LGBTQ o cualquier cosa que se asemeje a cuestiones de g\u00e9nero, como las protestas recientes por un programa en una escuela secundaria de Elk Grove donde los estudiantes vest\u00edan ropa\u00bb.<\/p>\n\n\n\n<p>La actuaci\u00f3n en una asamblea multicultural en Pleasant Grove High School el 3 de marzo provoc\u00f3 protestas de los padres en una reuni\u00f3n de la junta escolar del distrito, seg\u00fan SFGate. Una actuaci\u00f3n similar planeada en una escuela secundaria de Roseville en el condado de Placer fue cancelada este mes despu\u00e9s de que provoc\u00f3 la ira de los padres y los grupos pol\u00edticos locales, seg\u00fan The Sacramento Bee.<\/p>\n\n\n\n<p>Tres cuartas partes de los directores de California que fueron encuestados dicen que los estudiantes LGBTQ en sus escuelas han sido objeto de ataques verbales.<\/p>\n\n\n\n<p>El an\u00e1lisis de California sigue una encuesta nacional publicada el a\u00f1o pasado. Los investigadores entrevistaron a los directores de los distritos electorales azul, rojo y morado durante el verano de 2022 para determinar c\u00f3mo la divisi\u00f3n partidista ha afectado a las escuelas. Los nombres de los directores no se incluyeron en el informe.<\/p>\n\n\n\n<p>Los investigadores etiquetaron los distritos en azul si menos del 45 por ciento de los votantes votaron por Donald Trump para presidente en 2020, en p\u00farpura si entre el 45 y el 54.9 por ciento votaron por Trump y en rojo si m\u00e1s del 55 por ciento de los votantes eligieron a Trump.<\/p>\n\n\n\n<p>El estudio nacional encontr\u00f3 que el discurso inc\u00edvico y la ret\u00f3rica pol\u00edtica hostil se han filtrado en las aulas de la naci\u00f3n, lo que ha provocado una disminuci\u00f3n del apoyo a la ense\u00f1anza sobre la raza y el racismo y un aumento considerable del acoso a los j\u00f3venes LGBTQ. Los directores de comunidades pol\u00edticamente divididas ten\u00edan el doble de probabilidades de informar m\u00faltiples instancias de conflicto en sus escuelas relacionadas con temas LGBTQ o aprendiendo sobre raza y racismo.<\/p>\n\n\n\n<p><strong>Divisi\u00f3n pol\u00edtica que afecta la educaci\u00f3n de los estudiantes<\/strong><\/p>\n\n\n\n<p>\u00abGran parte de la din\u00e1mica pol\u00edtica que se ha desarrollado en el activismo de base conservador tambi\u00e9n est\u00e1 ocurriendo en muchas comunidades de California, con graves consecuencias para la educaci\u00f3n\u00bb, explic\u00f3 Rogers.<\/p>\n\n\n\n<p>Al menos un director de California les ha dicho a sus maestros que eviten hablar de pol\u00edtica, elecciones y eventos actuales.<\/p>\n\n\n\n<p>Los estudiantes deben comprender la historia de varios grupos para tener un di\u00e1logo respetuoso basado en evidencia para ayudar a construir una democracia diversa, seg\u00fan el informe.<\/p>\n\n\n\n<p>En California, a diferencia del resto del pa\u00eds, los educadores de las comunidades morada y azul ten\u00edan la misma probabilidad de apoyar los derechos de los estudiantes LGBTQ. Los directores de las comunidades moradas ten\u00edan un 5 por ciento m\u00e1s de probabilidades que los de las comunidades azules de ofrecer capacitaci\u00f3n a los maestros y al personal para apoyar el aprendizaje sobre la literatura y la historia de personas de diferentes or\u00edgenes \u00e9tnicos y raciales.<\/p>\n\n\n\n<p>\u00abEs reconfortante escuchar que mientras California est\u00e1 experimentando estos problemas, muchos educadores y personal escolar no retroceden en lo que respecta a la equidad racial y de g\u00e9nero\u00bb, dijo Rogers. \u00abDesafortunadamente, ciertas personas que representan segmentos particulares del Partido Republicano creen que resaltar temas culturalmente divisivos y atacar a las escuelas por ense\u00f1ar la historia completa de la sociedad estadounidense y proteger los derechos LGBTQ es de su inter\u00e9s partidista\u00bb.<\/p>\n\n\n\n<p>Puede leer el texto original dando <a href=\"https:\/\/edsource.org\/2023\/are-kids-collateral-damage-in-california-culture-wars\/687041\" target=\"_blank\" rel=\"noopener\">c<\/a><a href=\"https:\/\/edsource.org\/2023\/are-kids-collateral-damage-in-california-culture-wars\/687041\" target=\"_blank\" rel=\"noreferrer noopener\">lic <\/a><a href=\"https:\/\/edsource.org\/2023\/are-kids-collateral-damage-in-california-culture-wars\/687041\" target=\"_blank\" rel=\"noopener\">aqu\u00ed<\/a>.<\/p>\n\n\n\n<p><\/p>\n\n\n<div class=\"wp-block-image\">\n<figure class=\"alignleft size-thumbnail\"><img decoding=\"async\" width=\"150\" height=\"150\" src=\"https:\/\/peninsula360press.com\/wp-content\/uploads\/2022\/09\/Stop-Hate-150x150.png\" alt=\"\" class=\"wp-image-13209\" srcset=\"https:\/\/peninsula360press.com\/wp-content\/uploads\/2022\/09\/Stop-Hate-150x150.png 150w, https:\/\/peninsula360press.com\/wp-content\/uploads\/2022\/09\/Stop-Hate-300x300.png 300w, https:\/\/peninsula360press.com\/wp-content\/uploads\/2022\/09\/Stop-Hate-1024x1024.png 1024w, https:\/\/peninsula360press.com\/wp-content\/uploads\/2022\/09\/Stop-Hate-768x768.png 768w, https:\/\/peninsula360press.com\/wp-content\/uploads\/2022\/09\/Stop-Hate-12x12.png 12w, https:\/\/peninsula360press.com\/wp-content\/uploads\/2022\/09\/Stop-Hate-696x696.png 696w, https:\/\/peninsula360press.com\/wp-content\/uploads\/2022\/09\/Stop-Hate-1068x1068.png 1068w\" sizes=\"(max-width: 150px) 100vw, 150px\" \/><\/figure>\n<\/div>\n\n<div class=\"wp-block-image\">\n<figure class=\"alignright size-thumbnail\"><img decoding=\"async\" width=\"150\" height=\"150\" src=\"https:\/\/peninsula360press.com\/wp-content\/uploads\/2022\/09\/StopTheHate-150x150.png\" alt=\"\" class=\"wp-image-13208\" srcset=\"https:\/\/peninsula360press.com\/wp-content\/uploads\/2022\/09\/StopTheHate-150x150.png 150w, https:\/\/peninsula360press.com\/wp-content\/uploads\/2022\/09\/StopTheHate-300x301.png 300w, https:\/\/peninsula360press.com\/wp-content\/uploads\/2022\/09\/StopTheHate-768x770.png 768w, https:\/\/peninsula360press.com\/wp-content\/uploads\/2022\/09\/StopTheHate-12x12.png 12w, https:\/\/peninsula360press.com\/wp-content\/uploads\/2022\/09\/StopTheHate-696x698.png 696w, https:\/\/peninsula360press.com\/wp-content\/uploads\/2022\/09\/StopTheHate.png 1007w\" sizes=\"(max-width: 150px) 100vw, 150px\" \/><\/figure>\n<\/div>\n\n\n<p class=\"has-text-align-center\"><em>This publication was supported in whole or part by funding provided by the State of California, administered by the\u00a0<a href=\"https:\/\/www.library.ca.gov\/\" target=\"_blank\" rel=\"noreferrer noopener\">California State Library.<\/a><\/em><\/p>\n\n\n<div class=\"wp-block-image\">\n<figure class=\"aligncenter size-full\"><img loading=\"lazy\" decoding=\"async\" width=\"400\" height=\"115\" src=\"https:\/\/peninsula360press.com\/wp-content\/uploads\/2022\/08\/CSL-Logo@400.png\" alt=\"\" class=\"wp-image-12082\" srcset=\"https:\/\/peninsula360press.com\/wp-content\/uploads\/2022\/08\/CSL-Logo@400.png 400w, https:\/\/peninsula360press.com\/wp-content\/uploads\/2022\/08\/CSL-Logo@400-300x86.png 300w, https:\/\/peninsula360press.com\/wp-content\/uploads\/2022\/08\/CSL-Logo@400-18x5.png 18w, https:\/\/peninsula360press.com\/wp-content\/uploads\/2022\/08\/CSL-Logo@400-150x43.png 150w\" sizes=\"(max-width: 400px) 100vw, 400px\" \/><\/figure>\n<\/div>\n\n\n<p><\/p>\n\n\n\n<p><em>Te puede interesar: <a href=\"https:\/\/peninsula360press.com\/es_mx\/centros-de-detencion-inhumanos\/\">\u00abUn campo de concentraci\u00f3n\u00bb: Defensores de San Jos\u00e9 protestan por centros de detenci\u00f3n inhumanos<\/a><\/em><\/p>\n","protected":false},"excerpt":{"rendered":"<p>Por Diana Lambert. EdSource. Billetes de d\u00f3lar falsificados con una caricatura de un hombre afrodescendiente y comentarios racistas circulados en una escuela secundaria de Sacramento. Una ni\u00f1a de 10 a\u00f1os fue llamada \u00abesclava\u00bb por un compa\u00f1ero de clase en el condado de Orange. Los estudiantes de secundaria del \u00c1rea de la Bah\u00eda se filmaron ri\u00e9ndose [&hellip;]<\/p>\n","protected":false},"author":4,"featured_media":16698,"comment_status":"open","ping_status":"open","sticky":false,"template":"","format":"standard","meta":{"footnotes":""},"categories":[9,14],"tags":[],"class_list":{"0":"post-16690","1":"post","2":"type-post","3":"status-publish","4":"format-standard","5":"has-post-thumbnail","7":"category-community","8":"category-cover"},"_links":{"self":[{"href":"https:\/\/peninsula360press.com\/es_mx\/wp-json\/wp\/v2\/posts\/16690","targetHints":{"allow":["GET"]}}],"collection":[{"href":"https:\/\/peninsula360press.com\/es_mx\/wp-json\/wp\/v2\/posts"}],"about":[{"href":"https:\/\/peninsula360press.com\/es_mx\/wp-json\/wp\/v2\/types\/post"}],"author":[{"embeddable":true,"href":"https:\/\/peninsula360press.com\/es_mx\/wp-json\/wp\/v2\/users\/4"}],"replies":[{"embeddable":true,"href":"https:\/\/peninsula360press.com\/es_mx\/wp-json\/wp\/v2\/comments?post=16690"}],"version-history":[{"count":4,"href":"https:\/\/peninsula360press.com\/es_mx\/wp-json\/wp\/v2\/posts\/16690\/revisions"}],"predecessor-version":[{"id":16706,"href":"https:\/\/peninsula360press.com\/es_mx\/wp-json\/wp\/v2\/posts\/16690\/revisions\/16706"}],"wp:featuredmedia":[{"embeddable":true,"href":"https:\/\/peninsula360press.com\/es_mx\/wp-json\/wp\/v2\/media\/16698"}],"wp:attachment":[{"href":"https:\/\/peninsula360press.com\/es_mx\/wp-json\/wp\/v2\/media?parent=16690"}],"wp:term":[{"taxonomy":"category","embeddable":true,"href":"https:\/\/peninsula360press.com\/es_mx\/wp-json\/wp\/v2\/categories?post=16690"},{"taxonomy":"post_tag","embeddable":true,"href":"https:\/\/peninsula360press.com\/es_mx\/wp-json\/wp\/v2\/tags?post=16690"}],"curies":[{"name":"wp","href":"https:\/\/api.w.org\/{rel}","templated":true}]}}