{"id":17103,"date":"2023-04-03T10:48:56","date_gmt":"2023-04-03T17:48:56","guid":{"rendered":"https:\/\/peninsula360press.com\/?p=17103"},"modified":"2023-04-03T10:48:58","modified_gmt":"2023-04-03T17:48:58","slug":"san-mateo-elimina-uso-de-mascarillas","status":"publish","type":"post","link":"https:\/\/peninsula360press.com\/es_mx\/san-mateo-elimina-uso-de-mascarillas\/","title":{"rendered":"Condado de San Mateo elimina uso de mascarillas en centros de atenci\u00f3n m\u00e9dica"},"content":{"rendered":"\n<figure class=\"wp-block-image size-large\"><img fetchpriority=\"high\" decoding=\"async\" width=\"1024\" height=\"683\" src=\"https:\/\/peninsula360press.com\/wp-content\/uploads\/2023\/04\/mascarilla-1024x683.jpeg\" alt=\"\" class=\"wp-image-17104\" srcset=\"https:\/\/peninsula360press.com\/wp-content\/uploads\/2023\/04\/mascarilla-1024x683.jpeg 1024w, https:\/\/peninsula360press.com\/wp-content\/uploads\/2023\/04\/mascarilla-300x200.jpeg 300w, https:\/\/peninsula360press.com\/wp-content\/uploads\/2023\/04\/mascarilla-768x512.jpeg 768w, https:\/\/peninsula360press.com\/wp-content\/uploads\/2023\/04\/mascarilla-18x12.jpeg 18w, https:\/\/peninsula360press.com\/wp-content\/uploads\/2023\/04\/mascarilla-150x100.jpeg 150w, https:\/\/peninsula360press.com\/wp-content\/uploads\/2023\/04\/mascarilla-696x464.jpeg 696w, https:\/\/peninsula360press.com\/wp-content\/uploads\/2023\/04\/mascarilla-1068x712.jpeg 1068w, https:\/\/peninsula360press.com\/wp-content\/uploads\/2023\/04\/mascarilla.jpeg 1125w\" sizes=\"(max-width: 1024px) 100vw, 1024px\" \/><\/figure>\n\n\n\n<p>El condado de San Mateo elimina uso de mascarillas en entornos de atenci\u00f3n m\u00e9dica y de alto riesgo. Ello luego de que autoridades m\u00e9dicas del estado de California emitieran una gu\u00eda revisada que entra en vigor este lunes 3 de abril, y tras el fin de las \u00f3rdenes de emergencia de salud p\u00fablica estatales y locales el pasado 28 de febrero.\u00a0<\/p>\n\n\n\n<p>De tal forma, las instalaciones tomar\u00e1n decisiones propias en el uso de mascarillas para sus respectivas operaciones mismas que compartir\u00e1n con el personal, los pacientes y los visitantes. Adem\u00e1s, una persona que da positivo puede finalizar el aislamiento despu\u00e9s de cinco d\u00edas si se siente bien, mejora los s\u00edntomas y no tiene fiebre durante 24 horas.<\/p>\n\n\n\n<p>De acuerdo con un mensaje emitido por Louise Rogers, jefa de <a href=\"https:\/\/www.smchealth.org\/\" target=\"_blank\" rel=\"noreferrer noopener\">Salud del Condado de San Mateo<\/a>, marzo marc\u00f3 los tres a\u00f1os del inicio de las acciones de salud p\u00fablica para mitigar el COVID-19 a nivel local y estatal, cuyos niveles de riesgo de infecci\u00f3n son moderados actualmente.\u00a0<\/p>\n\n\n\n<p>\u00abLos niveles de concentraci\u00f3n del virus han sido m\u00e1s bajos que los picos de invierno recientes \u2012noviembre a enero\u2012 pero siguen siendo m\u00e1s altos que hace un a\u00f1o. Si bien las vacunas contin\u00faan protegiendo a la mayor\u00eda de las enfermedades graves, hay entre 20 y 30 personas hospitalizadas por d\u00eda con COVID. El n\u00famero de muertes este invierno fue significativamente menor que los dos anteriores\u00bb, se\u00f1al\u00f3 Rogers.<\/p>\n\n\n\n<p>Y a medida que finalizan las \u00faltimas cl\u00ednicas de vacunaci\u00f3n en las escuelas de las poblaciones que se han visto afectadas de manera desproporcionada por el COVID-19, las personas pueden continuar accediendo a las vacunas a trav\u00e9s de proveedores de atenci\u00f3n m\u00e9dica y farmacias.<\/p>\n\n\n\n<p>\u00abCalifornia y el gobierno federal han tomado medidas para mantener la cobertura de vacunaci\u00f3n para las personas inscritas en Medi-Cal, un plan de seguro comercial o Medicare. Al 22 de marzo de 2023, unos 262 755 residentes \u2012que representan el 34 por ciento de la poblaci\u00f3n\u2012 han recibido el refuerzo bivalente COVID actualizado\u00bb.&nbsp;<\/p>\n\n\n\n<p>Este refuerzo, a\u00f1adi\u00f3, se enfoca tanto en la cepa del virus original como en la variante \u00d3micron y sus subvariantes, y brinda la mayor protecci\u00f3n contra los impactos m\u00e1s severos de COVID, por lo que alientan a todas las personas elegibles, especialmente a los adultos mayores de 65 a\u00f1os, a recibir el refuerzo bivalente. Actualmente, el 52 por ciento de los residentes del condado mayores de 65 a\u00f1os han recibido este refuerzo.<\/p>\n\n\n\n<p>En esta fase en la que las v\u00edas de vacunaci\u00f3n, pruebas y tratamiento ser\u00e1n definidas por el seguro de salud de cada persona, agradeci\u00f3 a sus colegas de la Agencia de Servicios Humanos que est\u00e1n trabajando con clientes, equipos de salud del condado y socios, para llegar a los residentes asegurados a trav\u00e9s de Medi-Cal para completar el proceso de redeterminaci\u00f3n anual que se reanuda despu\u00e9s de una suspensi\u00f3n de tres a\u00f1os.&nbsp;<\/p>\n\n\n\n<p>\u00abEsta es una parte vital para garantizar el acceso equitativo a la atenci\u00f3n m\u00e9dica en nuestra comunidad\u00bb, apunt\u00f3.<\/p>\n\n\n\n<p><\/p>\n\n\n\n<p><em>Te puede interesar: <a href=\"https:\/\/peninsula360press.com\/es_mx\/mitos-sobre-covid-19\/\">Los mitos sobre COVID-19 que persisten entre j\u00f3venes del \u00c1rea de la Bah\u00eda<\/a><\/em><\/p>\n","protected":false},"excerpt":{"rendered":"<p>El condado de San Mateo elimina uso de mascarillas en entornos de atenci\u00f3n m\u00e9dica y de alto riesgo. Ello luego de que autoridades m\u00e9dicas del estado de California emitieran una gu\u00eda revisada que entra en vigor este lunes 3 de abril, y tras el fin de las \u00f3rdenes de emergencia de salud p\u00fablica estatales y [&hellip;]<\/p>\n","protected":false},"author":7,"featured_media":17105,"comment_status":"open","ping_status":"open","sticky":false,"template":"","format":"standard","meta":{"footnotes":""},"categories":[14,170,12],"tags":[],"class_list":{"0":"post-17103","1":"post","2":"type-post","3":"status-publish","4":"format-standard","5":"has-post-thumbnail","7":"category-cover","8":"category-covid19","9":"category-health"},"_links":{"self":[{"href":"https:\/\/peninsula360press.com\/es_mx\/wp-json\/wp\/v2\/posts\/17103","targetHints":{"allow":["GET"]}}],"collection":[{"href":"https:\/\/peninsula360press.com\/es_mx\/wp-json\/wp\/v2\/posts"}],"about":[{"href":"https:\/\/peninsula360press.com\/es_mx\/wp-json\/wp\/v2\/types\/post"}],"author":[{"embeddable":true,"href":"https:\/\/peninsula360press.com\/es_mx\/wp-json\/wp\/v2\/users\/7"}],"replies":[{"embeddable":true,"href":"https:\/\/peninsula360press.com\/es_mx\/wp-json\/wp\/v2\/comments?post=17103"}],"version-history":[{"count":3,"href":"https:\/\/peninsula360press.com\/es_mx\/wp-json\/wp\/v2\/posts\/17103\/revisions"}],"predecessor-version":[{"id":17108,"href":"https:\/\/peninsula360press.com\/es_mx\/wp-json\/wp\/v2\/posts\/17103\/revisions\/17108"}],"wp:featuredmedia":[{"embeddable":true,"href":"https:\/\/peninsula360press.com\/es_mx\/wp-json\/wp\/v2\/media\/17105"}],"wp:attachment":[{"href":"https:\/\/peninsula360press.com\/es_mx\/wp-json\/wp\/v2\/media?parent=17103"}],"wp:term":[{"taxonomy":"category","embeddable":true,"href":"https:\/\/peninsula360press.com\/es_mx\/wp-json\/wp\/v2\/categories?post=17103"},{"taxonomy":"post_tag","embeddable":true,"href":"https:\/\/peninsula360press.com\/es_mx\/wp-json\/wp\/v2\/tags?post=17103"}],"curies":[{"name":"wp","href":"https:\/\/api.w.org\/{rel}","templated":true}]}}