{"id":18487,"date":"2023-06-03T12:08:25","date_gmt":"2023-06-03T19:08:25","guid":{"rendered":"https:\/\/peninsula360press.com\/?p=18487"},"modified":"2023-06-03T12:08:25","modified_gmt":"2023-06-03T19:08:25","slug":"techo-de-deuda","status":"publish","type":"post","link":"https:\/\/peninsula360press.com\/es_mx\/techo-de-deuda\/","title":{"rendered":"Elevaci\u00f3n en techo de deuda divide opiniones por posibles afectaciones para estadounidenses"},"content":{"rendered":"<p><img fetchpriority=\"high\" decoding=\"async\" class=\"alignnone  wp-image-18489\" src=\"https:\/\/peninsula360press.com\/wp-content\/uploads\/2023\/06\/Estados-unidos-dolar-300x150.png\" alt=\"\" width=\"640\" height=\"320\" srcset=\"https:\/\/peninsula360press.com\/wp-content\/uploads\/2023\/06\/Estados-unidos-dolar-300x150.png 300w, https:\/\/peninsula360press.com\/wp-content\/uploads\/2023\/06\/Estados-unidos-dolar-1024x512.png 1024w, https:\/\/peninsula360press.com\/wp-content\/uploads\/2023\/06\/Estados-unidos-dolar-768x384.png 768w, https:\/\/peninsula360press.com\/wp-content\/uploads\/2023\/06\/Estados-unidos-dolar-18x9.png 18w, https:\/\/peninsula360press.com\/wp-content\/uploads\/2023\/06\/Estados-unidos-dolar-150x75.png 150w, https:\/\/peninsula360press.com\/wp-content\/uploads\/2023\/06\/Estados-unidos-dolar-696x348.png 696w, https:\/\/peninsula360press.com\/wp-content\/uploads\/2023\/06\/Estados-unidos-dolar-1068x534.png 1068w\" sizes=\"(max-width: 640px) 100vw, 640px\" \/><\/p>\n<p><span style=\"font-weight: 400;\">El presidente de Estados Unidos, Joseph Biden, y los republicanos de la C\u00e1mara de Representantes alcanzaron un acuerdo para elevar el techo de deuda hasta enero de 2025 a cambio de l\u00edmites en el gasto durante los pr\u00f3ximos dos a\u00f1os. Sin embargo, la medida podr\u00eda no ser suficiente para garantizar una econom\u00eda estable, consecuencias que tendr\u00edan que pagar los estadounidenses.<\/span><\/p>\n<p><span style=\"font-weight: 400;\">As\u00ed lo se\u00f1alaron especialistas durante una conferencia de prensa organizada por <\/span><span style=\"font-weight: 400;\">\u00a0<\/span><a href=\"https:\/\/ethnicmediaservices.org\/\" target=\"_blank\" rel=\"noopener\"><span style=\"font-weight: 400;\">Ethnic Media Services<\/span><\/a><span style=\"font-weight: 400;\">, en la cual\u00a0 realizaron un an\u00e1lisis sobre el tema y explicaron de qu\u00e9 manera la econom\u00eda del pa\u00eds se ve afectada o beneficiada.<\/span><\/p>\n<p><span style=\"font-weight: 400;\">El acuerdo llega en un momento importante para la figura pol\u00edtica del presidente. Al lograr unir fuerzas entre los partidos, Biden busca sumar puntos para el ala dem\u00f3crata y dejar una buena impresi\u00f3n ante las pr\u00f3ximas elecciones que se llevar\u00e1n a cabo en 2024, donde busca la reelecci\u00f3n. Sin embargo, el tema debe ir mucho m\u00e1s all\u00e1 de la pol\u00edtica y centrarse en las personas.<\/span><\/p>\n<p><span style=\"font-weight: 400;\">El techo de deuda es establecido por el Congreso y es la cantidad m\u00e1xima que se puede pedir prestada para financiar las obligaciones del gobierno que ya fueron autorizadas, y que al registrar un d\u00e9ficit presupuestario o al considerar que los ingresos recaudados no son suficientes, se busca elevarlo para no caer en impago.\u00a0<\/span><\/p>\n<p><span style=\"font-weight: 400;\">Rachel Snyderman, directora adjunta de pol\u00edtica empresarial y econ\u00f3mica del Centro de Pol\u00edtica Bipartidista, mostr\u00f3 su preocupaci\u00f3n en la negociaci\u00f3n del acuerdo debido a la lista de prioridades y las reducciones que se aplicar\u00e1n principalmente en los programas sociales, por lo que recomend\u00f3\u00a0 buscar nuevos generadores de ingresos que no afecten a los ciudadanos.<\/span><\/p>\n<p><span style=\"font-weight: 400;\">\u00ab<\/span><span style=\"font-weight: 400;\">El proyecto de ley tambi\u00e9n fall\u00f3 en ver nuevas formas de generar ingresos, tenemos un d\u00e9ficit muy grande y el proyecto de ley no est\u00e1 haciendo nada para ver esa parte. Es hora de que los legisladores hagan algo para generar ingresos sin considerar los impuestos y entonces enfocarse s\u00f3lo en el gasto <\/span><span style=\"font-weight: 400;\">discrecional<\/span><span style=\"font-weight: 400;\"> que es una peque\u00f1a parte del presupuesto<\/span><span style=\"font-weight: 400;\">\u00bb, subray\u00f3 la economista.\u00a0<\/span><\/p>\n<p><span style=\"font-weight: 400;\">Para <\/span><span style=\"font-weight: 400;\">Snyderman, el aumento del techo de deuda no es suficiente, pues se ha solicitado muchas veces y al final los afectados son los ciudadanos. Por eso, propuso buscar otras v\u00edas de recaudaci\u00f3n como facilitar los tr\u00e1mites para las empresas y as\u00ed lograr atraer inversi\u00f3n que genere m\u00e1s empleos, o considerar la <\/span><span style=\"font-weight: 400;\">inmigraci\u00f3n para obtener nuevos ingresos.\u00a0<\/span><\/p>\n<p><span style=\"font-weight: 400;\">Para los estadounidenses, tener una deuda es preocupante. Los costos de los intereses pasan a ser problema del gobierno y se deja de financiar programas sociales de los cuales dependen millones de familias.<\/span><\/p>\n<p><span style=\"font-weight: 400;\">Por su parte, Shannon Buckingham mencion\u00f3 que entre las cosas que est\u00e1n en juego en este tema est\u00e1n los efectos negativos amplios en la econom\u00eda, situaci\u00f3n que los ciudadanos conocen bien pues saben que ser\u00e1n afectados y sus beneficios se pueden ver retrasados.\u00a0\u00a0<\/span><\/p>\n<p><span style=\"font-weight: 400;\">\u00ab<\/span><span style=\"font-weight: 400;\">Este acuerdo recorta parte del presupuesto que cubre la educaci\u00f3n, entrenamiento laboral, vivienda, seguridad alimentaria y muchas \u00e1reas de\u00a0 financiamiento que son inversiones necesarias para las personas, principalmente para las comunidades menos favorecidas<\/span><span style=\"font-weight: 400;\">\u00bb, puntualiz\u00f3.<\/span><\/p>\n<p><span style=\"font-weight: 400;\">Por su parte Lindsay Owens, directora ejecutiva de Groundwork Collaborative, explic\u00f3 que la decisi\u00f3n del aumento del techo de deuda es un acto necesario para mantener la econom\u00eda del pa\u00eds y evitar entrar en el impago, lo que generar\u00eda m\u00e1s problemas econ\u00f3micos.<\/span><\/p>\n<p><span style=\"font-weight: 400;\">Sin embargo, coincidi\u00f3 en que se debe considerar que la inflaci\u00f3n afectar\u00e1 el financiamiento de los recursos y seguir\u00e1 existiendo una p\u00e9rdida econ\u00f3mica para los estadounidenses.<\/span><\/p>\n<p><span style=\"font-weight: 400;\">\u00ab<\/span><span style=\"font-weight: 400;\">El aumento se ver\u00e1 reflejado en recortes por la inflaci\u00f3n, aunque congelen el financiamiento. En un mundo donde la inflaci\u00f3n es de 4 a 5 por ciento, la inflaci\u00f3n se come esa parte primero y entonces hay 4 o 5 por ciento menos recursos disponibles. Son 5 por ciento menos en viviendas, veremos menos recursos para ayuda en asistencia, en los programas para ni\u00f1os y adultos mayores. Es importante entender eso, que ese financiamiento extra no va a cubrir los efectos de la inflaci\u00f3n<\/span><span style=\"font-weight: 400;\">\u00bb, puntualiz\u00f3.\u00a0<\/span><\/p>\n<p><span style=\"font-weight: 400;\">La medida aprobada este viernes ha generado muchas opiniones pol\u00edticas, sin embargo, el tema de la econom\u00eda del pa\u00eds involucra los bolsillos de todos los ciudadanos, por lo que no se debe politizar el techo de deuda entre partidos y personajes.\u00a0<\/span><\/p>\n<p><span style=\"font-weight: 400;\">Los expertos concluyeron que es necesario ver y analizar las medidas tomadas, y c\u00f3mo, desde que se cre\u00f3 el techo de deuda, hace m\u00e1s de un siglo, no se ha recaudado dinero de otra manera, manteniendo las afectaciones en los m\u00e1s vulnerables.<\/span><\/p>\n<p>&nbsp;<\/p>\n<p><em><strong>Te puede interesar:<\/strong> <a href=\"https:\/\/peninsula360press.com\/es_mx\/viviendas-para-los-trabajadores-agricolas\/\">Plan para sumar viviendas para trabajadores agr\u00edcolas recibe apoyo estatal por $5 millones<\/a><\/em><\/p>\n","protected":false},"excerpt":{"rendered":"<p>El presidente de Estados Unidos, Joseph Biden, y los republicanos de la C\u00e1mara de Representantes alcanzaron un acuerdo para elevar el techo de deuda hasta enero de 2025 a cambio de l\u00edmites en el gasto durante los pr\u00f3ximos dos a\u00f1os. Sin embargo, la medida podr\u00eda no ser suficiente para garantizar una econom\u00eda estable, consecuencias que [&hellip;]<\/p>\n","protected":false},"author":40,"featured_media":18488,"comment_status":"open","ping_status":"open","sticky":false,"template":"","format":"standard","meta":{"footnotes":""},"categories":[14,8,45],"tags":[],"class_list":{"0":"post-18487","1":"post","2":"type-post","3":"status-publish","4":"format-standard","5":"has-post-thumbnail","7":"category-cover","8":"category-usworld","9":"category-negocios"},"_links":{"self":[{"href":"https:\/\/peninsula360press.com\/es_mx\/wp-json\/wp\/v2\/posts\/18487","targetHints":{"allow":["GET"]}}],"collection":[{"href":"https:\/\/peninsula360press.com\/es_mx\/wp-json\/wp\/v2\/posts"}],"about":[{"href":"https:\/\/peninsula360press.com\/es_mx\/wp-json\/wp\/v2\/types\/post"}],"author":[{"embeddable":true,"href":"https:\/\/peninsula360press.com\/es_mx\/wp-json\/wp\/v2\/users\/40"}],"replies":[{"embeddable":true,"href":"https:\/\/peninsula360press.com\/es_mx\/wp-json\/wp\/v2\/comments?post=18487"}],"version-history":[{"count":1,"href":"https:\/\/peninsula360press.com\/es_mx\/wp-json\/wp\/v2\/posts\/18487\/revisions"}],"predecessor-version":[{"id":18490,"href":"https:\/\/peninsula360press.com\/es_mx\/wp-json\/wp\/v2\/posts\/18487\/revisions\/18490"}],"wp:featuredmedia":[{"embeddable":true,"href":"https:\/\/peninsula360press.com\/es_mx\/wp-json\/wp\/v2\/media\/18488"}],"wp:attachment":[{"href":"https:\/\/peninsula360press.com\/es_mx\/wp-json\/wp\/v2\/media?parent=18487"}],"wp:term":[{"taxonomy":"category","embeddable":true,"href":"https:\/\/peninsula360press.com\/es_mx\/wp-json\/wp\/v2\/categories?post=18487"},{"taxonomy":"post_tag","embeddable":true,"href":"https:\/\/peninsula360press.com\/es_mx\/wp-json\/wp\/v2\/tags?post=18487"}],"curies":[{"name":"wp","href":"https:\/\/api.w.org\/{rel}","templated":true}]}}