{"id":18505,"date":"2023-06-05T10:57:24","date_gmt":"2023-06-05T17:57:24","guid":{"rendered":"https:\/\/peninsula360press.com\/?p=18505"},"modified":"2023-06-05T10:57:24","modified_gmt":"2023-06-05T17:57:24","slug":"juneteenth","status":"publish","type":"post","link":"https:\/\/peninsula360press.com\/es_mx\/juneteenth\/","title":{"rendered":"Llaman a conmemorar el \u00abJuneteenth\u00bb con izamiento de bandera en Redwood City"},"content":{"rendered":"<p><img fetchpriority=\"high\" decoding=\"async\" class=\"wp-image-18506 aligncenter\" src=\"https:\/\/peninsula360press.com\/wp-content\/uploads\/2023\/06\/Oficina-del-Ejecutivo-del-Condado-de-San-Mateo-300x150.jpeg\" alt=\"\" width=\"646\" height=\"323\" srcset=\"https:\/\/peninsula360press.com\/wp-content\/uploads\/2023\/06\/Oficina-del-Ejecutivo-del-Condado-de-San-Mateo-300x150.jpeg 300w, https:\/\/peninsula360press.com\/wp-content\/uploads\/2023\/06\/Oficina-del-Ejecutivo-del-Condado-de-San-Mateo-768x384.jpeg 768w, https:\/\/peninsula360press.com\/wp-content\/uploads\/2023\/06\/Oficina-del-Ejecutivo-del-Condado-de-San-Mateo-18x9.jpeg 18w, https:\/\/peninsula360press.com\/wp-content\/uploads\/2023\/06\/Oficina-del-Ejecutivo-del-Condado-de-San-Mateo-150x75.jpeg 150w, https:\/\/peninsula360press.com\/wp-content\/uploads\/2023\/06\/Oficina-del-Ejecutivo-del-Condado-de-San-Mateo-696x348.jpeg 696w, https:\/\/peninsula360press.com\/wp-content\/uploads\/2023\/06\/Oficina-del-Ejecutivo-del-Condado-de-San-Mateo.jpeg 960w\" sizes=\"(max-width: 646px) 100vw, 646px\" \/><\/p>\n<p><span style=\"font-weight: 400;\">L\u00edderes de la comunidad del condado de San Mateo han hecho un llamado a los residentes a unirse para izar la bandera del Juneteenth en la ciudad de Redwood City, conmemorando el fin de la esclavitud en Estados Unidos y ofreciendo un momento para reflexionar sobre los obst\u00e1culos continuos que enfrenta la comunidad afrodescendiente.<\/span><\/p>\n<p><span style=\"font-weight: 400;\">\u00abJuneteenth sirve como un hito y un momento de reflexi\u00f3n en la lucha por la justicia racial tanto en el pasado como en el presente\u00bb, se\u00f1al\u00f3 Noelia Corzo, supervisora \u200b\u200bdel Distrito Dos del Condado de San Mateo y miembro del Comit\u00e9 Asesor de Juneteenth del Condado.\u00a0<\/span><\/p>\n<p><span style=\"font-weight: 400;\">\u00abAl conmemorar Juneteenth, nuestro Condado renueva su compromiso de abordar los desaf\u00edos que nuestros residentes y l\u00edderes afroamericanos contin\u00faan enfrentando mientras viven y trabajan en nuestra comunidad. Juneteenth ejemplifica espec\u00edficamente cu\u00e1n cr\u00edtico es que nos responsabilicemos cuando la intenci\u00f3n y el impacto difieren\u00bb, subray\u00f3.<\/span><\/p>\n<p><span style=\"font-weight: 400;\">La Junta de Supervisores en su reuni\u00f3n del 23 de mayo reconoci\u00f3 el 19 de junio de 2023 como el 16 de junio en el condado de San Mateo.\u00a0<\/span><\/p>\n<p><span style=\"font-weight: 400;\">El 19 de junio de 1865, m\u00e1s de dos a\u00f1os despu\u00e9s de que el presidente Lincoln declarara libres a todas las personas esclavizadas, las tropas del Ej\u00e9rcito de la Uni\u00f3n marcharon a Galveston, Texas, para hacer cumplir la Proclamaci\u00f3n de Emancipaci\u00f3n y liberar a los \u00faltimos afrodescendientes estadounidenses esclavizados en Texas.\u00a0<\/span><\/p>\n<p><span style=\"font-weight: 400;\">El 19 de junio \u2012Juneteenth\u2012es ahora un feriado nacional reconocido por el gobierno federal.<\/span><\/p>\n<p><span style=\"font-weight: 400;\">El izamiento de bandera tendr\u00e1 lugar este martes 6 de junio en punto de las 9:00 horas, en el 400 de County Center en Redwood City.<\/span><\/p>\n<p><span style=\"font-weight: 400;\">Entre los presentadores estar\u00e1n Kalimah Salahuddin, fideicomisaria de la Junta de Escuelas Secundarias de Jefferson Union y cofundadora de la Coalici\u00f3n REACH; Noelia Corzo, supervisora \u200b\u200bdel Distrito Dos del Condado de San Mateo; la reverendo Lorrie Carter Owens, presidenta de la rama NAACP San Mateo; Jennifer Taylor Mendoza, presidenta del Colegio de San Mateo; Dana Johnson, activista comunitaria, autora y documentalista; Q. Smith, vocalista; y Jacob Virges, int\u00e9rprete de la palabra hablada.<\/span><\/p>\n<p><span style=\"font-weight: 400;\">El izamiento de la bandera se transmitir\u00e1 en vivo en la p\u00e1gina de Facebook del condado y la grabaci\u00f3n se publicar\u00e1 en la p\u00e1gina web de Juneteeth. El sitio tambi\u00e9n incluye recursos como la historia del 19 de junio, una lista de lectura seleccionada de bibliotecas locales y un archivo de celebraciones y paneles de discusi\u00f3n anteriores de Juneteenth del condado.<\/span><\/p>\n<p><span style=\"font-weight: 400;\">Como eventos especiales, el Comit\u00e9 Asesor de Juneteenth del Condado est\u00e1 proyectando un cortometraje sobre la fecha y la experiencia afrodescendiente en Estados Unidos, seguido de una conversaci\u00f3n moderada y refrigerios.\u00a0<\/span><\/p>\n<p><span style=\"font-weight: 400;\">El evento ser\u00e1 el pr\u00f3ximo mi\u00e9rcoles 21 de junio a las 17:00 horas en el Espacio Comunitario de la Iniciativa Chan Zuckerberg, ubicado en el 801 de Jefferson Avenue en Redwood City. El espacio es limitado, as\u00ed que confirme su asistencia dando <\/span><a href=\"https:\/\/www.smcgov.org\/ceo\/celebrating-juneteenth-san-mateo-county?auHash=EhRGEzHSSPo4xAy6ZX9VLgoACHsAbjxsKMh3cHSalLE\" target=\"_blank\" rel=\"noopener\"><span style=\"font-weight: 400;\">clic aqu\u00ed.<\/span><\/a><\/p>\n<p>&nbsp;<\/p>\n<p><em><strong>Te puede interesar:<\/strong> <a href=\"https:\/\/peninsula360press.com\/es_mx\/techo-de-deuda\/\">Elevaci\u00f3n en techo de deuda divide opiniones por posibles afectaciones para estadounidenses<\/a><\/em><\/p>\n","protected":false},"excerpt":{"rendered":"<p>L\u00edderes de la comunidad del condado de San Mateo han hecho un llamado a los residentes a unirse para izar la bandera del Juneteenth en la ciudad de Redwood City, conmemorando el fin de la esclavitud en Estados Unidos y ofreciendo un momento para reflexionar sobre los obst\u00e1culos continuos que enfrenta la comunidad afrodescendiente. \u00abJuneteenth [&hellip;]<\/p>\n","protected":false},"author":7,"featured_media":18506,"comment_status":"open","ping_status":"open","sticky":false,"template":"","format":"standard","meta":{"footnotes":""},"categories":[9,14],"tags":[],"class_list":{"0":"post-18505","1":"post","2":"type-post","3":"status-publish","4":"format-standard","5":"has-post-thumbnail","7":"category-community","8":"category-cover"},"_links":{"self":[{"href":"https:\/\/peninsula360press.com\/es_mx\/wp-json\/wp\/v2\/posts\/18505","targetHints":{"allow":["GET"]}}],"collection":[{"href":"https:\/\/peninsula360press.com\/es_mx\/wp-json\/wp\/v2\/posts"}],"about":[{"href":"https:\/\/peninsula360press.com\/es_mx\/wp-json\/wp\/v2\/types\/post"}],"author":[{"embeddable":true,"href":"https:\/\/peninsula360press.com\/es_mx\/wp-json\/wp\/v2\/users\/7"}],"replies":[{"embeddable":true,"href":"https:\/\/peninsula360press.com\/es_mx\/wp-json\/wp\/v2\/comments?post=18505"}],"version-history":[{"count":1,"href":"https:\/\/peninsula360press.com\/es_mx\/wp-json\/wp\/v2\/posts\/18505\/revisions"}],"predecessor-version":[{"id":18507,"href":"https:\/\/peninsula360press.com\/es_mx\/wp-json\/wp\/v2\/posts\/18505\/revisions\/18507"}],"wp:featuredmedia":[{"embeddable":true,"href":"https:\/\/peninsula360press.com\/es_mx\/wp-json\/wp\/v2\/media\/18506"}],"wp:attachment":[{"href":"https:\/\/peninsula360press.com\/es_mx\/wp-json\/wp\/v2\/media?parent=18505"}],"wp:term":[{"taxonomy":"category","embeddable":true,"href":"https:\/\/peninsula360press.com\/es_mx\/wp-json\/wp\/v2\/categories?post=18505"},{"taxonomy":"post_tag","embeddable":true,"href":"https:\/\/peninsula360press.com\/es_mx\/wp-json\/wp\/v2\/tags?post=18505"}],"curies":[{"name":"wp","href":"https:\/\/api.w.org\/{rel}","templated":true}]}}