{"id":19821,"date":"2023-09-15T15:11:41","date_gmt":"2023-09-15T22:11:41","guid":{"rendered":"https:\/\/peninsula360press.com\/?p=19821"},"modified":"2023-09-15T15:11:41","modified_gmt":"2023-09-15T22:11:41","slug":"crimenes-de-odio-en-california","status":"publish","type":"post","link":"https:\/\/peninsula360press.com\/es_mx\/crimenes-de-odio-en-california\/","title":{"rendered":"Cr\u00edmenes de odio en California aumentan m\u00e1s de 20 por ciento en 2022"},"content":{"rendered":"<p><img fetchpriority=\"high\" decoding=\"async\" class=\"alignnone wp-image-19822 size-full\" src=\"https:\/\/peninsula360press.com\/wp-content\/uploads\/2023\/09\/stop-hate-3.jpg\" alt=\"Cr\u00edmenes de odio en California aumentan m\u00e1s de 20 por ciento en 2022\" width=\"1280\" height=\"853\" srcset=\"https:\/\/peninsula360press.com\/wp-content\/uploads\/2023\/09\/stop-hate-3.jpg 1280w, https:\/\/peninsula360press.com\/wp-content\/uploads\/2023\/09\/stop-hate-3-300x200.jpg 300w, https:\/\/peninsula360press.com\/wp-content\/uploads\/2023\/09\/stop-hate-3-1024x682.jpg 1024w, https:\/\/peninsula360press.com\/wp-content\/uploads\/2023\/09\/stop-hate-3-768x512.jpg 768w, https:\/\/peninsula360press.com\/wp-content\/uploads\/2023\/09\/stop-hate-3-18x12.jpg 18w, https:\/\/peninsula360press.com\/wp-content\/uploads\/2023\/09\/stop-hate-3-150x100.jpg 150w, https:\/\/peninsula360press.com\/wp-content\/uploads\/2023\/09\/stop-hate-3-696x464.jpg 696w, https:\/\/peninsula360press.com\/wp-content\/uploads\/2023\/09\/stop-hate-3-1068x712.jpg 1068w\" sizes=\"(max-width: 1280px) 100vw, 1280px\" \/><\/p>\n<p><span style=\"font-weight: 400;\">El fiscal general, Rob Bonta, se\u00f1al\u00f3 que, de acuerdo con un nuevo informe, los cr\u00edmenes de odio en California aumentaron 20.2 por ciento de 2021 a 2022, cifra que podr\u00eda quedarse corta, pues muchos de los incidentes no son denunciados.<\/span><\/p>\n<p><span style=\"font-weight: 400;\">Durante una mesa redonda en Fresno, donde estuvo acompa\u00f1ado por el alcalde de dicha ciudad, Jerry Dyer, precis\u00f3 que, los ataques a personas afrodescendientes aumentaron 27 por ciento, mientras que los cr\u00edmenes de odio motivados por prejuicios de orientaci\u00f3n sexual crecieron 29 por ciento.<\/span><\/p>\n<p><span style=\"font-weight: 400;\">\u201cTenemos los datos del Departamento de Justicia de California, y est\u00e1n aumentando \u2012cr\u00edmenes de odio\u2012a\u00f1o tras a\u00f1o en todas las categor\u00edas\u201d, precis\u00f3.<\/span><\/p>\n<p><span style=\"font-weight: 400;\">&#8220;En California, debemos permanecer unidos contra el odio y el extremismo. No hay lugar para el odio en California&#8221;, dijo Bonta.\u00a0<\/span><\/p>\n<p><span style=\"font-weight: 400;\">&#8220;Estoy orgulloso de apoyar a nuestros socios locales para identificar las mejores pr\u00e1cticas, fomentar la participaci\u00f3n comunitaria y trabajar hacia soluciones impulsadas por la comunidad para eliminar el odio y el extremismo. Nuestro mensaje a los californianos: los vemos, los apoyamos y haremos nuestra parte para garantizar que cada californiano se sienta seguro en sus ciudades y comunidades&#8221;, agreg\u00f3.<\/span><\/p>\n<p><span style=\"font-weight: 400;\">El Condado de Fresno no es ajeno a los cr\u00edmenes de odio, pues un total de 23 incidentes fueron reportados el a\u00f1o pasado, incluyendo 13 en la ciudad de Fresno.\u00a0<\/span><\/p>\n<p><span style=\"font-weight: 400;\">Cabe recordar que, a principios de este a\u00f1o, el popular restaurante de Fresno Tasty Thai, se uni\u00f3 a la creciente lista y se vio obligado a cerrar despu\u00e9s de ataques racistas y asegurar que los due\u00f1os serv\u00edan carne de perro.<\/span><\/p>\n<p><span style=\"font-weight: 400;\">\u201cCuando me di cuenta de lo mal que estaba, yo sab\u00eda que ten\u00edamos que elegir la seguridad en primer lugar y esa es la raz\u00f3n por la que cerramos. Y la raz\u00f3n es porque mis padres son inmigrantes desde hace 40 a\u00f1os y ni siquiera saben bien lo que son las redes sociales\u201d, dijo David Rasavong, due\u00f1o del restaurante Tasty Thai, a los funcionarios.<\/span><\/p>\n<p><span style=\"font-weight: 400;\">Los l\u00edderes estatales y locales se han centrado en soluciones que incluye una respuesta m\u00e1s fuerte al odio y el sesgo, as\u00ed como el fortalecimiento de la persecuci\u00f3n y la aplicaci\u00f3n de la ley.\u00a0<\/span><\/p>\n<p><span style=\"font-weight: 400;\">\u201cPor desgracia, cuando hablamos de la cuesti\u00f3n del odio y los incidentes y delitos de odio, a menudo no se informa, hasta el punto de que es dif\u00edcil en la aplicaci\u00f3n de la ley para tener una verdadera medida del impacto\u201d, destac\u00f3 el alcalde de Fresno, Jerry Dyer.<\/span><\/p>\n<p><span style=\"font-weight: 400;\">En mayo de 2021, la fiscal Bonta inici\u00f3 la Oficina de Justicia Racial que apoya al Departamento de Justicia de California de promover los derechos civiles de todos los californianos, por lo que juega un papel fundamental en la lucha contra el odio y los prejuicios en el estado.<\/span><\/p>\n<p><img decoding=\"async\" class=\"alignleft wp-image-13209 size-thumbnail\" src=\"https:\/\/peninsula360press.com\/wp-content\/uploads\/2022\/09\/Stop-Hate-150x150.png\" alt=\"\" width=\"150\" height=\"150\" srcset=\"https:\/\/peninsula360press.com\/wp-content\/uploads\/2022\/09\/Stop-Hate-150x150.png 150w, https:\/\/peninsula360press.com\/wp-content\/uploads\/2022\/09\/Stop-Hate-300x300.png 300w, https:\/\/peninsula360press.com\/wp-content\/uploads\/2022\/09\/Stop-Hate-1024x1024.png 1024w, https:\/\/peninsula360press.com\/wp-content\/uploads\/2022\/09\/Stop-Hate-768x768.png 768w, https:\/\/peninsula360press.com\/wp-content\/uploads\/2022\/09\/Stop-Hate-12x12.png 12w, https:\/\/peninsula360press.com\/wp-content\/uploads\/2022\/09\/Stop-Hate-696x696.png 696w, https:\/\/peninsula360press.com\/wp-content\/uploads\/2022\/09\/Stop-Hate-1068x1068.png 1068w\" sizes=\"(max-width: 150px) 100vw, 150px\" \/><img decoding=\"async\" class=\"alignright wp-image-13208 size-thumbnail\" src=\"https:\/\/peninsula360press.com\/wp-content\/uploads\/2022\/09\/StopTheHate-150x150.png\" alt=\"\" width=\"150\" height=\"150\" srcset=\"https:\/\/peninsula360press.com\/wp-content\/uploads\/2022\/09\/StopTheHate-150x150.png 150w, https:\/\/peninsula360press.com\/wp-content\/uploads\/2022\/09\/StopTheHate-300x301.png 300w, https:\/\/peninsula360press.com\/wp-content\/uploads\/2022\/09\/StopTheHate-768x770.png 768w, https:\/\/peninsula360press.com\/wp-content\/uploads\/2022\/09\/StopTheHate-12x12.png 12w, https:\/\/peninsula360press.com\/wp-content\/uploads\/2022\/09\/StopTheHate-696x698.png 696w, https:\/\/peninsula360press.com\/wp-content\/uploads\/2022\/09\/StopTheHate.png 1007w\" sizes=\"(max-width: 150px) 100vw, 150px\" \/><\/p>\n<p style=\"text-align: center;\"><em>This publication was supported\u00a0<\/em><em>in whole or\u00a0<\/em><em>part by funding provided by the State of California,<\/em><em>\u00a0a<\/em><em>dministe<\/em><em>red by the\u00a0<a class=\"broken_link\" href=\"https:\/\/www.library.ca.gov\/\" target=\"_blank\" rel=\"noreferrer noopener\">Cali<\/a><\/em><em><a class=\"broken_link\" href=\"https:\/\/www.library.ca.gov\/\" target=\"_blank\" rel=\"noreferrer noopener\">fornia State Library.<\/a><\/em><\/p>\n<p><img loading=\"lazy\" decoding=\"async\" class=\"aligncenter wp-image-12082 size-medium\" src=\"https:\/\/peninsula360press.com\/wp-content\/uploads\/2022\/08\/CSL-Logo@400-300x86.png\" alt=\"\" width=\"300\" height=\"86\" srcset=\"https:\/\/peninsula360press.com\/wp-content\/uploads\/2022\/08\/CSL-Logo@400-300x86.png 300w, https:\/\/peninsula360press.com\/wp-content\/uploads\/2022\/08\/CSL-Logo@400-18x5.png 18w, https:\/\/peninsula360press.com\/wp-content\/uploads\/2022\/08\/CSL-Logo@400-150x43.png 150w, https:\/\/peninsula360press.com\/wp-content\/uploads\/2022\/08\/CSL-Logo@400.png 400w\" sizes=\"(max-width: 300px) 100vw, 300px\" \/><\/p>\n<p><em><strong>Te puede interesar:<\/strong> <a href=\"https:\/\/peninsula360press.com\/es_mx\/aapi-de-indiana\/\">AAPI de Indiana temen ser blanco de ataques 6 meses despu\u00e9s del ataque con cuchillo a un estudiante chino-estadounidense<\/a><\/em><\/p>\n","protected":false},"excerpt":{"rendered":"<p>El fiscal general, Rob Bonta, se\u00f1al\u00f3 que, de acuerdo con un nuevo informe, los cr\u00edmenes de odio en California aumentaron 20.2 por ciento de 2021 a 2022, cifra que podr\u00eda quedarse corta, pues muchos de los incidentes no son denunciados. Durante una mesa redonda en Fresno, donde estuvo acompa\u00f1ado por el alcalde de dicha ciudad, [&hellip;]<\/p>\n","protected":false},"author":7,"featured_media":19822,"comment_status":"open","ping_status":"open","sticky":false,"template":"","format":"standard","meta":{"footnotes":""},"categories":[9,14],"tags":[],"class_list":{"0":"post-19821","1":"post","2":"type-post","3":"status-publish","4":"format-standard","5":"has-post-thumbnail","7":"category-community","8":"category-cover"},"_links":{"self":[{"href":"https:\/\/peninsula360press.com\/es_mx\/wp-json\/wp\/v2\/posts\/19821","targetHints":{"allow":["GET"]}}],"collection":[{"href":"https:\/\/peninsula360press.com\/es_mx\/wp-json\/wp\/v2\/posts"}],"about":[{"href":"https:\/\/peninsula360press.com\/es_mx\/wp-json\/wp\/v2\/types\/post"}],"author":[{"embeddable":true,"href":"https:\/\/peninsula360press.com\/es_mx\/wp-json\/wp\/v2\/users\/7"}],"replies":[{"embeddable":true,"href":"https:\/\/peninsula360press.com\/es_mx\/wp-json\/wp\/v2\/comments?post=19821"}],"version-history":[{"count":1,"href":"https:\/\/peninsula360press.com\/es_mx\/wp-json\/wp\/v2\/posts\/19821\/revisions"}],"predecessor-version":[{"id":19823,"href":"https:\/\/peninsula360press.com\/es_mx\/wp-json\/wp\/v2\/posts\/19821\/revisions\/19823"}],"wp:featuredmedia":[{"embeddable":true,"href":"https:\/\/peninsula360press.com\/es_mx\/wp-json\/wp\/v2\/media\/19822"}],"wp:attachment":[{"href":"https:\/\/peninsula360press.com\/es_mx\/wp-json\/wp\/v2\/media?parent=19821"}],"wp:term":[{"taxonomy":"category","embeddable":true,"href":"https:\/\/peninsula360press.com\/es_mx\/wp-json\/wp\/v2\/categories?post=19821"},{"taxonomy":"post_tag","embeddable":true,"href":"https:\/\/peninsula360press.com\/es_mx\/wp-json\/wp\/v2\/tags?post=19821"}],"curies":[{"name":"wp","href":"https:\/\/api.w.org\/{rel}","templated":true}]}}