{"id":20067,"date":"2023-09-29T11:54:18","date_gmt":"2023-09-29T18:54:18","guid":{"rendered":"https:\/\/peninsula360press.com\/?p=20067"},"modified":"2023-09-29T12:16:38","modified_gmt":"2023-09-29T19:16:38","slug":"scvh-escasez-de-medicos-latinos","status":"publish","type":"post","link":"https:\/\/peninsula360press.com\/es_mx\/scvh-escasez-de-medicos-latinos\/","title":{"rendered":"Necesario crear conciencia sobre escasez de m\u00e9dicos latinos: Santa Clara Valley Healthcare"},"content":{"rendered":"<figure id=\"attachment_20071\" aria-describedby=\"caption-attachment-20071\" style=\"width: 600px\" class=\"wp-caption aligncenter\"><img fetchpriority=\"high\" decoding=\"async\" class=\"wp-image-20071 size-full\" src=\"https:\/\/peninsula360press.com\/wp-content\/uploads\/2023\/09\/medicos-latinos.jpeg\" alt=\"Necesario crear conciencia sobre escasez de m\u00e9dicos latinos: Santa Clara Valley Healthcare\" width=\"600\" height=\"400\" srcset=\"https:\/\/peninsula360press.com\/wp-content\/uploads\/2023\/09\/medicos-latinos.jpeg 600w, https:\/\/peninsula360press.com\/wp-content\/uploads\/2023\/09\/medicos-latinos-300x200.jpeg 300w, https:\/\/peninsula360press.com\/wp-content\/uploads\/2023\/09\/medicos-latinos-18x12.jpeg 18w, https:\/\/peninsula360press.com\/wp-content\/uploads\/2023\/09\/medicos-latinos-150x100.jpeg 150w\" sizes=\"(max-width: 600px) 100vw, 600px\" \/><figcaption id=\"caption-attachment-20071\" class=\"wp-caption-text\">Santa Clara Valley Healthcare (SCVH) celebr\u00f3 a su comunidad de m\u00e9dicos latinos el 27 de septiembre, en el marco del D\u00eda Nacional del M\u00e9dico Latino, que se celebra anualmente el 1 de octubre. Foto: <a href=\"https:\/\/news.santaclaracounty.gov\/news\/1018\" target=\"_blank\" rel=\"noopener\">News Santa Clara County<\/a><\/figcaption><\/figure>\n<p><span style=\"font-weight: 400;\">Mientras que la poblaci\u00f3n latina representa casi 20 por ciento de la poblaci\u00f3n del pa\u00eds, la de m\u00e9dicos apenas alcanza poco menos de 7 por ciento, situaci\u00f3n que por la que es necesario crear conciencia sobre la escasez de m\u00e9dicos latinos, no solo a nivel local, sino federal.<\/span><\/p>\n<p><span style=\"font-weight: 400;\">En el marco el D\u00eda Nacional del M\u00e9dico Latino, que se celebra anualmente el 1 de octubre, <a href=\"https:\/\/www.scvh.org\/home\" target=\"_blank\" rel=\"noopener\">Santa Clara Valley Healthcare<\/a> (SCVH) refiri\u00f3 que la conmemoraci\u00f3n busca crear conciencia de la necesidad de m\u00e9dicos latinos que tambi\u00e9n puedan apoyar a la comunidad hispanohablante del pa\u00eds.<\/span><\/p>\n<p><span style=\"font-weight: 400;\">Y es que, dijo, numerosos factores socioecon\u00f3micos, incluida la discriminaci\u00f3n hist\u00f3rica, las barreras financieras y la falta de pares y modelos a seguir, entre otros factores, contribuyen a las disparidades, precis\u00f3 el condado de Santa Clara.<\/span><\/p>\n<p><span style=\"font-weight: 400;\">Al celebrar a sus m\u00e9dicos latinos el pasado 27 de septiembre, Santa Clara Valley Healthcare destac\u00f3 la importancia de aumentar la conciencia sobre la situaci\u00f3n y ayudar a crear un camino para los futuros m\u00e9dicos latinos.<\/span><\/p>\n<p><span style=\"font-weight: 400;\">&#8220;Tratar al paciente en su totalidad requiere competencia cultural para un nivel de atenci\u00f3n incomparable por parte de m\u00e9dicos que reflejan la herencia y la demograf\u00eda de las comunidades a las que sirven&#8221;, se\u00f1al\u00f3 la supervisora \u200b\u200bdel condado de Santa Clara, Sylvia Arenas.\u00a0<\/span><\/p>\n<p><span style=\"font-weight: 400;\">\u201cEn este D\u00eda Nacional de los M\u00e9dicos Latinos, creamos conciencia sobre la escasez de m\u00e9dicos latinos y buscamos inspirar a la pr\u00f3xima generaci\u00f3n de m\u00e9dicos latinos a ampliar la diversidad de nuestros m\u00e9dicos con recursos para que nuestra comunidad pueda recibir la atenci\u00f3n integral que merecen\u201d, agreg\u00f3.<\/span><\/p>\n<p><span style=\"font-weight: 400;\">Por su parte, la supervisora \u200b\u200bdel condado de Santa Clara, Cindy Ch\u00e1vez, detall\u00f3 que el porcentaje de m\u00e9dicos latinos es cr\u00edticamente bajo en comparaci\u00f3n con el porcentaje total de latinos en EE. UU.<\/span><\/p>\n<p><span style=\"font-weight: 400;\">\u201cLas disparidades en la atenci\u00f3n m\u00e9dica han empeorado en la comunidad latina durante y despu\u00e9s de la pandemia de COVID-19, y los estudios han demostrado que los resultados de los pacientes pueden mejorar cuando las personas son tratadas por m\u00e9dicos que comparten su idioma y origen \u00e9tnico\u201d, subray\u00f3.<\/span><\/p>\n<p><span style=\"font-weight: 400;\">SCVH destac\u00f3 que recluta activamente m\u00e9dicos latinos a nivel local y en todo el pa\u00eds, pero la clave a largo plazo es crear un canal visible para que la pr\u00f3xima generaci\u00f3n de estudiantes latinos elija la profesi\u00f3n m\u00e9dica.\u00a0<\/span><\/p>\n<p><span style=\"font-weight: 400;\">Precis\u00f3 adem\u00e1s que los esfuerzos futuros para resaltar un camino para los pr\u00f3ximos m\u00e9dicos latinos incluyen programas de tutor\u00eda a nivel de escuela secundaria y universitaria, oportunidades de voluntariado para mostrar los beneficios a la comunidad y ayudar a los j\u00f3venes a encontrar oportunidades de becas para lo que es un compromiso costoso.\u00a0\u00a0<\/span><\/p>\n<p><span style=\"font-weight: 400;\">\u201cA veces es necesario verlo para creerlo y cuantos m\u00e1s m\u00e9dicos latinos vea crecer nuestra comunidad, m\u00e1s probabilidades habr\u00e1 de que consideren convertirse en m\u00e9dicos\u201d, destac\u00f3 la doctora \u00c1ngela Su\u00e1rez, directora m\u00e9dica de atenci\u00f3n primaria del Centro M\u00e9dico del Valle de Santa Clara.<\/span><\/p>\n<p><span style=\"font-weight: 400;\">La doctora Rachel Ruiz, gastroenter\u00f3loga pedi\u00e1trica de Santa Clara. Valley Healthcare y presidente de Valley Physicians Group, puntualiz\u00f3 que se necesitar\u00e1 un cambio generacional para remediar la situaci\u00f3n, \u201cpero estamos comprometidos con soluciones a corto y largo plazo para alentar y crear m\u00e1s m\u00e9dicos latinos en los pr\u00f3ximos a\u00f1os&#8221;.<\/span><\/p>\n<p><em><strong>Te puede interesar:<\/strong> <a href=\"https:\/\/peninsula360press.com\/es_mx\/programa-medico-de-salud-mental\/\">Otorgan $33 millones a organizaciones tribales para ampliar programa m\u00e9dico de salud mental<\/a><\/em><\/p>\n","protected":false},"excerpt":{"rendered":"<p>Mientras que la poblaci\u00f3n latina representa casi 20 por ciento de la poblaci\u00f3n del pa\u00eds, la de m\u00e9dicos apenas alcanza poco menos de 7 por ciento, situaci\u00f3n que por la que es necesario crear conciencia sobre la escasez de m\u00e9dicos latinos, no solo a nivel local, sino federal. En el marco el D\u00eda Nacional del [&hellip;]<\/p>\n","protected":false},"author":7,"featured_media":20071,"comment_status":"open","ping_status":"open","sticky":false,"template":"","format":"standard","meta":{"footnotes":""},"categories":[14,12,306],"tags":[],"class_list":{"0":"post-20067","1":"post","2":"type-post","3":"status-publish","4":"format-standard","5":"has-post-thumbnail","7":"category-cover","8":"category-health","9":"category-santa-clara"},"_links":{"self":[{"href":"https:\/\/peninsula360press.com\/es_mx\/wp-json\/wp\/v2\/posts\/20067","targetHints":{"allow":["GET"]}}],"collection":[{"href":"https:\/\/peninsula360press.com\/es_mx\/wp-json\/wp\/v2\/posts"}],"about":[{"href":"https:\/\/peninsula360press.com\/es_mx\/wp-json\/wp\/v2\/types\/post"}],"author":[{"embeddable":true,"href":"https:\/\/peninsula360press.com\/es_mx\/wp-json\/wp\/v2\/users\/7"}],"replies":[{"embeddable":true,"href":"https:\/\/peninsula360press.com\/es_mx\/wp-json\/wp\/v2\/comments?post=20067"}],"version-history":[{"count":4,"href":"https:\/\/peninsula360press.com\/es_mx\/wp-json\/wp\/v2\/posts\/20067\/revisions"}],"predecessor-version":[{"id":20073,"href":"https:\/\/peninsula360press.com\/es_mx\/wp-json\/wp\/v2\/posts\/20067\/revisions\/20073"}],"wp:featuredmedia":[{"embeddable":true,"href":"https:\/\/peninsula360press.com\/es_mx\/wp-json\/wp\/v2\/media\/20071"}],"wp:attachment":[{"href":"https:\/\/peninsula360press.com\/es_mx\/wp-json\/wp\/v2\/media?parent=20067"}],"wp:term":[{"taxonomy":"category","embeddable":true,"href":"https:\/\/peninsula360press.com\/es_mx\/wp-json\/wp\/v2\/categories?post=20067"},{"taxonomy":"post_tag","embeddable":true,"href":"https:\/\/peninsula360press.com\/es_mx\/wp-json\/wp\/v2\/tags?post=20067"}],"curies":[{"name":"wp","href":"https:\/\/api.w.org\/{rel}","templated":true}]}}