{"id":20672,"date":"2023-11-09T11:36:35","date_gmt":"2023-11-09T18:36:35","guid":{"rendered":"https:\/\/peninsula360press.com\/?p=20672"},"modified":"2023-11-09T11:37:18","modified_gmt":"2023-11-09T18:37:18","slug":"paul-kessler","status":"publish","type":"post","link":"https:\/\/peninsula360press.com\/es_mx\/paul-kessler\/","title":{"rendered":"Indagan como posible delito de odio muerte de un hombre jud\u00edo en una manifestaci\u00f3n pro israel\u00edes y palestinos"},"content":{"rendered":"<figure id=\"attachment_20673\" aria-describedby=\"caption-attachment-20673\" style=\"width: 1080px\" class=\"wp-caption alignnone\"><img fetchpriority=\"high\" decoding=\"async\" class=\"wp-image-20673 size-full\" src=\"https:\/\/peninsula360press.com\/wp-content\/uploads\/2023\/11\/Paul-Kessler.png\" alt=\"Paul Kessler\" width=\"1080\" height=\"1080\" srcset=\"https:\/\/peninsula360press.com\/wp-content\/uploads\/2023\/11\/Paul-Kessler.png 1080w, https:\/\/peninsula360press.com\/wp-content\/uploads\/2023\/11\/Paul-Kessler-300x300.png 300w, https:\/\/peninsula360press.com\/wp-content\/uploads\/2023\/11\/Paul-Kessler-1024x1024.png 1024w, https:\/\/peninsula360press.com\/wp-content\/uploads\/2023\/11\/Paul-Kessler-150x150.png 150w, https:\/\/peninsula360press.com\/wp-content\/uploads\/2023\/11\/Paul-Kessler-768x768.png 768w, https:\/\/peninsula360press.com\/wp-content\/uploads\/2023\/11\/Paul-Kessler-12x12.png 12w, https:\/\/peninsula360press.com\/wp-content\/uploads\/2023\/11\/Paul-Kessler-696x696.png 696w, https:\/\/peninsula360press.com\/wp-content\/uploads\/2023\/11\/Paul-Kessler-1068x1068.png 1068w\" sizes=\"(max-width: 1080px) 100vw, 1080px\" \/><figcaption id=\"caption-attachment-20673\" class=\"wp-caption-text\">La Oficina del Sheriff del condado de Ventura, California, asegur\u00f3 que no se descarta la posibilidad de que la muerte de Paul Kessler luego de un altercado en un evento pro israel\u00edes y palestinos, sea un delito de odio. Foto: Redes Sociales.<\/figcaption><\/figure>\n<p><span style=\"font-weight: 400;\">La Oficina del Sheriff del condado de Ventura, California, asegur\u00f3 que no se descarta la posibilidad de que la muerte de un hombre de 69 a\u00f1os resultado de una de las heridas sufridas durante un altercado en un evento pro israel\u00edes y palestinos, sea un delito de odio.<\/span><\/p>\n<p><span style=\"font-weight: 400;\">Paul Kessler, un jud\u00edo de 69 a\u00f1os quien particip\u00f3 en la manifestaci\u00f3n realizada el pasado 5 de noviembre en la intersecci\u00f3n de Westlake Blvd. y el boulevard Thousand Oaks, en la ciudad de Thousand Oaks, muri\u00f3 al sucumbir a sus heridas el 6 de noviembre.<\/span><\/p>\n<p><span style=\"font-weight: 400;\">Y es que, luego del altercado, aproximadamente a las 15:20 horas, varios ciudadanos llamaron al centro de comunicaci\u00f3n del alguacil de Ventura para reportar que una agresi\u00f3n se hab\u00eda suscitado en el lugar; al llegar los agentes localizaron a Kessler, que sufr\u00eda una lesi\u00f3n en la cabeza.\u00a0<\/span><\/p>\n<p><span style=\"font-weight: 400;\">Los relatos de los testigos indicaron que Kessler estuvo involucrado en un altercado f\u00edsico con contra manifestantes. Durante la disputa, Kessler cay\u00f3 hacia atr\u00e1s y se golpe\u00f3 la cabeza contra el suelo.\u00a0<\/span><\/p>\n<p><span style=\"font-weight: 400;\">Kessler fue transportado a un hospital del \u00e1rea para recibir tratamiento m\u00e9dico avanzado, sin embargo, al d\u00eda siguiente falleci\u00f3.<\/span><\/p>\n<p><span style=\"font-weight: 400;\">La Oficina del M\u00e9dico Forense del Condado de Ventura calific\u00f3 la muerte como homicidio, tras determinar en una autopsia el 6 de enero que la causa del deceso fue una lesi\u00f3n contundente en la cabeza.<\/span><\/p>\n<p><span style=\"font-weight: 400;\">Las autoridades puntualizaron que la investigaci\u00f3n se encuentra activa y en curso, y que el incidente parece ser aislado y no parte de un gran esfuerzo.\u00a0\u00a0\u00a0<\/span><\/p>\n<p><span style=\"font-weight: 400;\">Ante ello, la Oficina del Sheriff del Condado de Ventura solicita asistencia del p\u00fablico con respecto a esta investigaci\u00f3n en curso, por lo que exhorta a cualquier persona que haya presenciado o tenga conocimiento del incidente, o que haya estado presente en la manifestaci\u00f3n, a comunicarse con el Detective Stump al (805) 384-4745.<\/span><\/p>\n<p><span style=\"font-weight: 400;\">Si prefieren permanecer en el anonimato, pueden comunicarse con Crime Stoppers al 800-222-TIPS (8477). Mientras que aquellos que deseen compartir videos o im\u00e1genes del incidente pueden hacerlo y permanecer en el anonimato utilizando el siguiente enlace: <\/span><a href=\"https:\/\/venturasheriffca.evidence.com\/axon\/community-request\/public\/23-142110\" target=\"_blank\" rel=\"noopener\"><span style=\"font-weight: 400;\">https:\/\/venturasheriffca.evidence.com\/axon\/community-request\/public\/23-142110<\/span><\/a><span style=\"font-weight: 400;\">.<\/span><\/p>\n<p><span style=\"font-weight: 400;\">&#8220;Esta muerte es un golpe para nuestra regi\u00f3n en un momento en que las tensiones siguen aumentando en todo el mundo. Debemos redoblar nuestros esfuerzos para garantizar que la violencia y el odio se enfrentan a la responsabilidad y las consecuencias. Los \u00c1ngeles se niega a albergar este odio&#8221;, se\u00f1al\u00f3 la alcaldesa de Los \u00c1ngeles, Karen Bass en un comunicado.<\/span><\/p>\n<p><span style=\"font-weight: 400;\">\u201cA medida que surgen y se confirman los detalles, nos mantenemos firmes en la condena de la violencia y el antisemitismo&#8221;, agreg\u00f3.<\/span><\/p>\n<p><span style=\"font-weight: 400;\">La oficina del \u00c1rea Metropolitana de Los \u00c1ngeles del Consejo de Relaciones Isl\u00e1micas-Estadounidenses (CAIR-LA) expres\u00f3 su pesar por la noticia de la muerte de Kessler.<\/span><\/p>\n<p><span style=\"font-weight: 400;\">\u201cEstamos profundamente entristecidos por esta tr\u00e1gica e impactante p\u00e9rdida. Nos sumamos a los l\u00edderes jud\u00edos locales para pedir a todas las personas que se abstengan de sacar conclusiones precipitadas, de hacer sensacionalismo con tal tragedia para obtener beneficios pol\u00edticos o de difundir rumores que podr\u00edan escalar innecesariamente tensiones que ya est\u00e1n en su punto m\u00e1s alto\u201d, dijo en un comunicado Hussam Ayloush, director ejecutivo de CAIR-LA.<\/span><\/p>\n<p><span style=\"font-weight: 400;\">En ese sentido, inst\u00f3 a esperar a que la Oficina del Sheriff del Condado de Ventura complete su investigaci\u00f3n antes de sacar conclusiones. \u201cNuestros pensamientos est\u00e1n con la familia y la comunidad jud\u00eda durante este momento dif\u00edcil\u201d.<\/span><\/p>\n<p><span style=\"font-weight: 400;\">&#8220;Si bien apoyamos firmemente el derecho al debate pol\u00edtico, CAIR-LA y la comunidad musulmana apoyan a la comunidad jud\u00eda en el rechazo de toda violencia, antisemitismo, islamofobia o incitaci\u00f3n al odio&#8221;, puntualiz\u00f3.<\/span><\/p>\n<p><img decoding=\"async\" class=\"alignleft wp-image-13209 size-thumbnail\" src=\"https:\/\/peninsula360press.com\/wp-content\/uploads\/2022\/09\/Stop-Hate-150x150.png\" alt=\"\" width=\"150\" height=\"150\" srcset=\"https:\/\/peninsula360press.com\/wp-content\/uploads\/2022\/09\/Stop-Hate-150x150.png 150w, https:\/\/peninsula360press.com\/wp-content\/uploads\/2022\/09\/Stop-Hate-300x300.png 300w, https:\/\/peninsula360press.com\/wp-content\/uploads\/2022\/09\/Stop-Hate-1024x1024.png 1024w, https:\/\/peninsula360press.com\/wp-content\/uploads\/2022\/09\/Stop-Hate-768x768.png 768w, https:\/\/peninsula360press.com\/wp-content\/uploads\/2022\/09\/Stop-Hate-12x12.png 12w, https:\/\/peninsula360press.com\/wp-content\/uploads\/2022\/09\/Stop-Hate-696x696.png 696w, https:\/\/peninsula360press.com\/wp-content\/uploads\/2022\/09\/Stop-Hate-1068x1068.png 1068w\" sizes=\"(max-width: 150px) 100vw, 150px\" \/><img decoding=\"async\" class=\"alignright wp-image-13208 size-thumbnail\" src=\"https:\/\/peninsula360press.com\/wp-content\/uploads\/2022\/09\/StopTheHate-150x150.png\" alt=\"\" width=\"150\" height=\"150\" srcset=\"https:\/\/peninsula360press.com\/wp-content\/uploads\/2022\/09\/StopTheHate-150x150.png 150w, https:\/\/peninsula360press.com\/wp-content\/uploads\/2022\/09\/StopTheHate-300x301.png 300w, https:\/\/peninsula360press.com\/wp-content\/uploads\/2022\/09\/StopTheHate-768x770.png 768w, https:\/\/peninsula360press.com\/wp-content\/uploads\/2022\/09\/StopTheHate-12x12.png 12w, https:\/\/peninsula360press.com\/wp-content\/uploads\/2022\/09\/StopTheHate-696x698.png 696w, https:\/\/peninsula360press.com\/wp-content\/uploads\/2022\/09\/StopTheHate.png 1007w\" sizes=\"(max-width: 150px) 100vw, 150px\" \/><\/p>\n<p style=\"text-align: center;\"><em>This publication was supported\u00a0in whole or\u00a0part by funding provided by the State of California,\u00a0administered by the\u00a0<a class=\"broken_link\" href=\"https:\/\/www.library.ca.gov\/\" target=\"_blank\" rel=\"noreferrer noopener\">Cali<\/a><a class=\"broken_link\" href=\"https:\/\/www.library.ca.gov\/\" target=\"_blank\" rel=\"noopener\">fornia State Library.<\/a><\/em><\/p>\n<p><img loading=\"lazy\" decoding=\"async\" class=\"aligncenter wp-image-12082 size-medium\" src=\"https:\/\/peninsula360press.com\/wp-content\/uploads\/2022\/08\/CSL-Logo@400-300x86.png\" alt=\"\" width=\"300\" height=\"86\" srcset=\"https:\/\/peninsula360press.com\/wp-content\/uploads\/2022\/08\/CSL-Logo@400-300x86.png 300w, https:\/\/peninsula360press.com\/wp-content\/uploads\/2022\/08\/CSL-Logo@400-18x5.png 18w, https:\/\/peninsula360press.com\/wp-content\/uploads\/2022\/08\/CSL-Logo@400-150x43.png 150w, https:\/\/peninsula360press.com\/wp-content\/uploads\/2022\/08\/CSL-Logo@400.png 400w\" sizes=\"(max-width: 300px) 100vw, 300px\" \/><\/p>\n<p><em><strong>Te puede interesar:<\/strong> <a href=\"https:\/\/peninsula360press.com\/es_mx\/estudiante-arabe\/\">Estudiante \u00c1rabe de Stanford es v\u00edctima de crimen de odio por un estudiante sionista<\/a><\/em><\/p>\n","protected":false},"excerpt":{"rendered":"<p>La Oficina del Sheriff del condado de Ventura, California, asegur\u00f3 que no se descarta la posibilidad de que la muerte de un hombre de 69 a\u00f1os resultado de una de las heridas sufridas durante un altercado en un evento pro israel\u00edes y palestinos, sea un delito de odio. Paul Kessler, un jud\u00edo de 69 a\u00f1os [&hellip;]<\/p>\n","protected":false},"author":7,"featured_media":20673,"comment_status":"open","ping_status":"open","sticky":false,"template":"","format":"standard","meta":{"footnotes":""},"categories":[14,8],"tags":[],"class_list":{"0":"post-20672","1":"post","2":"type-post","3":"status-publish","4":"format-standard","5":"has-post-thumbnail","7":"category-cover","8":"category-usworld"},"_links":{"self":[{"href":"https:\/\/peninsula360press.com\/es_mx\/wp-json\/wp\/v2\/posts\/20672","targetHints":{"allow":["GET"]}}],"collection":[{"href":"https:\/\/peninsula360press.com\/es_mx\/wp-json\/wp\/v2\/posts"}],"about":[{"href":"https:\/\/peninsula360press.com\/es_mx\/wp-json\/wp\/v2\/types\/post"}],"author":[{"embeddable":true,"href":"https:\/\/peninsula360press.com\/es_mx\/wp-json\/wp\/v2\/users\/7"}],"replies":[{"embeddable":true,"href":"https:\/\/peninsula360press.com\/es_mx\/wp-json\/wp\/v2\/comments?post=20672"}],"version-history":[{"count":3,"href":"https:\/\/peninsula360press.com\/es_mx\/wp-json\/wp\/v2\/posts\/20672\/revisions"}],"predecessor-version":[{"id":20676,"href":"https:\/\/peninsula360press.com\/es_mx\/wp-json\/wp\/v2\/posts\/20672\/revisions\/20676"}],"wp:featuredmedia":[{"embeddable":true,"href":"https:\/\/peninsula360press.com\/es_mx\/wp-json\/wp\/v2\/media\/20673"}],"wp:attachment":[{"href":"https:\/\/peninsula360press.com\/es_mx\/wp-json\/wp\/v2\/media?parent=20672"}],"wp:term":[{"taxonomy":"category","embeddable":true,"href":"https:\/\/peninsula360press.com\/es_mx\/wp-json\/wp\/v2\/categories?post=20672"},{"taxonomy":"post_tag","embeddable":true,"href":"https:\/\/peninsula360press.com\/es_mx\/wp-json\/wp\/v2\/tags?post=20672"}],"curies":[{"name":"wp","href":"https:\/\/api.w.org\/{rel}","templated":true}]}}