{"id":2201,"date":"2020-10-31T08:30:00","date_gmt":"2020-10-31T08:30:00","guid":{"rendered":"https:\/\/peninsula360press.com\/?p=2201"},"modified":"2021-02-05T09:56:40","modified_gmt":"2021-02-05T17:56:40","slug":"redwood-city-exodo-y-memoria-obra-de-fernando-escartiz-sobre-el-edificio-de-chan-zuckerberg-initiative","status":"publish","type":"post","link":"https:\/\/peninsula360press.com\/es_mx\/redwood-city-exodo-y-memoria-obra-de-fernando-escartiz-sobre-el-edificio-de-chan-zuckerberg-initiative\/","title":{"rendered":"Redwood City: \u00ab\u00c9xodo y memoria\u00bb, obra de Fernando Esc\u00e1rtiz sobre el edificio de Chan Zuckerberg Initiative"},"content":{"rendered":"\n<h5 class=\"wp-block-heading\">Pen\u00ednsula 360 Press [P360P]. <\/h5>\n\n\n\n<p>Sobre el ya emblem\u00e1tico edificio de Chan Zuckerberg Initiative, en el centro de Redwood City, se posa una monumental escultura de una calavera que obliga los transe\u00fantes a volver a verla.&nbsp;<\/p>\n\n\n\n<p>Se trata de una calavera de papel mach\u00e9 cargando una maleta en la que lleva m\u00e1s que su ropa; lleva memoria, recuerdos, m\u00fasica, cultura, olores y sabores que aportar\u00e1 a su nueva tierra. Es una obra de nombre \u00c9xodo y memoria del escultor Fernando Esc\u00e1rtiz, quien reside en Redwood City y es originario de la Ciudad de M\u00e9xico.<\/p>\n\n\n\n<figure class=\"wp-block-image size-large\"><img fetchpriority=\"high\" decoding=\"async\" width=\"684\" height=\"1024\" src=\"https:\/\/peninsula360press.com\/wp-content\/uploads\/2020\/10\/IMG_0668-684x1024.jpg\" alt=\"\" class=\"wp-image-2203\" srcset=\"https:\/\/peninsula360press.com\/wp-content\/uploads\/2020\/10\/IMG_0668-684x1024.jpg 684w, https:\/\/peninsula360press.com\/wp-content\/uploads\/2020\/10\/IMG_0668-200x300.jpg 200w, https:\/\/peninsula360press.com\/wp-content\/uploads\/2020\/10\/IMG_0668-768x1151.jpg 768w, https:\/\/peninsula360press.com\/wp-content\/uploads\/2020\/10\/IMG_0668-1025x1536.jpg 1025w, https:\/\/peninsula360press.com\/wp-content\/uploads\/2020\/10\/IMG_0668-8x12.jpg 8w, https:\/\/peninsula360press.com\/wp-content\/uploads\/2020\/10\/IMG_0668-400x600.jpg 400w, https:\/\/peninsula360press.com\/wp-content\/uploads\/2020\/10\/IMG_0668-450x674.jpg 450w, https:\/\/peninsula360press.com\/wp-content\/uploads\/2020\/10\/IMG_0668-780x1169.jpg 780w, https:\/\/peninsula360press.com\/wp-content\/uploads\/2020\/10\/IMG_0668-rotated.jpg 1068w\" sizes=\"(max-width: 684px) 100vw, 684px\" \/><figcaption>\u00ab\u00c9xodo y memoria\u00bb, obra de Fernando Escartiz sobre el edificio de Chan Zuckerberg Initiative. Foto: Fernando Esc\u00e1rtiz.<\/figcaption><\/figure>\n\n\n\n<p><em>\u00c9xodo y memoria<\/em> es, seg\u00fan su mismo autor, un tributo a todos aquellos que dejaron su tierra buscando nuevos horizontes. \u00abCuando dejas tu pa\u00eds y te vas a otro no necesariamente llevas objetivos materiales, pero siempre llevas contigo tu cultura, tus recuerdos, tus vivencias, mismas que integras al lugar a donde llegas\u00bb.<\/p>\n\n\n\n<p>Esta pieza de doce pies de alto ha sido expuesta en la Sinf\u00f3nica de San Francisco, el Museo de California en Oakland y la explanada de Redwood City, entre otos lugares. La idea originaria para su creaci\u00f3n, de acuerdo a Esc\u00e1rtiz, proviene de las \u00abvitrinitas\u00bb, que son peque\u00f1as cajas de cristal que se venden en los d\u00edas previos al D\u00eda de los Muertos en M\u00e9xico.&nbsp;<\/p>\n\n\n\n<p>Las vitrinitas contienen calaveras realizando diferentes oficios y profesiones. \u00abHay diferentes concepciones sobre el D\u00eda de los Muertos. A m\u00ed, me gusta la idea de que, al verte representado en calavera, puedas disfrutar y valorar a\u00fan m\u00e1s la vida\u00bb, dijo el escultor.&nbsp;<\/p>\n\n\n\n<blockquote class=\"wp-block-quote is-layout-flow wp-block-quote-is-layout-flow\"><p>\u00abCuando sal\u00ed de mi tierra,<br \/>volv\u00ed la cara llorando<br \/>porque, lo que m\u00e1s quer\u00eda,<br \/>atr\u00e1s lo iba dejando\u00bb.<\/p><p>\u00bbLlevaba, por compa\u00f1eros,<br \/>un recuerdo y una pena,<br \/>y una maleta llenita<br \/>de&nbsp;los sones de mi tierra\u00bb.<\/p><cite><strong>\u2014Canci\u00f3n popular.<\/strong><\/cite><\/blockquote>\n","protected":false},"excerpt":{"rendered":"<p>Pen\u00ednsula 360 Press [P360P]. Sobre el ya emblem\u00e1tico edificio de Chan Zuckerberg Initiative, en el centro de Redwood City, se posa una monumental escultura de una calavera que obliga los transe\u00fantes a volver a verla.&nbsp; Se trata de una calavera de papel mach\u00e9 cargando una maleta en la que lleva m\u00e1s que su ropa; lleva [&hellip;]<\/p>\n","protected":false},"author":4,"featured_media":2202,"comment_status":"open","ping_status":"open","sticky":false,"template":"","format":"standard","meta":{"footnotes":""},"categories":[9,14,11,6,2,78],"tags":[273],"class_list":{"0":"post-2201","1":"post","2":"type-post","3":"status-publish","4":"format-standard","5":"has-post-thumbnail","7":"category-community","8":"category-cover","9":"category-culture","10":"category-habitat","11":"category-peninsula","12":"category-san-francisco","13":"tag-ccj"},"_links":{"self":[{"href":"https:\/\/peninsula360press.com\/es_mx\/wp-json\/wp\/v2\/posts\/2201","targetHints":{"allow":["GET"]}}],"collection":[{"href":"https:\/\/peninsula360press.com\/es_mx\/wp-json\/wp\/v2\/posts"}],"about":[{"href":"https:\/\/peninsula360press.com\/es_mx\/wp-json\/wp\/v2\/types\/post"}],"author":[{"embeddable":true,"href":"https:\/\/peninsula360press.com\/es_mx\/wp-json\/wp\/v2\/users\/4"}],"replies":[{"embeddable":true,"href":"https:\/\/peninsula360press.com\/es_mx\/wp-json\/wp\/v2\/comments?post=2201"}],"version-history":[{"count":5,"href":"https:\/\/peninsula360press.com\/es_mx\/wp-json\/wp\/v2\/posts\/2201\/revisions"}],"predecessor-version":[{"id":2216,"href":"https:\/\/peninsula360press.com\/es_mx\/wp-json\/wp\/v2\/posts\/2201\/revisions\/2216"}],"wp:featuredmedia":[{"embeddable":true,"href":"https:\/\/peninsula360press.com\/es_mx\/wp-json\/wp\/v2\/media\/2202"}],"wp:attachment":[{"href":"https:\/\/peninsula360press.com\/es_mx\/wp-json\/wp\/v2\/media?parent=2201"}],"wp:term":[{"taxonomy":"category","embeddable":true,"href":"https:\/\/peninsula360press.com\/es_mx\/wp-json\/wp\/v2\/categories?post=2201"},{"taxonomy":"post_tag","embeddable":true,"href":"https:\/\/peninsula360press.com\/es_mx\/wp-json\/wp\/v2\/tags?post=2201"}],"curies":[{"name":"wp","href":"https:\/\/api.w.org\/{rel}","templated":true}]}}