{"id":2240,"date":"2020-11-03T18:08:50","date_gmt":"2020-11-03T18:08:50","guid":{"rendered":"https:\/\/peninsula360press.com\/?p=2240"},"modified":"2021-02-05T09:57:29","modified_gmt":"2021-02-05T17:57:29","slug":"voto-2020-primeras-reacciones-en-redes-sociales","status":"publish","type":"post","link":"https:\/\/peninsula360press.com\/es_mx\/voto-2020-primeras-reacciones-en-redes-sociales\/","title":{"rendered":"Voto 2020: Primeras reacciones en redes sociales"},"content":{"rendered":"\n<h5 class=\"wp-block-heading\"><a href=\"https:\/\/peninsula360press.com\/author\/cristiancarlos\/\">Cristian Carlos<\/a>. Pen\u00ednsula 360 Press [P360P].<\/h5>\n\n\n\n<p>Hoy, martes, 3 de noviembre se llevan a cabo en los Estados Unidos, las elecciones generales, las cuales incluyen la elecci\u00f3n a la presidencia del pa\u00eds. Como contendientes a la campa\u00f1a presidencial se encuentra en contienda al representante del Partido Dem\u00f3crata, Joe Biden; mientras que Donald J. Trump intentar\u00e1 reelegirse en el puesto por cuatro a\u00f1os m\u00e1s representando al Partido Republicano.<\/p>\n\n\n\n<p>Desde esta ma\u00f1ana, diversas figuras de la opini\u00f3n p\u00fablica con injerencia mundial se han pronunciado a favor de la importancia del ejercicio del derecho a sufragar a sus representantes.<\/p>\n\n\n\n<p>Gavin Newsom, gobernador del estado de California, se\u00f1al\u00f3 a trav\u00e9s de Twitter, que los centros de votaci\u00f3n se encontrar\u00e1n abiertos hasta las 8 de la noche, hora local. Record\u00f3 el uso de tapabocas y un sitio web donde pueden consultar cu\u00e1l es el centro de votaci\u00f3n al que pueden acceder para emitir su voto.<\/p>\n\n\n\n<figure class=\"wp-block-embed-twitter wp-block-embed is-type-rich is-provider-twitter\"><div class=\"wp-block-embed__wrapper\">\n<blockquote class=\"twitter-tweet\" data-width=\"550\" data-dnt=\"true\"><p lang=\"en\" dir=\"ltr\">CALIFORNIA: the polls are officially OPEN!<br><br>Polls close at 8:00PM tonight.<br><br>You can STILL register to vote in person at your polling place.<br><br>Bring your mask.<br><br>If you\u2019re in line by 8:00PM stay in line &#8212; you will be able to vote.<br><br>Find your polling place: <a href=\"https:\/\/t.co\/XlF6WVh2yE\">https:\/\/t.co\/XlF6WVh2yE<\/a><\/p>&mdash; Gavin Newsom (@GavinNewsom) <a href=\"https:\/\/twitter.com\/GavinNewsom\/status\/1323641536064598017?ref_src=twsrc%5Etfw\" target=\"_blank\" rel=\"noopener\">November 3, 2020<\/a><\/blockquote><script async src=\"https:\/\/platform.twitter.com\/widgets.js\" charset=\"utf-8\"><\/script>\n<\/div><\/figure>\n\n\n\n<p>Wanda Sykes, actriz activista por la comunidad LGBTTTIQ+, inst\u00f3 a la poblaci\u00f3n de Michigan y Nebraska a que ejerzan su derecho a votar luego de que se difundiera informaci\u00f3n de \u00abquedarse en casa\u00bb por la COVID-19.<\/p>\n\n\n\n<figure class=\"wp-block-embed-twitter wp-block-embed is-type-rich is-provider-twitter\"><div class=\"wp-block-embed__wrapper\">\n<blockquote class=\"twitter-tweet\" data-width=\"550\" data-dnt=\"true\"><p lang=\"en\" dir=\"ltr\"><a href=\"https:\/\/twitter.com\/hashtag\/Michigan?src=hash&amp;ref_src=twsrc%5Etfw\" target=\"_blank\" rel=\"noopener\">#Michigan<\/a> and <a href=\"https:\/\/twitter.com\/hashtag\/Nebraska?src=hash&amp;ref_src=twsrc%5Etfw\" target=\"_blank\" rel=\"noopener\">#Nebraska<\/a> do not fall for this scam. This is illegal. This is <a href=\"https:\/\/twitter.com\/hashtag\/votersuppression?src=hash&amp;ref_src=twsrc%5Etfw\" target=\"_blank\" rel=\"noopener\">#votersuppression<\/a>. You must <a href=\"https:\/\/twitter.com\/hashtag\/vote?src=hash&amp;ref_src=twsrc%5Etfw\" target=\"_blank\" rel=\"noopener\">#vote<\/a> TODAY. You cannot vote tomorrow. <a href=\"https:\/\/twitter.com\/hashtag\/ElectionDay?src=hash&amp;ref_src=twsrc%5Etfw\" target=\"_blank\" rel=\"noopener\">#ElectionDay<\/a> <a href=\"https:\/\/t.co\/BxHRNQUrRM\">https:\/\/t.co\/BxHRNQUrRM<\/a><\/p>&mdash; Wanda Sykes (@iamwandasykes) <a href=\"https:\/\/twitter.com\/iamwandasykes\/status\/1323671057589366784?ref_src=twsrc%5Etfw\" target=\"_blank\" rel=\"noopener\">November 3, 2020<\/a><\/blockquote><script async src=\"https:\/\/platform.twitter.com\/widgets.js\" charset=\"utf-8\"><\/script>\n<\/div><\/figure>\n\n\n\n<p>La joven activista sobre la concientizaci\u00f3n del cambio clim\u00e1tico, Greta Thunberg, criticada fuertemente por el candidato a la reelecci\u00f3n a la presidencia de los EE. UU., Donald Trump, cuando dijo que, necesitaba m\u00e1s vida social, se pronunci\u00f3 a favor de no dejar pasar la oportunidad que tienen los estadounidenses a votar.<\/p>\n\n\n\n<figure class=\"wp-block-embed-twitter wp-block-embed is-type-rich is-provider-twitter\"><div class=\"wp-block-embed__wrapper\">\n<blockquote class=\"twitter-tweet\" data-width=\"550\" data-dnt=\"true\"><p lang=\"en\" dir=\"ltr\">Today, many of you will have the opportunity to make a choice.<br>Your vote will affect billions of people around the world.<br>Your vote will affect countless of generations to come.<br>Use it.<br>Use it well.<br>Every election is a climate election.<a href=\"https:\/\/twitter.com\/hashtag\/ElectionDay?src=hash&amp;ref_src=twsrc%5Etfw\" target=\"_blank\" rel=\"noopener\">#ElectionDay<\/a><\/p>&mdash; Greta Thunberg (@GretaThunberg) <a href=\"https:\/\/twitter.com\/GretaThunberg\/status\/1323582914618134530?ref_src=twsrc%5Etfw\" target=\"_blank\" rel=\"noopener\">November 3, 2020<\/a><\/blockquote><script async src=\"https:\/\/platform.twitter.com\/widgets.js\" charset=\"utf-8\"><\/script>\n<\/div><\/figure>\n\n\n\n<p>La especialista en enfermedades y actual investigadora sobre la COVID-19, aprovech\u00f3 para pronunciarse a favor del candidato a la presidencia por el Partido Dem\u00f3crata, Joe Biden. Agreg\u00f3 que el estado de Pensilvania debe levantarse e ir a votar.<\/p>\n\n\n\n<figure class=\"wp-block-embed-twitter wp-block-embed is-type-rich is-provider-twitter\"><div class=\"wp-block-embed__wrapper\">\n<blockquote class=\"twitter-tweet\" data-width=\"550\" data-dnt=\"true\"><p lang=\"en\" dir=\"ltr\">\ud83d\udc4b\ud83c\udffcHey <a href=\"https:\/\/twitter.com\/hashtag\/Pennsylvania?src=hash&amp;ref_src=twsrc%5Etfw\" target=\"_blank\" rel=\"noopener\">#Pennsylvania<\/a>,<br><br>Get out and vote for your hometown candidate, <a href=\"https:\/\/twitter.com\/JoeBiden?ref_src=twsrc%5Etfw\" target=\"_blank\" rel=\"noopener\">@JoeBiden<\/a>.<br><br>Let&#39;s do this.\ud83c\uddfa\ud83c\uddf8\ud83d\udc99<a href=\"https:\/\/twitter.com\/hashtag\/BidenHarris2020?src=hash&amp;ref_src=twsrc%5Etfw\" target=\"_blank\" rel=\"noopener\">#BidenHarris2020<\/a> <a href=\"https:\/\/twitter.com\/hashtag\/ElectionDay?src=hash&amp;ref_src=twsrc%5Etfw\" target=\"_blank\" rel=\"noopener\">#ElectionDay<\/a> <a href=\"https:\/\/t.co\/MK5hoMAOiw\">https:\/\/t.co\/MK5hoMAOiw<\/a><\/p>&mdash; Dena Grayson, MD, PhD (@DrDenaGrayson) <a href=\"https:\/\/twitter.com\/DrDenaGrayson\/status\/1323662100871393282?ref_src=twsrc%5Etfw\" target=\"_blank\" rel=\"noopener\">November 3, 2020<\/a><\/blockquote><script async src=\"https:\/\/platform.twitter.com\/widgets.js\" charset=\"utf-8\"><\/script>\n<\/div><\/figure>\n\n\n\n<p>En su \u00faltima publicaci\u00f3n, en donde se muestra a Lady Gaga, \u00edcono mundial del Pop, a quien se le vio dando un discurso en el \u00faltimo evento que ofreci\u00f3 el candidato a la presidencia por el Partido Dem\u00f3crata, Joe Biden, dirigi\u00f3 un mensaje en contra del candidato a la reelecci\u00f3n a la presidencia por el Partido Republicano, Donald J. Trump y llam\u00f3 a votar por su contraparte dem\u00f3crata.<\/p>\n\n\n\n<figure class=\"wp-block-embed-twitter wp-block-embed is-type-rich is-provider-twitter\"><div class=\"wp-block-embed__wrapper\">\n<blockquote class=\"twitter-tweet\" data-width=\"550\" data-dnt=\"true\"><p lang=\"und\" dir=\"ltr\">.<a href=\"https:\/\/twitter.com\/realDonaldTrump?ref_src=twsrc%5Etfw\" target=\"_blank\" rel=\"noopener\">@realDonaldTrump<\/a> <a href=\"https:\/\/twitter.com\/hashtag\/VoteBiden?src=hash&amp;ref_src=twsrc%5Etfw\" target=\"_blank\" rel=\"noopener\">#VoteBiden<\/a> <a href=\"https:\/\/twitter.com\/hashtag\/Vote?src=hash&amp;ref_src=twsrc%5Etfw\" target=\"_blank\" rel=\"noopener\">#Vote<\/a> <a href=\"https:\/\/t.co\/cwFYfDF5aY\">pic.twitter.com\/cwFYfDF5aY<\/a><\/p>&mdash; Lady Gaga (@ladygaga) <a href=\"https:\/\/twitter.com\/ladygaga\/status\/1323429972804046850?ref_src=twsrc%5Etfw\" target=\"_blank\" rel=\"noopener\">November 3, 2020<\/a><\/blockquote><script async src=\"https:\/\/platform.twitter.com\/widgets.js\" charset=\"utf-8\"><\/script>\n<\/div><\/figure>\n\n\n\n<p>Laura Packard, sobreviviente de c\u00e1ncer en su etapa 4 de cancer y activista sobre la concientizaci\u00f3n de la enfermedad en cuya descripci\u00f3n del perfil dice estar bloqueada por altos funcionarios de actual administraci\u00f3n envi\u00f3 un mensaje en video en el cual expresa muestra su preocupaci\u00f3n por que la poblaci\u00f3n estadounidense tome consciencia de la importancia de su voto. \u00abNuestras vidas est\u00e1n en juego\u00bb, se\u00f1al\u00f3 en el tweet. <\/p>\n\n\n\n<figure class=\"wp-block-embed-twitter wp-block-embed is-type-rich is-provider-twitter\"><div class=\"wp-block-embed__wrapper\">\n<blockquote class=\"twitter-tweet\" data-width=\"550\" data-dnt=\"true\"><p lang=\"en\" dir=\"ltr\">I&#39;m a stage 4 cancer survivor, and uninsurable without the Affordable Care Act. Our lives are at stake. <a href=\"https:\/\/twitter.com\/hashtag\/VOTE?src=hash&amp;ref_src=twsrc%5Etfw\" target=\"_blank\" rel=\"noopener\">#VOTE<\/a> <a href=\"https:\/\/twitter.com\/hashtag\/electionday?src=hash&amp;ref_src=twsrc%5Etfw\" target=\"_blank\" rel=\"noopener\">#electionday<\/a> <a href=\"https:\/\/t.co\/DjLarkdyIZ\">pic.twitter.com\/DjLarkdyIZ<\/a><\/p>&mdash; Laura Packard (@lpackard) <a href=\"https:\/\/twitter.com\/lpackard\/status\/1323671287835680768?ref_src=twsrc%5Etfw\" target=\"_blank\" rel=\"noopener\">November 3, 2020<\/a><\/blockquote><script async src=\"https:\/\/platform.twitter.com\/widgets.js\" charset=\"utf-8\"><\/script>\n<\/div><\/figure>\n\n\n\n<p>Hilary Clinton, contendiente a la presidencia de 2016, mostr\u00f3 en sus redes sociales que hab\u00eda ejercido su voto: \u00abYo vot\u00e9 y se sinti\u00f3 bien\u00bb sin ofrecer m\u00e1s detalles.<\/p>\n\n\n\n<figure class=\"wp-block-embed-twitter wp-block-embed is-type-rich is-provider-twitter\"><div class=\"wp-block-embed__wrapper\">\n<blockquote class=\"twitter-tweet\" data-width=\"550\" data-dnt=\"true\"><p lang=\"en\" dir=\"ltr\">Just voted. Felt good. <a href=\"https:\/\/t.co\/oQJdlUJv0u\">https:\/\/t.co\/oQJdlUJv0u<\/a> <a href=\"https:\/\/t.co\/c9TYHthLXh\">pic.twitter.com\/c9TYHthLXh<\/a><\/p>&mdash; Hillary Clinton (@HillaryClinton) <a href=\"https:\/\/twitter.com\/HillaryClinton\/status\/1323658577177911296?ref_src=twsrc%5Etfw\" target=\"_blank\" rel=\"noopener\">November 3, 2020<\/a><\/blockquote><script async src=\"https:\/\/platform.twitter.com\/widgets.js\" charset=\"utf-8\"><\/script>\n<\/div><\/figure>\n\n\n\n<p>Con un sentido cercano con la poblaci\u00f3n estadounidense, manteni\u00e9ndomelo los protocolos de sanidad como lo exige la pandemia por COVID-19, el expresidente de los Estados Unidos, Barack Obama, estuvo en contacto con ciudadanos a trav\u00e9s de FaceTime \u2013protocolo de videollamada segura de Apple\u2013 donde hace un llamado a los ciudadanos a ejercer su voto con libertad.<\/p>\n\n\n\n<figure class=\"wp-block-embed-twitter wp-block-embed is-type-rich is-provider-twitter\"><div class=\"wp-block-embed__wrapper\">\n<blockquote class=\"twitter-tweet\" data-width=\"550\" data-dnt=\"true\"><p lang=\"en\" dir=\"ltr\">More than 100 million Americans have already cast a ballot in this election. Joel, Monica, and Andr\u00e9s are three of them \u2014 and I got to FaceTime with them before they voted. <br><br>Join them and get out there and vote today. <a href=\"https:\/\/t.co\/ld7DAdYPYU\">pic.twitter.com\/ld7DAdYPYU<\/a><\/p>&mdash; Barack Obama (@BarackObama) <a href=\"https:\/\/twitter.com\/BarackObama\/status\/1323626668842459136?ref_src=twsrc%5Etfw\" target=\"_blank\" rel=\"noopener\">November 3, 2020<\/a><\/blockquote><script async src=\"https:\/\/platform.twitter.com\/widgets.js\" charset=\"utf-8\"><\/script>\n<\/div><\/figure>\n\n\n\n<p>En el contexto internacional, Shakira, cantautora de talla mundial, nombrada Embajadora de Buena Voluntad de UNICEF en octubre de 2003, y creadora de la fundaci\u00f3n Pies Descalzos preocupada por la ni\u00f1ez y los refugiados colombianos en Estados Unidos envi\u00f3 un mensaje sobre la importancia que tiene el voto latino en las elecciones generales de este 3 de noviembre.<\/p>\n\n\n\n<figure class=\"wp-block-embed-twitter wp-block-embed is-type-rich is-provider-twitter\"><div class=\"wp-block-embed__wrapper\">\n<blockquote class=\"twitter-tweet\" data-width=\"550\" data-dnt=\"true\"><p lang=\"es\" dir=\"ltr\">Los latinos somos una comunidad que est\u00e1 creciendo r\u00e1pidamente, con millones de j\u00f3venes a los que debemos garantizar una educaci\u00f3n de calidad e igualdad de oportunidades. (1\/2) <a href=\"https:\/\/t.co\/hpg0YDyFun\">pic.twitter.com\/hpg0YDyFun<\/a><\/p>&mdash; Shakira (@shakira) <a href=\"https:\/\/twitter.com\/shakira\/status\/1323617333882036224?ref_src=twsrc%5Etfw\" target=\"_blank\" rel=\"noopener\">November 3, 2020<\/a><\/blockquote><script async src=\"https:\/\/platform.twitter.com\/widgets.js\" charset=\"utf-8\"><\/script>\n<\/div><\/figure>\n\n\n\n<p>La estrella internacional, Kanye West, quien habr\u00eda anunciado su candidatura a la presidencia de Estados Unidos y que fuese criticado fuertemente por la opini\u00f3n p\u00fablica no s\u00f3lo por esto, sino por su apoyo a Donald Trump dirigi\u00f3 un breve y enigm\u00e1tico mensaje donde revel\u00f3 haberse votado a s\u00ed mismo. Cabe se\u00f1alar que es la primera vez que tiene edad suficiente para votar y elegir al presidente de los Estados Unidos. <\/p>\n\n\n\n<figure class=\"wp-block-embed-twitter wp-block-embed is-type-rich is-provider-twitter\"><div class=\"wp-block-embed__wrapper\">\n<blockquote class=\"twitter-tweet\" data-width=\"550\" data-dnt=\"true\"><p lang=\"en\" dir=\"ltr\">God is so good \ud83d\ude0a Today I am voting for the first time in my life for the President of the United States, and it&#39;s for someone I truly trust&#8230;me. \ud83c\uddfa\ud83c\uddf8 \ud83d\udd4a<\/p>&mdash; ye (@kanyewest) <a href=\"https:\/\/twitter.com\/kanyewest\/status\/1323641120778145792?ref_src=twsrc%5Etfw\" target=\"_blank\" rel=\"noopener\">November 3, 2020<\/a><\/blockquote><script async src=\"https:\/\/platform.twitter.com\/widgets.js\" charset=\"utf-8\"><\/script>\n<\/div><\/figure>\n\n\n\n<p>En contraste, la empresaria Kim Kardashian, con un tono m\u00e1s sensato, ofreci\u00f3 informaci\u00f3n importante dando a conocer l\u00edneas telef\u00f3nicas en donde la poblaci\u00f3n estadounidense puede informarse adecuadamente sobre los derechos que tienen los ciudadanos a la hora de votar.<\/p>\n\n\n\n<figure class=\"wp-block-embed-twitter wp-block-embed is-type-rich is-provider-twitter\"><div class=\"wp-block-embed__wrapper\">\n<blockquote class=\"twitter-tweet\" data-width=\"550\" data-dnt=\"true\"><p lang=\"en\" dir=\"ltr\">Before you show up to the polls, know your rights. <a href=\"https:\/\/twitter.com\/WhenWeAllVote?ref_src=twsrc%5Etfw\" target=\"_blank\" rel=\"noopener\">@WhenWeAllVote<\/a> and <a href=\"https:\/\/twitter.com\/866OURVOTE?ref_src=twsrc%5Etfw\" target=\"_blank\" rel=\"noopener\">@866OURVOTE<\/a> are here to help. <a href=\"https:\/\/t.co\/BLZ7EU0PKL\">https:\/\/t.co\/BLZ7EU0PKL<\/a><\/p>&mdash; Kim Kardashian West (@KimKardashian) <a href=\"https:\/\/twitter.com\/KimKardashian\/status\/1323663028169150466?ref_src=twsrc%5Etfw\" target=\"_blank\" rel=\"noopener\">November 3, 2020<\/a><\/blockquote><script async src=\"https:\/\/platform.twitter.com\/widgets.js\" charset=\"utf-8\"><\/script>\n<\/div><\/figure>\n\n\n\n<p>\u00abEs D\u00eda de la Elecci\u00f3n. \u00a1Estados Unidos, a votar!\u00bb, se lee en el mensaje que dirigi\u00f3 esta ma\u00f1ana el candidato a la presidencia por el Partido Dem\u00f3crata, Joe Biden.<\/p>\n\n\n\n<figure class=\"wp-block-embed-twitter wp-block-embed is-type-rich is-provider-twitter\"><div class=\"wp-block-embed__wrapper\">\n<blockquote class=\"twitter-tweet\" data-width=\"550\" data-dnt=\"true\"><p lang=\"en\" dir=\"ltr\">It\u2019s Election Day. Go vote, America!<\/p>&mdash; Joe Biden (@JoeBiden) <a href=\"https:\/\/twitter.com\/JoeBiden\/status\/1323581437459734529?ref_src=twsrc%5Etfw\" target=\"_blank\" rel=\"noopener\">November 3, 2020<\/a><\/blockquote><script async src=\"https:\/\/platform.twitter.com\/widgets.js\" charset=\"utf-8\"><\/script>\n<\/div><\/figure>\n\n\n\n<p>Con el tema de la agrupaci\u00f3n estadounidense Village People, \u201cYMCA\u201d, Donald Trump hizo un llamado contundente a salir a que \u00abVoten, voten, voten\u00bb.<\/p>\n\n\n\n<figure class=\"wp-block-embed-twitter wp-block-embed is-type-rich is-provider-twitter\"><div class=\"wp-block-embed__wrapper\">\nhttps:\/\/twitter.com\/realDonaldTrump\/status\/1323534663453913093?s=20\n<\/div><\/figure>\n","protected":false},"excerpt":{"rendered":"<p>Cristian Carlos. Pen\u00ednsula 360 Press [P360P]. Hoy, martes, 3 de noviembre se llevan a cabo en los Estados Unidos, las elecciones generales, las cuales incluyen la elecci\u00f3n a la presidencia del pa\u00eds. Como contendientes a la campa\u00f1a presidencial se encuentra en contienda al representante del Partido Dem\u00f3crata, Joe Biden; mientras que Donald J. Trump intentar\u00e1 [&hellip;]<\/p>\n","protected":false},"author":4,"featured_media":2254,"comment_status":"open","ping_status":"open","sticky":true,"template":"","format":"standard","meta":{"footnotes":""},"categories":[14,9,8,2,10],"tags":[273],"class_list":{"0":"post-2240","1":"post","2":"type-post","3":"status-publish","4":"format-standard","5":"has-post-thumbnail","7":"category-cover","8":"category-community","9":"category-usworld","10":"category-peninsula","11":"category-politics","12":"tag-ccj"},"_links":{"self":[{"href":"https:\/\/peninsula360press.com\/es_mx\/wp-json\/wp\/v2\/posts\/2240","targetHints":{"allow":["GET"]}}],"collection":[{"href":"https:\/\/peninsula360press.com\/es_mx\/wp-json\/wp\/v2\/posts"}],"about":[{"href":"https:\/\/peninsula360press.com\/es_mx\/wp-json\/wp\/v2\/types\/post"}],"author":[{"embeddable":true,"href":"https:\/\/peninsula360press.com\/es_mx\/wp-json\/wp\/v2\/users\/4"}],"replies":[{"embeddable":true,"href":"https:\/\/peninsula360press.com\/es_mx\/wp-json\/wp\/v2\/comments?post=2240"}],"version-history":[{"count":1,"href":"https:\/\/peninsula360press.com\/es_mx\/wp-json\/wp\/v2\/posts\/2240\/revisions"}],"predecessor-version":[{"id":2255,"href":"https:\/\/peninsula360press.com\/es_mx\/wp-json\/wp\/v2\/posts\/2240\/revisions\/2255"}],"wp:featuredmedia":[{"embeddable":true,"href":"https:\/\/peninsula360press.com\/es_mx\/wp-json\/wp\/v2\/media\/2254"}],"wp:attachment":[{"href":"https:\/\/peninsula360press.com\/es_mx\/wp-json\/wp\/v2\/media?parent=2240"}],"wp:term":[{"taxonomy":"category","embeddable":true,"href":"https:\/\/peninsula360press.com\/es_mx\/wp-json\/wp\/v2\/categories?post=2240"},{"taxonomy":"post_tag","embeddable":true,"href":"https:\/\/peninsula360press.com\/es_mx\/wp-json\/wp\/v2\/tags?post=2240"}],"curies":[{"name":"wp","href":"https:\/\/api.w.org\/{rel}","templated":true}]}}