{"id":22991,"date":"2024-04-22T08:50:47","date_gmt":"2024-04-22T15:50:47","guid":{"rendered":"https:\/\/peninsula360press.com\/?p=22991"},"modified":"2024-04-23T11:29:06","modified_gmt":"2024-04-23T18:29:06","slug":"festival-latino-en-east-palo-alto-2024","status":"publish","type":"post","link":"https:\/\/peninsula360press.com\/es_mx\/festival-latino-en-east-palo-alto-2024\/","title":{"rendered":"Todo listo para el Festival Latino en East Palo Alto"},"content":{"rendered":"<figure id=\"attachment_22993\" aria-describedby=\"caption-attachment-22993\" style=\"width: 420px\" class=\"wp-caption aligncenter\"><img fetchpriority=\"high\" decoding=\"async\" class=\"wp-image-22993 size-full\" src=\"https:\/\/peninsula360press.com\/wp-content\/uploads\/2024\/04\/Festival-Latino-2.jpeg\" alt=\"Todo listo para el Festival Latino en East Palo Alto 2024\" width=\"420\" height=\"280\" srcset=\"https:\/\/peninsula360press.com\/wp-content\/uploads\/2024\/04\/Festival-Latino-2.jpeg 420w, https:\/\/peninsula360press.com\/wp-content\/uploads\/2024\/04\/Festival-Latino-2-300x200.jpeg 300w, https:\/\/peninsula360press.com\/wp-content\/uploads\/2024\/04\/Festival-Latino-2-18x12.jpeg 18w, https:\/\/peninsula360press.com\/wp-content\/uploads\/2024\/04\/Festival-Latino-2-150x100.jpeg 150w\" sizes=\"(max-width: 420px) 100vw, 420px\" \/><figcaption id=\"caption-attachment-22993\" class=\"wp-caption-text\">Este 5 de mayo se celebrar\u00e1 el Festival Latino en East Palo Alto 2024, por lo que integrantes del Comit\u00e9 Latino de la ciudad han lanzado la invitaci\u00f3n a la comunidad residente, as\u00ed como de ciudades vecinas, a que se unan a convivir en las diferentes actividades que tienen preparadas para convivir en un gran festejo. Foto: Marvin B\u00e1maca P360P<\/figcaption><\/figure>\n<p>Escucha esta nota:<\/p>\n<audio class=\"wp-audio-shortcode\" id=\"audio-22991-1\" preload=\"none\" style=\"width: 100%;\" controls=\"controls\"><source type=\"audio\/mpeg\" src=\"https:\/\/peninsula360press.com\/wp-content\/uploads\/2024\/04\/Viviana-3819524.mp3?_=1\" \/><a href=\"https:\/\/peninsula360press.com\/wp-content\/uploads\/2024\/04\/Viviana-3819524.mp3\">https:\/\/peninsula360press.com\/wp-content\/uploads\/2024\/04\/Viviana-3819524.mp3<\/a><\/audio>\n<p>&nbsp;<\/p>\n<p><span style=\"font-weight: 400;\">Con un ambiente totalmente familiar, este 5 de mayo se celebrar\u00e1 el Festival Latino en East Palo Alto, California, por lo que integrantes del <a href=\"https:\/\/www.facebook.com\/ComiteLatino\" target=\"_blank\" rel=\"noopener\">Comit\u00e9 Latino<\/a> de la ciudad han lanzado la invitaci\u00f3n a la comunidad residente, as\u00ed como de ciudades vecinas, a que se unan a convivir en las diferentes actividades que tienen preparado para convivir en un gran festejo.<\/span><\/p>\n<figure id=\"attachment_22995\" aria-describedby=\"caption-attachment-22995\" style=\"width: 225px\" class=\"wp-caption alignleft\"><img decoding=\"async\" class=\"wp-image-22995 size-medium\" src=\"https:\/\/peninsula360press.com\/wp-content\/uploads\/2024\/04\/Festival-Latino-4-225x300.jpeg\" alt=\"\" width=\"225\" height=\"300\" srcset=\"https:\/\/peninsula360press.com\/wp-content\/uploads\/2024\/04\/Festival-Latino-4-225x300.jpeg 225w, https:\/\/peninsula360press.com\/wp-content\/uploads\/2024\/04\/Festival-Latino-4-768x1024.jpeg 768w, https:\/\/peninsula360press.com\/wp-content\/uploads\/2024\/04\/Festival-Latino-4-1152x1536.jpeg 1152w, https:\/\/peninsula360press.com\/wp-content\/uploads\/2024\/04\/Festival-Latino-4-9x12.jpeg 9w, https:\/\/peninsula360press.com\/wp-content\/uploads\/2024\/04\/Festival-Latino-4-150x200.jpeg 150w, https:\/\/peninsula360press.com\/wp-content\/uploads\/2024\/04\/Festival-Latino-4-300x400.jpeg 300w, https:\/\/peninsula360press.com\/wp-content\/uploads\/2024\/04\/Festival-Latino-4-696x928.jpeg 696w, https:\/\/peninsula360press.com\/wp-content\/uploads\/2024\/04\/Festival-Latino-4-1068x1424.jpeg 1068w, https:\/\/peninsula360press.com\/wp-content\/uploads\/2024\/04\/Festival-Latino-4.jpeg 1200w\" sizes=\"(max-width: 225px) 100vw, 225px\" \/><figcaption id=\"caption-attachment-22995\" class=\"wp-caption-text\">Laura Rubio, integrante del Comit\u00e9 Latino de East Palo Alto (EPA), se\u00f1al\u00f3 que este evento es completamente familiar y de convivencia con las diferentes culturas latinas que residen en la ciudad.\u00a0Foto: Marvin B\u00e1maca P360P<\/figcaption><\/figure>\n<p><span style=\"font-weight: 400;\">Laura Rubio, integrante del Comit\u00e9 Latino de East Palo Alto (EPA), cont\u00f3 a Pen\u00ednsula 360 Press que este evento es completamente familiar y de convivencia con las diferentes culturas latinas que residen en la ciudad.\u00a0<\/span><\/p>\n<p><span style=\"font-weight: 400;\">\u201cRealizaremos un desfile por las diferentes calles de la ciudad en la que participan los vecinos de East Palo Alto, quienes lucir\u00e1n sus trajes t\u00edpicos de cada una de las regiones latinas. \u00a1Todos est\u00e1n invitados!\u201d, dijo.<\/span><\/p>\n<p><span style=\"font-weight: 400;\">Adem\u00e1s, al Festival se sumar\u00e1n organizaciones y escuelas que siempre han participado en este desfile.\u00a0<\/span><\/p>\n<p><span style=\"font-weight: 400;\">Habr\u00e1 sorpresas en el desfile, donde no faltar\u00e1 la m\u00fasica de mariachi, cont\u00f3.<\/span><\/p>\n<p><span style=\"font-weight: 400;\">Este Festival se ha convertido en una tradici\u00f3n misma que empez\u00f3 a celebrarse desde los a\u00f1os 80\u2019s, con la participaci\u00f3n de muchos voluntarios que han hecho posible que se realicen diversas actividades.\u00a0<\/span><\/p>\n<figure id=\"attachment_22992\" aria-describedby=\"caption-attachment-22992\" style=\"width: 1600px\" class=\"wp-caption alignnone\"><img decoding=\"async\" class=\"wp-image-22992 size-full\" src=\"https:\/\/peninsula360press.com\/wp-content\/uploads\/2024\/04\/Festival-Latino-1.jpeg\" alt=\"\" width=\"1600\" height=\"1200\" srcset=\"https:\/\/peninsula360press.com\/wp-content\/uploads\/2024\/04\/Festival-Latino-1.jpeg 1600w, https:\/\/peninsula360press.com\/wp-content\/uploads\/2024\/04\/Festival-Latino-1-300x225.jpeg 300w, https:\/\/peninsula360press.com\/wp-content\/uploads\/2024\/04\/Festival-Latino-1-1024x768.jpeg 1024w, https:\/\/peninsula360press.com\/wp-content\/uploads\/2024\/04\/Festival-Latino-1-768x576.jpeg 768w, https:\/\/peninsula360press.com\/wp-content\/uploads\/2024\/04\/Festival-Latino-1-16x12.jpeg 16w, https:\/\/peninsula360press.com\/wp-content\/uploads\/2024\/04\/Festival-Latino-1-150x113.jpeg 150w, https:\/\/peninsula360press.com\/wp-content\/uploads\/2024\/04\/Festival-Latino-1-696x522.jpeg 696w, https:\/\/peninsula360press.com\/wp-content\/uploads\/2024\/04\/Festival-Latino-1-1068x801.jpeg 1068w\" sizes=\"(max-width: 1600px) 100vw, 1600px\" \/><figcaption id=\"caption-attachment-22992\" class=\"wp-caption-text\">Laura Rubio y Edwin Cuellar, miembros del Comit\u00e9 Latino de East Palo Alto. Foto: Marvin B\u00e1maca P360P<\/figcaption><\/figure>\n<p><b>Sobre el desfile<\/b><\/p>\n<p><span style=\"font-weight: 400;\">El desfile dar\u00e1 inicio a las 11:00 horas, e ira desde el 550 de Bell ST, Palo Alto, finalizando a las 12:00 horas en el Parque Bell Park, donde los asistentes podr\u00e1n convivir y disfrutar de m\u00fasica, comida, y mucha diversi\u00f3n un evento totalmente familiar.\u00a0<\/span><\/p>\n<figure id=\"attachment_22994\" aria-describedby=\"caption-attachment-22994\" style=\"width: 300px\" class=\"wp-caption alignright\"><img loading=\"lazy\" decoding=\"async\" class=\"wp-image-22994 size-medium\" src=\"https:\/\/peninsula360press.com\/wp-content\/uploads\/2024\/04\/Festival-Latino-3-e1713800639572-300x274.jpeg\" alt=\"\" width=\"300\" height=\"274\" srcset=\"https:\/\/peninsula360press.com\/wp-content\/uploads\/2024\/04\/Festival-Latino-3-e1713800639572-300x274.jpeg 300w, https:\/\/peninsula360press.com\/wp-content\/uploads\/2024\/04\/Festival-Latino-3-e1713800639572-768x701.jpeg 768w, https:\/\/peninsula360press.com\/wp-content\/uploads\/2024\/04\/Festival-Latino-3-e1713800639572-13x12.jpeg 13w, https:\/\/peninsula360press.com\/wp-content\/uploads\/2024\/04\/Festival-Latino-3-e1713800639572-150x137.jpeg 150w, https:\/\/peninsula360press.com\/wp-content\/uploads\/2024\/04\/Festival-Latino-3-e1713800639572-696x635.jpeg 696w, https:\/\/peninsula360press.com\/wp-content\/uploads\/2024\/04\/Festival-Latino-3-e1713800639572.jpeg 986w\" sizes=\"(max-width: 300px) 100vw, 300px\" \/><figcaption id=\"caption-attachment-22994\" class=\"wp-caption-text\">Edwin Cuellar, presidente del Comit\u00e9 Latino de EPA, coment\u00f3 que el Festival es un evento que se ha hecho tradici\u00f3n debido a que por muchos a\u00f1os se ha realizado con el mensaje de que \u201cnos podemos divertir sanamente\u201d.\u00a0 Foto: Marvin B\u00e1maca P360P<\/figcaption><\/figure>\n<p><span style=\"font-weight: 400;\">Por su parte, Edwin Cuellar, presidente del Comit\u00e9 Latino de EPA, coment\u00f3 que el Festival es un evento que se ha hecho tradici\u00f3n debido a que por muchos a\u00f1os se ha realizado con el mensaje de que \u201cnos podemos divertir sanamente\u201d.\u00a0<\/span><\/p>\n<p><span style=\"font-weight: 400;\">El objetivo principal, es unir a la comunidad latina en un ambiente familiar, resalt\u00f3.\u00a0<\/span><\/p>\n<p><span style=\"font-weight: 400;\">Cuellar, tambi\u00e9n lanz\u00f3 una invitaci\u00f3n a la comunidad latina para que puedan asistir al desfile y a las actividades por la tarde, adem\u00e1s de mencionar que se contar\u00e1 con la participaci\u00f3n de varios artistas: mariachis y bandas como La Exclusiva, la Raza Obrera, Los Diablos, entre otras sorpresas.\u00a0<\/span><\/p>\n<p><span style=\"font-weight: 400;\">\u201cAgradecemos a todas las personas y organizaciones que se han sumado con su granito de arena para que se realice esta actividad\u201d, destac\u00f3 Edwin Cuellar.<\/span><\/p>\n<p><img loading=\"lazy\" decoding=\"async\" class=\"alignnone wp-image-22996 size-full\" src=\"https:\/\/peninsula360press.com\/wp-content\/uploads\/2024\/04\/Festival-Latino-5.jpeg\" alt=\"\" width=\"1066\" height=\"1600\" srcset=\"https:\/\/peninsula360press.com\/wp-content\/uploads\/2024\/04\/Festival-Latino-5.jpeg 1066w, https:\/\/peninsula360press.com\/wp-content\/uploads\/2024\/04\/Festival-Latino-5-200x300.jpeg 200w, https:\/\/peninsula360press.com\/wp-content\/uploads\/2024\/04\/Festival-Latino-5-682x1024.jpeg 682w, https:\/\/peninsula360press.com\/wp-content\/uploads\/2024\/04\/Festival-Latino-5-768x1153.jpeg 768w, https:\/\/peninsula360press.com\/wp-content\/uploads\/2024\/04\/Festival-Latino-5-1023x1536.jpeg 1023w, https:\/\/peninsula360press.com\/wp-content\/uploads\/2024\/04\/Festival-Latino-5-8x12.jpeg 8w, https:\/\/peninsula360press.com\/wp-content\/uploads\/2024\/04\/Festival-Latino-5-150x225.jpeg 150w, https:\/\/peninsula360press.com\/wp-content\/uploads\/2024\/04\/Festival-Latino-5-300x450.jpeg 300w, https:\/\/peninsula360press.com\/wp-content\/uploads\/2024\/04\/Festival-Latino-5-696x1045.jpeg 696w\" sizes=\"(max-width: 1066px) 100vw, 1066px\" \/><\/p>\n<p><em><strong>Te puede interesar:<\/strong> <a href=\"https:\/\/peninsula360press.com\/es_mx\/festival-de-danzantes-unidos\/\">\u201cGrupos folcl\u00f3ricos son vida y cultura, y no deben perderse\u201d: Blanca Araceli Soto, actriz y productora<\/a><\/em><\/p>\n","protected":false},"excerpt":{"rendered":"<p>Escucha esta nota: &nbsp; Con un ambiente totalmente familiar, este 5 de mayo se celebrar\u00e1 el Festival Latino en East Palo Alto, California, por lo que integrantes del Comit\u00e9 Latino de la ciudad han lanzado la invitaci\u00f3n a la comunidad residente, as\u00ed como de ciudades vecinas, a que se unan a convivir en las diferentes [&hellip;]<\/p>\n","protected":false},"author":48,"featured_media":22993,"comment_status":"open","ping_status":"open","sticky":false,"template":"","format":"standard","meta":{"footnotes":""},"categories":[9,14,7],"tags":[],"class_list":{"0":"post-22991","1":"post","2":"type-post","3":"status-publish","4":"format-standard","5":"has-post-thumbnail","7":"category-community","8":"category-cover","9":"category-events"},"_links":{"self":[{"href":"https:\/\/peninsula360press.com\/es_mx\/wp-json\/wp\/v2\/posts\/22991","targetHints":{"allow":["GET"]}}],"collection":[{"href":"https:\/\/peninsula360press.com\/es_mx\/wp-json\/wp\/v2\/posts"}],"about":[{"href":"https:\/\/peninsula360press.com\/es_mx\/wp-json\/wp\/v2\/types\/post"}],"author":[{"embeddable":true,"href":"https:\/\/peninsula360press.com\/es_mx\/wp-json\/wp\/v2\/users\/48"}],"replies":[{"embeddable":true,"href":"https:\/\/peninsula360press.com\/es_mx\/wp-json\/wp\/v2\/comments?post=22991"}],"version-history":[{"count":4,"href":"https:\/\/peninsula360press.com\/es_mx\/wp-json\/wp\/v2\/posts\/22991\/revisions"}],"predecessor-version":[{"id":23045,"href":"https:\/\/peninsula360press.com\/es_mx\/wp-json\/wp\/v2\/posts\/22991\/revisions\/23045"}],"wp:featuredmedia":[{"embeddable":true,"href":"https:\/\/peninsula360press.com\/es_mx\/wp-json\/wp\/v2\/media\/22993"}],"wp:attachment":[{"href":"https:\/\/peninsula360press.com\/es_mx\/wp-json\/wp\/v2\/media?parent=22991"}],"wp:term":[{"taxonomy":"category","embeddable":true,"href":"https:\/\/peninsula360press.com\/es_mx\/wp-json\/wp\/v2\/categories?post=22991"},{"taxonomy":"post_tag","embeddable":true,"href":"https:\/\/peninsula360press.com\/es_mx\/wp-json\/wp\/v2\/tags?post=22991"}],"curies":[{"name":"wp","href":"https:\/\/api.w.org\/{rel}","templated":true}]}}