{"id":23700,"date":"2024-06-03T00:27:34","date_gmt":"2024-06-03T07:27:34","guid":{"rendered":"https:\/\/peninsula360press.com\/?p=23700"},"modified":"2024-06-03T12:38:56","modified_gmt":"2024-06-03T19:38:56","slug":"primer-mujer-presidente-de-mexico","status":"publish","type":"post","link":"https:\/\/peninsula360press.com\/es_mx\/primer-mujer-presidente-de-mexico\/","title":{"rendered":"\u201cNo llego sola, llego con todas\u201d: Claudia Sheinbaum, primer mujer presidente de M\u00e9xico"},"content":{"rendered":"<figure id=\"attachment_23701\" aria-describedby=\"caption-attachment-23701\" style=\"width: 1600px\" class=\"wp-caption alignnone\"><img fetchpriority=\"high\" decoding=\"async\" class=\"wp-image-23701 size-full\" src=\"https:\/\/peninsula360press.com\/wp-content\/uploads\/2024\/06\/claudia-sheinbaum-3.jpeg\" alt=\"Claudia Sheinbaum, primer mujer presidente de M\u00e9xico\" width=\"1600\" height=\"1600\" srcset=\"https:\/\/peninsula360press.com\/wp-content\/uploads\/2024\/06\/claudia-sheinbaum-3.jpeg 1600w, https:\/\/peninsula360press.com\/wp-content\/uploads\/2024\/06\/claudia-sheinbaum-3-300x300.jpeg 300w, https:\/\/peninsula360press.com\/wp-content\/uploads\/2024\/06\/claudia-sheinbaum-3-1024x1024.jpeg 1024w, https:\/\/peninsula360press.com\/wp-content\/uploads\/2024\/06\/claudia-sheinbaum-3-150x150.jpeg 150w, https:\/\/peninsula360press.com\/wp-content\/uploads\/2024\/06\/claudia-sheinbaum-3-768x768.jpeg 768w, https:\/\/peninsula360press.com\/wp-content\/uploads\/2024\/06\/claudia-sheinbaum-3-12x12.jpeg 12w, https:\/\/peninsula360press.com\/wp-content\/uploads\/2024\/06\/claudia-sheinbaum-3-696x696.jpeg 696w, https:\/\/peninsula360press.com\/wp-content\/uploads\/2024\/06\/claudia-sheinbaum-3-1068x1068.jpeg 1068w, https:\/\/peninsula360press.com\/wp-content\/uploads\/2024\/06\/claudia-sheinbaum-3-560x560.jpeg 560w\" sizes=\"(max-width: 1600px) 100vw, 1600px\" \/><figcaption id=\"caption-attachment-23701\" class=\"wp-caption-text\">En su primer mensaje como virtual primer mujer presidente de M\u00e9xico, Claudia Sheinbaum Pardo, asegur\u00f3 que no llega sola al cargo de mandataria de la Rep\u00fablica Mexicana, sino acompa\u00f1ada por todas \u201cnuestras hero\u00ednas que nos dieron patria, con nuestras ancestras, nuestras madres, nuestras hijas y nuestras nietas\u201d. Foto: <a href=\"https:\/\/x.com\/Claudiashein\" target=\"_blank\" rel=\"noopener\">X @ClaudiaShein<\/a><\/figcaption><\/figure>\n<p>Escucha esta nota:<\/p>\n<audio class=\"wp-audio-shortcode\" id=\"audio-23700-1\" preload=\"none\" style=\"width: 100%;\" controls=\"controls\"><source type=\"audio\/mpeg\" src=\"https:\/\/peninsula360press.com\/wp-content\/uploads\/2024\/06\/Viviana-4181780.mp3?_=1\" \/><a href=\"https:\/\/peninsula360press.com\/wp-content\/uploads\/2024\/06\/Viviana-4181780.mp3\">https:\/\/peninsula360press.com\/wp-content\/uploads\/2024\/06\/Viviana-4181780.mp3<\/a><\/audio>\n<p>&nbsp;<\/p>\n<p><span style=\"font-weight: 400;\">En su primer mensaje como virtual presidente de M\u00e9xico, Claudia Sheinbaum Pardo, asegur\u00f3 que no llega sola al cargo de mandataria de la Rep\u00fablica Mexicana, sino acompa\u00f1ada por todas \u201cnuestras hero\u00ednas que nos dieron patria, con nuestras ancestras, nuestras madres, nuestras hijas y nuestras nietas\u201d.<\/span><\/p>\n<p><span style=\"font-weight: 400;\">Luego de que la consejera presidenta del <a href=\"https:\/\/portal.ine.mx\/#\/\" target=\"_blank\" rel=\"noopener\">Instituto Nacional Electoral (INE)<\/a>, Guadalupe Taddei Zavala, anunciara que Sheinbaum, de la coalici\u00f3n \u201cSigamos haciendo historia\u201d, conformada por Morena, Partido del Trabajo (PT) y Partido Verde Ecologista (PVE) de M\u00e9xico, hab\u00eda obtenido una votaci\u00f3n ubicada entre el 58.3 y el 60.7 por ciento, que la colocan con virtual ganadora a la presidencia de M\u00e9xico, la pr\u00f3xima presidente agradeci\u00f3 el apoyo de las y los mexicanos.<\/span><\/p>\n<p><span style=\"font-weight: 400;\">Sheinbaum asegur\u00f3 que, adem\u00e1s de la presidencia, los resultados preliminares indican que la coalici\u00f3n que representa ha ganado la mayor\u00eda calificada en la C\u00e1mara de Diputados, y probablemente sea igual en la C\u00e1mara de Senadores.<\/span><\/p>\n<p><span style=\"font-weight: 400;\">\u201cQuiero agradecer a millones de mexicanas y mexicanos que decidieron votar por nosotros en esta hist\u00f3rica jornada para avanzar con la cuarta transformaci\u00f3n de la vida p\u00fablica de nuestro hermoso pa\u00eds\u201d, dijo Claudia Sheinbaum. \u201cEs el reconocimiento del pueblo de M\u00e9xico a nuestra historia, a los resultados, a la convicci\u00f3n y a la voluntad, pero, sobre todo, es el reconocimiento del pueblo de M\u00e9xico a nuestro proyecto de naci\u00f3n\u201d.<\/span><\/p>\n<p><span style=\"font-weight: 400;\">La virtual ganadora, agradeci\u00f3 tambi\u00e9n ser la primera mujer presidente en 200 a\u00f1os de historia de la Rep\u00fablica.<\/span><\/p>\n<p><span style=\"font-weight: 400;\">\u201cAgradezco tambi\u00e9n porque, por primera vez en 200 a\u00f1os de la Rep\u00fablica, me convertir\u00e9 en la primera mujer presidenta de M\u00e9xico. Y, como lo he dicho en otras ocasiones, no lleg\u00f3 sola, llegamos todas, con nuestras hero\u00ednas que nos dieron patria, con nuestras ancestras, nuestras madres, nuestras hijas y nuestras nietas\u201d.<\/span><\/p>\n<p><span style=\"font-weight: 400;\">Evidentemente feliz por su triunfo, felicit\u00f3 a los mexicanos por su participaci\u00f3n en la jornada electoral, demostrando que, dijo, \u201cM\u00e9xico es un pa\u00eds democr\u00e1tico con elecciones pac\u00edficas y muy participativas\u201d.<\/span><\/p>\n<p><span style=\"font-weight: 400;\">A su vez, agradeci\u00f3 a la candidata de la coalici\u00f3n \u201cFuerza y Coraz\u00f3n por M\u00e9xico\u201d, X\u00f3chitl G\u00e1lvez, de quien dijo recibi\u00f3 una llamada reconociendo el triunfo, as\u00ed como del candidato de Movimiento ciudadano, Jorge \u00c1lvarez M\u00e1ynez, de quien reconoci\u00f3 su participaci\u00f3n en estas elecciones libres y democr\u00e1ticas.\u00a0<\/span><\/p>\n<p><span style=\"font-weight: 400;\">Claudia Sheinbaum Pardo, asegur\u00f3 que, si bien el disenso forma parte de la democracia y aunque la mayor\u00eda del pueblo respald\u00f3 su proyecto, su deber \u201ces y ser\u00e1 siempre, velar por cada una y cada uno de los mexicanos sin distingos\u201d.<\/span><\/p>\n<p><span style=\"font-weight: 400;\">\u201cAunque muchos mexicanos y mexicanos no coincidan plenamente con nuestro proyecto, habremos de caminar en paz y en armon\u00eda para seguir construyendo un M\u00e9xico justo y m\u00e1s pr\u00f3spero\u201d.\u00a0<\/span><\/p>\n<p><span style=\"font-weight: 400;\">De igual manera, subray\u00f3 que su gobierno \u201cser\u00e1 honesto, sin influyentismo, sin corrupci\u00f3n ni impunidad, ser\u00e1 un gobierno con austeridad republicana, disciplina financiera y fiscal, y de autonom\u00eda del Banco de M\u00e9xico\u201d.<\/span><\/p>\n<p><span style=\"font-weight: 400;\">Al igual que su antecesor, refiri\u00f3 que no habr\u00e1 aumentos reales a los combustibles ni a la electricidad, y que mantendr\u00e1 la obligada divisi\u00f3n entre el poder econ\u00f3mico y el poder pol\u00edtico, defendiendo siempre el inter\u00e9s supremo del pueblo de M\u00e9xico y de la naci\u00f3n.<\/span><\/p>\n<p><span style=\"font-weight: 400;\">En ese sentido, destac\u00f3 que su gobierno actuar\u00e1 apegado a las leyes y al derecho, y se garantizar\u00e1n las libertades de expresi\u00f3n de prensa, de reuni\u00f3n, concentraci\u00f3n y movilizaci\u00f3n.<\/span><\/p>\n<p><span style=\"font-weight: 400;\">\u201cSomos dem\u00f3cratas y, por convicci\u00f3n, nunca har\u00edamos un gobierno autoritario ni represor\u201d, dijo, al tiempo que se respetar\u00e1 la diversidad pol\u00edtica, social, cultural y religiosa, as\u00ed como la diversidad de g\u00e9nero y sexual, mientras que se continuar\u00e1 la lucha contra cualquier forma de discriminaci\u00f3n.<\/span><\/p>\n<p><span style=\"font-weight: 400;\">Por otra parte, se\u00f1al\u00f3 que se respetar\u00e1 la libertad empresarial y se promover\u00e1 y facilitar\u00e1 la inversi\u00f3n privada nacional y extranjera que fomente el bienestar social y el desarrollo regional, garantizando siempre el respeto al medio ambiente.<\/span><\/p>\n<p><span style=\"font-weight: 400;\">Al respecto, puntualiz\u00f3, \u201cdedicaremos, por convicci\u00f3n, el presupuesto p\u00fablico para garantizar todos los programas del bienestar iniciados por el presidente Andr\u00e9s Manuel L\u00f3pez Obrador y tambi\u00e9n todos los programas a los que nos comprometimos\u201d.<\/span><\/p>\n<p><span style=\"font-weight: 400;\">Agreg\u00f3 que se ampliar\u00e1 el acceso a los derechos del pueblo de M\u00e9xico a la educaci\u00f3n, la salud, vivienda, cultura, as\u00ed como la consolidaci\u00f3n de los proyectos estrat\u00e9gicos y la ampliaci\u00f3n de la infraestructura de trenes, carreteras, caminos, puertos y aeropuertos.<\/span><\/p>\n<p><span style=\"font-weight: 400;\">En materia energ\u00e9tica, dijo, se promover\u00e1 la soberan\u00eda energ\u00e9tica, las energ\u00edas renovables y el desarrollo cient\u00edfico y tecnol\u00f3gico.<\/span><\/p>\n<p><span style=\"font-weight: 400;\">La pol\u00edtica exterior, explic\u00f3, estar\u00e1 basada en principios constitucionales de no intervenci\u00f3n, cooperaci\u00f3n internacional para el desarrollo, autodeterminaci\u00f3n de los pueblos y construcci\u00f3n de la paz.<\/span><\/p>\n<p><span style=\"font-weight: 400;\">Con Estados Unidos, precis\u00f3, \u201chabr\u00e1 una relaci\u00f3n de amistad, respeto mutuo e igualdad, como hasta ahora ha sido, y siempre defenderemos a las y los mexicanos que se encuentran del otro lado de la frontera\u201d.\u00a0<\/span><\/p>\n<p><span style=\"font-weight: 400;\">En tanto, con el sur y el Caribe, destac\u00f3 que seguir\u00e1 ampliando las relaciones de amistad, al igual que con todo el mundo.<\/span><\/p>\n<p><span style=\"font-weight: 400;\">\u201cLlevaremos a M\u00e9xico por el camino de la paz y la seguridad, avanzaremos con la atenci\u00f3n a las causas, la consolidaci\u00f3n de la Guardia Nacional, la inteligencia y la investigaci\u00f3n para la seguridad p\u00fablica y la coordinaci\u00f3n de las instituciones de los diferentes poderes y niveles de gobierno, es decir, nuestra pol\u00edtica de seguridad y justicia ser\u00e1n de atenci\u00f3n a las causas y de cero impunidad\u201d, destac\u00f3 en materia de seguridad.<\/span><\/p>\n<p><span style=\"font-weight: 400;\">Finalmente, la virtual presidenta, agradeci\u00f3 las felicitaciones de diversos jefes de Estado y personalidades, en especial al presidente Andr\u00e9s Manuel L\u00f3pez Obrador, por su llamada y el video que publico felicit\u00e1ndola.<\/span><\/p>\n<p><span style=\"font-weight: 400;\">\u201cVamos a seguir haciendo de M\u00e9xico cada d\u00eda un pa\u00eds m\u00e1s justo democr\u00e1tico libre soberano para seguir construyendo la grandeza de nuestra patria. T\u00e9nganlo por seguro que estaremos a la altura de nuestra historia y a la altura del generoso y gran pueblo de M\u00e9xico. Muchas gracias, que viva M\u00e9xico\u201d, finaliz\u00f3.<\/span><\/p>\n<p><em><strong>Te puede interesar:<\/strong> <a href=\"https:\/\/peninsula360press.com\/es_mx\/claudia-sheinbaum-virtual-ganadora\/\">Claudia Sheinbaum Pardo se convierte en virtual ganadora a la presidencia de M\u00e9xico<\/a><\/em><\/p>\n","protected":false},"excerpt":{"rendered":"<p>Escucha esta nota: &nbsp; En su primer mensaje como virtual presidente de M\u00e9xico, Claudia Sheinbaum Pardo, asegur\u00f3 que no llega sola al cargo de mandataria de la Rep\u00fablica Mexicana, sino acompa\u00f1ada por todas \u201cnuestras hero\u00ednas que nos dieron patria, con nuestras ancestras, nuestras madres, nuestras hijas y nuestras nietas\u201d. Luego de que la consejera presidenta [&hellip;]<\/p>\n","protected":false},"author":7,"featured_media":23701,"comment_status":"open","ping_status":"open","sticky":false,"template":"","format":"standard","meta":{"footnotes":""},"categories":[14,8],"tags":[],"class_list":{"0":"post-23700","1":"post","2":"type-post","3":"status-publish","4":"format-standard","5":"has-post-thumbnail","7":"category-cover","8":"category-usworld"},"_links":{"self":[{"href":"https:\/\/peninsula360press.com\/es_mx\/wp-json\/wp\/v2\/posts\/23700","targetHints":{"allow":["GET"]}}],"collection":[{"href":"https:\/\/peninsula360press.com\/es_mx\/wp-json\/wp\/v2\/posts"}],"about":[{"href":"https:\/\/peninsula360press.com\/es_mx\/wp-json\/wp\/v2\/types\/post"}],"author":[{"embeddable":true,"href":"https:\/\/peninsula360press.com\/es_mx\/wp-json\/wp\/v2\/users\/7"}],"replies":[{"embeddable":true,"href":"https:\/\/peninsula360press.com\/es_mx\/wp-json\/wp\/v2\/comments?post=23700"}],"version-history":[{"count":5,"href":"https:\/\/peninsula360press.com\/es_mx\/wp-json\/wp\/v2\/posts\/23700\/revisions"}],"predecessor-version":[{"id":23707,"href":"https:\/\/peninsula360press.com\/es_mx\/wp-json\/wp\/v2\/posts\/23700\/revisions\/23707"}],"wp:featuredmedia":[{"embeddable":true,"href":"https:\/\/peninsula360press.com\/es_mx\/wp-json\/wp\/v2\/media\/23701"}],"wp:attachment":[{"href":"https:\/\/peninsula360press.com\/es_mx\/wp-json\/wp\/v2\/media?parent=23700"}],"wp:term":[{"taxonomy":"category","embeddable":true,"href":"https:\/\/peninsula360press.com\/es_mx\/wp-json\/wp\/v2\/categories?post=23700"},{"taxonomy":"post_tag","embeddable":true,"href":"https:\/\/peninsula360press.com\/es_mx\/wp-json\/wp\/v2\/tags?post=23700"}],"curies":[{"name":"wp","href":"https:\/\/api.w.org\/{rel}","templated":true}]}}