{"id":24655,"date":"2024-07-12T09:35:29","date_gmt":"2024-07-12T16:35:29","guid":{"rendered":"https:\/\/peninsula360press.com\/?p=24655"},"modified":"2024-07-12T12:02:10","modified_gmt":"2024-07-12T19:02:10","slug":"mes-del-orgullo-por-la-discapacidad-2024","status":"publish","type":"post","link":"https:\/\/peninsula360press.com\/es_mx\/mes-del-orgullo-por-la-discapacidad-2024\/","title":{"rendered":"Decretan julio como \u201cMes del Orgullo por la Discapacidad 2024\u201d en California"},"content":{"rendered":"<figure id=\"attachment_24656\" aria-describedby=\"caption-attachment-24656\" style=\"width: 1280px\" class=\"wp-caption alignnone\"><img fetchpriority=\"high\" decoding=\"async\" class=\"wp-image-24656 size-full\" src=\"https:\/\/peninsula360press.com\/wp-content\/uploads\/2024\/07\/discapacidad.png\" alt=\"Decretan julio como Mes del Orgullo por la Discapacidad 2024 en California\" width=\"1280\" height=\"857\" srcset=\"https:\/\/peninsula360press.com\/wp-content\/uploads\/2024\/07\/discapacidad.png 1280w, https:\/\/peninsula360press.com\/wp-content\/uploads\/2024\/07\/discapacidad-300x201.png 300w, https:\/\/peninsula360press.com\/wp-content\/uploads\/2024\/07\/discapacidad-1024x686.png 1024w, https:\/\/peninsula360press.com\/wp-content\/uploads\/2024\/07\/discapacidad-768x514.png 768w, https:\/\/peninsula360press.com\/wp-content\/uploads\/2024\/07\/discapacidad-18x12.png 18w, https:\/\/peninsula360press.com\/wp-content\/uploads\/2024\/07\/discapacidad-150x100.png 150w, https:\/\/peninsula360press.com\/wp-content\/uploads\/2024\/07\/discapacidad-696x466.png 696w, https:\/\/peninsula360press.com\/wp-content\/uploads\/2024\/07\/discapacidad-1068x715.png 1068w\" sizes=\"(max-width: 1280px) 100vw, 1280px\" \/><figcaption id=\"caption-attachment-24656\" class=\"wp-caption-text\">Con m\u00e1s de siete millones de adultos con alguna discapacidad, el gobernador de California, Gavin Newsom, decret\u00f3 este julio como el \u201cMes del Orgullo por la Discapacidad 2024\u201d, reconociendo su contribuci\u00f3n a la diversidad y fortaleza del estado.<\/figcaption><\/figure>\n<p>Escucha esta nota:<\/p>\n<audio class=\"wp-audio-shortcode\" id=\"audio-24655-1\" preload=\"none\" style=\"width: 100%;\" controls=\"controls\"><source type=\"audio\/mpeg\" src=\"https:\/\/peninsula360press.com\/wp-content\/uploads\/2024\/07\/Viviana-4553814.mp3?_=1\" \/><a href=\"https:\/\/peninsula360press.com\/wp-content\/uploads\/2024\/07\/Viviana-4553814.mp3\">https:\/\/peninsula360press.com\/wp-content\/uploads\/2024\/07\/Viviana-4553814.mp3<\/a><\/audio>\n<p>&nbsp;<\/p>\n<p><span style=\"font-weight: 400;\">Con m\u00e1s de siete millones de adultos con alguna discapacidad, el gobernador de California, <a href=\"https:\/\/x.com\/GavinNewsom\" target=\"_blank\" rel=\"noopener\">Gavin Newsom<\/a>, decret\u00f3 este julio como el \u201cMes del Orgullo por la Discapacidad 2024\u201d, reconociendo su contribuci\u00f3n a la diversidad y fortaleza del estado.\u00a0\u00a0<\/span><\/p>\n<p><span style=\"font-weight: 400;\">As\u00ed, California se une a las comunidades de todo el pa\u00eds para reconocer las muchas formas en que las personas que viven con discapacidades, ya sean visibles o invisibles, de movilidad o cognitivas, visuales o auditivas, de aprendizaje o sensoriales, de desarrollo o adquiridas.\u00a0<\/span><\/p>\n<p><span style=\"font-weight: 400;\">El Mes del Orgullo por la Discapacidad, que se celebra en julio, marca el aniversario de la Ley de Estadounidenses con Discapacidades (ADA), un importante hito en materia de derechos civiles que se convirti\u00f3 en ley el 26 de julio de 1990.\u00a0<\/span><\/p>\n<p><span style=\"font-weight: 400;\">Patrocinada por el congresista de California Tony Coelho, la ADA proh\u00edbe la discriminaci\u00f3n contra las personas con discapacidades en todas las \u00e1reas de la vida p\u00fablica, eliminando las barreras al empleo, el transporte, los servicios p\u00fablicos y otras \u00e1reas cr\u00edticas.<\/span><\/p>\n<p><span style=\"font-weight: 400;\">California alberga a m\u00e1s de 7 millones de adultos con discapacidades y brinda servicios en las escuelas a uno de cada siete ni\u00f1os con discapacidades.\u00a0<\/span><\/p>\n<p><span style=\"font-weight: 400;\">\u201cNuestro estado ha sido fundamental durante d\u00e9cadas para impulsar la inclusi\u00f3n e integraci\u00f3n de las personas con discapacidades en todos los aspectos de la vida. Mi administraci\u00f3n est\u00e1 trabajando para ampliar las oportunidades educativas, las opciones de empleo, el acceso a la salud y la atenci\u00f3n domiciliaria, los derechos civiles y la vida en comunidad para las personas de todas las edades con discapacidades\u201d, se\u00f1al\u00f3 Newsom en su decreto.<\/span><\/p>\n<p><span style=\"font-weight: 400;\">El gobernador californiano refiri\u00f3 que el estado tambi\u00e9n contin\u00faa priorizando la accesibilidad de todos los servicios estatales y est\u00e1 profundizando su compromiso con las oportunidades de empleo para las personas con discapacidades dentro del servicio estatal.\u00a0<\/span><\/p>\n<p><span style=\"font-weight: 400;\">\u201cLa diversidad, la equidad, la inclusi\u00f3n y la accesibilidad son partes integrales de nuestro trabajo continuo para construir una California para todos\u201d, dijo Newsom, al tiempo que llamo a reflexionar sobre las contribuciones esenciales de las personas con discapacidades a las comunidades, estado y naci\u00f3n, as\u00ed como a reafirmar el compromiso con sus derechos e independencia.<\/span><\/p>\n<p><em><strong>Te puede interesar:<\/strong> <a href=\"https:\/\/peninsula360press.com\/es_mx\/somos-redwood-city\/\">\u201cSomos Redwood City\u201d: Exposici\u00f3n multimedia en contra de la incitaci\u00f3n al odio<\/a><\/em><\/p>\n","protected":false},"excerpt":{"rendered":"<p>Escucha esta nota: &nbsp; Con m\u00e1s de siete millones de adultos con alguna discapacidad, el gobernador de California, Gavin Newsom, decret\u00f3 este julio como el \u201cMes del Orgullo por la Discapacidad 2024\u201d, reconociendo su contribuci\u00f3n a la diversidad y fortaleza del estado.\u00a0\u00a0 As\u00ed, California se une a las comunidades de todo el pa\u00eds para reconocer [&hellip;]<\/p>\n","protected":false},"author":7,"featured_media":24656,"comment_status":"open","ping_status":"open","sticky":false,"template":"","format":"standard","meta":{"footnotes":""},"categories":[9],"tags":[],"class_list":{"0":"post-24655","1":"post","2":"type-post","3":"status-publish","4":"format-standard","5":"has-post-thumbnail","7":"category-community"},"_links":{"self":[{"href":"https:\/\/peninsula360press.com\/es_mx\/wp-json\/wp\/v2\/posts\/24655","targetHints":{"allow":["GET"]}}],"collection":[{"href":"https:\/\/peninsula360press.com\/es_mx\/wp-json\/wp\/v2\/posts"}],"about":[{"href":"https:\/\/peninsula360press.com\/es_mx\/wp-json\/wp\/v2\/types\/post"}],"author":[{"embeddable":true,"href":"https:\/\/peninsula360press.com\/es_mx\/wp-json\/wp\/v2\/users\/7"}],"replies":[{"embeddable":true,"href":"https:\/\/peninsula360press.com\/es_mx\/wp-json\/wp\/v2\/comments?post=24655"}],"version-history":[{"count":4,"href":"https:\/\/peninsula360press.com\/es_mx\/wp-json\/wp\/v2\/posts\/24655\/revisions"}],"predecessor-version":[{"id":24669,"href":"https:\/\/peninsula360press.com\/es_mx\/wp-json\/wp\/v2\/posts\/24655\/revisions\/24669"}],"wp:featuredmedia":[{"embeddable":true,"href":"https:\/\/peninsula360press.com\/es_mx\/wp-json\/wp\/v2\/media\/24656"}],"wp:attachment":[{"href":"https:\/\/peninsula360press.com\/es_mx\/wp-json\/wp\/v2\/media?parent=24655"}],"wp:term":[{"taxonomy":"category","embeddable":true,"href":"https:\/\/peninsula360press.com\/es_mx\/wp-json\/wp\/v2\/categories?post=24655"},{"taxonomy":"post_tag","embeddable":true,"href":"https:\/\/peninsula360press.com\/es_mx\/wp-json\/wp\/v2\/tags?post=24655"}],"curies":[{"name":"wp","href":"https:\/\/api.w.org\/{rel}","templated":true}]}}