{"id":24799,"date":"2024-07-22T08:56:55","date_gmt":"2024-07-22T15:56:55","guid":{"rendered":"https:\/\/peninsula360press.com\/?p=24799"},"modified":"2024-07-22T11:56:33","modified_gmt":"2024-07-22T18:56:33","slug":"biden-deja-la-carrera-a-la-presidencia","status":"publish","type":"post","link":"https:\/\/peninsula360press.com\/es_mx\/biden-deja-la-carrera-a-la-presidencia\/","title":{"rendered":"Biden deja la carrera a la presidencia y nomina a Kamala Harris para ser la candidata dem\u00f3crata"},"content":{"rendered":"<figure id=\"attachment_24801\" aria-describedby=\"caption-attachment-24801\" style=\"width: 1280px\" class=\"wp-caption alignnone\"><img fetchpriority=\"high\" decoding=\"async\" class=\"wp-image-24801 size-full\" src=\"https:\/\/peninsula360press.com\/wp-content\/uploads\/2024\/07\/Biden-2.png\" alt=\"Biden deja la carrera a la presidencia y nomina a Kamala Harris para ser la candidata dem\u00f3crata\" width=\"1280\" height=\"857\" srcset=\"https:\/\/peninsula360press.com\/wp-content\/uploads\/2024\/07\/Biden-2.png 1280w, https:\/\/peninsula360press.com\/wp-content\/uploads\/2024\/07\/Biden-2-300x201.png 300w, https:\/\/peninsula360press.com\/wp-content\/uploads\/2024\/07\/Biden-2-1024x686.png 1024w, https:\/\/peninsula360press.com\/wp-content\/uploads\/2024\/07\/Biden-2-768x514.png 768w, https:\/\/peninsula360press.com\/wp-content\/uploads\/2024\/07\/Biden-2-18x12.png 18w, https:\/\/peninsula360press.com\/wp-content\/uploads\/2024\/07\/Biden-2-150x100.png 150w, https:\/\/peninsula360press.com\/wp-content\/uploads\/2024\/07\/Biden-2-696x466.png 696w, https:\/\/peninsula360press.com\/wp-content\/uploads\/2024\/07\/Biden-2-1068x715.png 1068w\" sizes=\"(max-width: 1280px) 100vw, 1280px\" \/><figcaption id=\"caption-attachment-24801\" class=\"wp-caption-text\">Luego de una serie de tropiezos en sus conferencias, de las cr\u00edticas por su desempe\u00f1o en el debate que tuvo con Donald Trump hace poco menos de un mes, entre otros asuntos o especulaciones, el presidente Joseph Biden deja la carrera a la presidencia de Estados Unidos y nomina a la vicepresidenta, Kamala Harris.<\/figcaption><\/figure>\n<p>Escucha esta nota:<\/p>\n<audio class=\"wp-audio-shortcode\" id=\"audio-24799-1\" preload=\"none\" style=\"width: 100%;\" controls=\"controls\"><source type=\"audio\/mpeg\" src=\"https:\/\/peninsula360press.com\/wp-content\/uploads\/2024\/07\/Viviana-4646913.mp3?_=1\" \/><a href=\"https:\/\/peninsula360press.com\/wp-content\/uploads\/2024\/07\/Viviana-4646913.mp3\">https:\/\/peninsula360press.com\/wp-content\/uploads\/2024\/07\/Viviana-4646913.mp3<\/a><\/audio>\n<p>&nbsp;<\/p>\n<p><span style=\"font-weight: 400;\">Luego de una serie de tropiezos en sus conferencias, de las cr\u00edticas por su desempe\u00f1o en el debate que tuvo con Donald Trump hace poco menos de un mes, entre otros asuntos o especulaciones, el presidente Joseph Biden dej\u00f3 la carrera a la presidencia de Estados Unidos y nomin\u00f3 a la vicepresidenta, Kamala Harris, para relevarlo en la contienda de noviembre.<\/span><\/p>\n<p><span style=\"font-weight: 400;\">A casi cuatro meses de que se realicen las elecciones presidenciales en Estados Unidos, el partido dem\u00f3crata a\u00fan no ha decidido qui\u00e9n ser\u00e1 el o la contrincante que se enfrente al exmandatario Donald Trump, quien busca un segundo t\u00e9rmino al frente de La Casa Blanca.<\/span><\/p>\n<p><span style=\"font-weight: 400;\">Con un breve mensaje en la red social X, el mandatario dio a conocer lo que ser\u00eda su dimisi\u00f3n a la contienda, ello dijo, para concentrar todas sus energ\u00edas en sus deberes como a\u00fan presidente.<\/span><\/p>\n<blockquote class=\"twitter-tweet\">\n<p dir=\"ltr\" lang=\"en\">My fellow Democrats, I have decided not to accept the nomination and to focus all my energies on my duties as President for the remainder of my term. My very first decision as the party nominee in 2020 was to pick Kamala Harris as my Vice President. And it\u2019s been the best\u2026 <a href=\"https:\/\/t.co\/x8DnvuImJV\">pic.twitter.com\/x8DnvuImJV<\/a><\/p>\n<p>\u2014 Joe Biden (@JoeBiden) <a href=\"https:\/\/twitter.com\/JoeBiden\/status\/1815087772216303933?ref_src=twsrc%5Etfw\" target=\"_blank\" rel=\"noopener\">July 21, 2024<\/a><\/p><\/blockquote>\n<p><script async src=\"https:\/\/platform.twitter.com\/widgets.js\" charset=\"utf-8\"><\/script><\/p>\n<p><span style=\"font-weight: 400;\">\u201cCompa\u00f1eros dem\u00f3cratas, he decidido no aceptar la nominaci\u00f3n y concentrar todas mis energ\u00edas en mis deberes como presidente durante el resto de mi mandato\u201d, escribi\u00f3.<\/span><\/p>\n<p><span style=\"font-weight: 400;\">Ah\u00ed mismo, habl\u00f3 sobre el apoyo a la vicepresidenta Kamala Harris, para ser la abanderada del partido dem\u00f3crata.<\/span><\/p>\n<p><span style=\"font-weight: 400;\">\u201cMi primera decisi\u00f3n como candidato del partido en 2020 fue elegir a Kamala Harris como mi vicepresidenta. Y ha sido la mejor decisi\u00f3n que he tomado. Hoy quiero ofrecer todo mi apoyo y respaldo para que Kamala sea la candidata de nuestro partido este a\u00f1o. Dem\u00f3cratas: es hora de unirse y vencer a Trump. Hag\u00e1moslo\u201d, expres\u00f3.<\/span><\/p>\n<p><span style=\"font-weight: 400;\">Luego del mensaje al partido dem\u00f3crata, el mandatario se dirigi\u00f3 a la ciudadan\u00eda por medio de una carta, donde hizo un recuento de lo alcanzado en los \u00faltimos 3 a\u00f1os y medio al frente del pa\u00eds, destacando la econom\u00eda, inversi\u00f3n y salud, afirmando que \u201cEstados Unidos nunca ha estado posicionado para liderar que hoy\u201d.<\/span><\/p>\n<blockquote class=\"twitter-tweet\">\n<p dir=\"ltr\" lang=\"zxx\"><a href=\"https:\/\/t.co\/RMIRvlSOYw\">pic.twitter.com\/RMIRvlSOYw<\/a><\/p>\n<p>\u2014 Joe Biden (@JoeBiden) <a href=\"https:\/\/twitter.com\/JoeBiden\/status\/1815080881981190320?ref_src=twsrc%5Etfw\" target=\"_blank\" rel=\"noopener\">July 21, 2024<\/a><\/p><\/blockquote>\n<p><script async src=\"https:\/\/platform.twitter.com\/widgets.js\" charset=\"utf-8\"><\/script><\/p>\n<p><span style=\"font-weight: 400;\">A su vez, agradeci\u00f3 a todo el pueblo estadounidense y reconoci\u00f3 el apoyo para superar una pandemia, la peor crisis econ\u00f3mica desde la Gran Depresi\u00f3n, as\u00ed como la protecci\u00f3n y preservaci\u00f3n de la democracia, y la revitalizaci\u00f3n y reforzamiento de las alianzas en todo el mundo.<\/span><\/p>\n<p><b>\u201cHa sido el mayor honor de mi vida servir como su Presidente\u201d, apunt\u00f3, \u201cY aunque mi intenci\u00f3n ha sido buscar la reelecci\u00f3n, creo que lo mejor para mi partido y para el pa\u00eds es que me retire y me centre \u00fanicamente en cumplir con mis obligaciones como Presidente durante el resto de mi mandato\u201d.<\/b><\/p>\n<p><span style=\"font-weight: 400;\">Asimismo, subray\u00f3 que ser\u00e1 a finales de esta semana cuando hable a la Naci\u00f3n con m\u00e1s detalle sobre su decisi\u00f3n.<\/span><\/p>\n<p><span style=\"font-weight: 400;\">Finalmente, en su misiva agradeci\u00f3 a todos aquellos que trabajaron en su relecci\u00f3n, en especial a Kamala Harris, y al pueblo estadounidense por la fe y la confianza depositada en \u00e9l.<\/span><\/p>\n<p><span style=\"font-weight: 400;\">\u201cHoy creo lo que siempre he cre\u00eddo: que no hay nada que Estados Unidos no pueda hacer, cuando lo hacemos juntos. S\u00f3lo tenemos que recordar que somos los Estados Unidos de Am\u00e9rica\u201d, termin\u00f3.<\/span><\/p>\n<p><span style=\"font-weight: 400;\">Cabe destacar que otro nombre que se escucha fuerte para poder sumarse a la contienda por el partido dem\u00f3crata es el de la ex primera dama, Michelle Obama, quien goza de una excelente popularidad por parte del electorado, adem\u00e1s de poseer un gran carisma.<\/span><\/p>\n<p><span style=\"font-weight: 400;\">Hoy, ambas mujeres son tendencia en redes sociales, mientras que analistas pol\u00edticos prev\u00e9n que dentro del partido haya divisi\u00f3n al momento de escoger a la o el candidato que vaya a contender contra Donald Trump, quien tras el atentado que vivi\u00f3, catapult\u00f3 su candidatura.<\/span><\/p>\n<p><span style=\"font-weight: 400;\">Incluso, se\u00f1alan algunos de ellos, la \u00fanica que podr\u00e1 ganar a Donald Trump ser\u00eda la propia Michelle Obama.<\/span><\/p>\n<p><em><strong>Te puede interesar:<\/strong> <a href=\"https:\/\/peninsula360press.com\/es_mx\/elecciones-en-estados-unidos\/\">IA amenaza con desestabilizar pr\u00f3ximas elecciones en Estados Unidos<\/a><\/em><\/p>\n","protected":false},"excerpt":{"rendered":"<p>Escucha esta nota: &nbsp; Luego de una serie de tropiezos en sus conferencias, de las cr\u00edticas por su desempe\u00f1o en el debate que tuvo con Donald Trump hace poco menos de un mes, entre otros asuntos o especulaciones, el presidente Joseph Biden dej\u00f3 la carrera a la presidencia de Estados Unidos y nomin\u00f3 a la [&hellip;]<\/p>\n","protected":false},"author":7,"featured_media":24801,"comment_status":"open","ping_status":"open","sticky":false,"template":"","format":"standard","meta":{"footnotes":""},"categories":[14,8],"tags":[],"class_list":{"0":"post-24799","1":"post","2":"type-post","3":"status-publish","4":"format-standard","5":"has-post-thumbnail","7":"category-cover","8":"category-usworld"},"_links":{"self":[{"href":"https:\/\/peninsula360press.com\/es_mx\/wp-json\/wp\/v2\/posts\/24799","targetHints":{"allow":["GET"]}}],"collection":[{"href":"https:\/\/peninsula360press.com\/es_mx\/wp-json\/wp\/v2\/posts"}],"about":[{"href":"https:\/\/peninsula360press.com\/es_mx\/wp-json\/wp\/v2\/types\/post"}],"author":[{"embeddable":true,"href":"https:\/\/peninsula360press.com\/es_mx\/wp-json\/wp\/v2\/users\/7"}],"replies":[{"embeddable":true,"href":"https:\/\/peninsula360press.com\/es_mx\/wp-json\/wp\/v2\/comments?post=24799"}],"version-history":[{"count":4,"href":"https:\/\/peninsula360press.com\/es_mx\/wp-json\/wp\/v2\/posts\/24799\/revisions"}],"predecessor-version":[{"id":24806,"href":"https:\/\/peninsula360press.com\/es_mx\/wp-json\/wp\/v2\/posts\/24799\/revisions\/24806"}],"wp:featuredmedia":[{"embeddable":true,"href":"https:\/\/peninsula360press.com\/es_mx\/wp-json\/wp\/v2\/media\/24801"}],"wp:attachment":[{"href":"https:\/\/peninsula360press.com\/es_mx\/wp-json\/wp\/v2\/media?parent=24799"}],"wp:term":[{"taxonomy":"category","embeddable":true,"href":"https:\/\/peninsula360press.com\/es_mx\/wp-json\/wp\/v2\/categories?post=24799"},{"taxonomy":"post_tag","embeddable":true,"href":"https:\/\/peninsula360press.com\/es_mx\/wp-json\/wp\/v2\/tags?post=24799"}],"curies":[{"name":"wp","href":"https:\/\/api.w.org\/{rel}","templated":true}]}}