{"id":2544,"date":"2020-11-17T02:45:15","date_gmt":"2020-11-17T02:45:15","guid":{"rendered":"https:\/\/peninsula360press.com\/?p=2544"},"modified":"2021-10-11T07:59:50","modified_gmt":"2021-10-11T14:59:50","slug":"biden-mas-personas-pueden-morir-si-no-nos-coordinamos","status":"publish","type":"post","link":"https:\/\/peninsula360press.com\/es_mx\/biden-mas-personas-pueden-morir-si-no-nos-coordinamos\/","title":{"rendered":"Biden: M\u00e1s personas pueden morir si no nos coordinamos"},"content":{"rendered":"\n<figure class=\"wp-block-image size-large\"><img fetchpriority=\"high\" decoding=\"async\" width=\"1024\" height=\"573\" src=\"https:\/\/peninsula360press.com\/wp-content\/uploads\/2020\/11\/Captura-de-Pantalla-2020-11-16-a-las-20.41.51-1-1024x573.png\" alt=\"\" class=\"wp-image-2547\" srcset=\"https:\/\/peninsula360press.com\/wp-content\/uploads\/2020\/11\/Captura-de-Pantalla-2020-11-16-a-las-20.41.51-1-1024x573.png 1024w, https:\/\/peninsula360press.com\/wp-content\/uploads\/2020\/11\/Captura-de-Pantalla-2020-11-16-a-las-20.41.51-1-300x168.png 300w, https:\/\/peninsula360press.com\/wp-content\/uploads\/2020\/11\/Captura-de-Pantalla-2020-11-16-a-las-20.41.51-1-768x430.png 768w, https:\/\/peninsula360press.com\/wp-content\/uploads\/2020\/11\/Captura-de-Pantalla-2020-11-16-a-las-20.41.51-1-16x9.png 16w, https:\/\/peninsula360press.com\/wp-content\/uploads\/2020\/11\/Captura-de-Pantalla-2020-11-16-a-las-20.41.51-1-450x252.png 450w, https:\/\/peninsula360press.com\/wp-content\/uploads\/2020\/11\/Captura-de-Pantalla-2020-11-16-a-las-20.41.51-1-780x437.png 780w\" sizes=\"(max-width: 1024px) 100vw, 1024px\" \/><figcaption>Oficina del Presidente Electo<\/figcaption><\/figure>\n\n\n\n<h5 class=\"wp-block-heading\">Pen\u00ednsula 360 Press [P360].<\/h5>\n\n\n\n<p>El <a href=\"https:\/\/peninsula360press.com\/usworld\/joseph-r-biden-jr-es-electo-presidente-de-los-ee-uu\/\">presidente electo de EE. UU., Joe Biden<\/a>, asegur\u00f3 que, si el gobierno actual no se coordina con el que est\u00e1 por entrar el 20 de enero, y el cual encabeza, \u00abm\u00e1s gente puede morir\u00bb debido a la pandemia por COVID-19, situaci\u00f3n que puede esperar hasta el 20 de enero, cuando se lleve a cabo la transici\u00f3n de administraci\u00f3n.<\/p>\n\n\n\n<p>En conferencia de prensa, el dem\u00f3crata, <a href=\"https:\/\/peninsula360press.com\/usworld\/joseph-r-biden-jr-es-electo-presidente-de-los-ee-uu\/\">que ganara las elecciones el pasado 7 de enero<\/a>, destac\u00f3 que, si bien la vacuna es importante, \u00abno sirve de mucho si no se vacuna a la gente\u00bb.<\/p>\n\n\n\n<p>\u00ab\u00bfC\u00f3mo se puede vacunar a 300 millones estadounidenses? \u00bfCu\u00e1l es el plan? Es una tarea tit\u00e1nica el hacer esto, y dar doble prioridad a quienes m\u00e1s lo necesitan, colaborando con la OMS \u2013Organizaci\u00f3n Mundial de la Salud\u2013 y el resto del mundo en este proceso\u00bb, subray\u00f3.<\/p>\n\n\n\n<p>A su vez, Biden destac\u00f3 que no s\u00f3lo es cuesti\u00f3n de tener la vacuna, sino de tener un plan para distribuirlas.<\/p>\n\n\n\n<p>\u00abSi tememos que esperar hasta el 20 de enero para ponerlo en acci\u00f3n, eso nos pondr\u00eda casi mes y medio a la saga, as\u00ed que es importante que esto se haga con coordinaci\u00f3n desde ahora\u00bb, puntualiz\u00f3.<\/p>\n\n\n\n<p>En ese sentido, el presidente electo twitte\u00f3 por la tarde y se\u00f1al\u00f3 que \u00aben este momento, el Congreso deber\u00eda unirse y aprobar en paquete de ayuda COVID-19, como la Ley H\u00c9ROES, que la C\u00e1mara aprob\u00f3 hace seis meses\u00bb.<\/p>\n\n\n\n<figure class=\"wp-block-embed is-type-rich is-provider-twitter wp-block-embed-twitter\"><div class=\"wp-block-embed__wrapper\">\n<blockquote class=\"twitter-tweet\" data-width=\"550\" data-dnt=\"true\"><p lang=\"en\" dir=\"ltr\">Right now, Congress should come together and pass a COVID relief package like the HEROES Act that the House passed six months ago. Once we shut down the virus and deliver economic relief to workers and businesses, then we can build back better than ever before.<\/p>&mdash; Joe Biden (@JoeBiden) <a href=\"https:\/\/twitter.com\/JoeBiden\/status\/1328461593848397827?ref_src=twsrc%5Etfw\" target=\"_blank\" rel=\"noopener\">November 16, 2020<\/a><\/blockquote><script async src=\"https:\/\/platform.twitter.com\/widgets.js\" charset=\"utf-8\"><\/script>\n<\/div><\/figure>\n\n\n\n<div class=\"wp-block-group\"><div class=\"wp-block-group__inner-container is-layout-flow wp-block-group-is-layout-flow\">\n<p>Y agreg\u00f3 que \u00abuna vez que apaguemos el virus y brindemos alivio econ\u00f3mico a los trabajadores y empresas, podremos reconstruir mejor que nunca\u00bb.<\/p>\n\n\n\n<p>Cabe destacar que, por la ma\u00f1ana, Biden record\u00f3 a trav\u00e9s de Twitter que, si bien es una gran noticia avances positivos sobre una segunda vacuna, a\u00fan estamos a meses de distancia de llegar a ella.<\/p>\n\n\n\n<figure class=\"wp-block-embed is-type-rich is-provider-twitter wp-block-embed-twitter\"><div class=\"wp-block-embed__wrapper\">\n<blockquote class=\"twitter-tweet\" data-width=\"550\" data-dnt=\"true\"><p lang=\"en\" dir=\"ltr\">Once again, I congratulate the brilliant women and men who produced this breakthrough and have brought us one step closer to beating this virus. I am also thankful for the frontline workers who are still confronting the virus around the clock.<\/p>&mdash; Joe Biden (@JoeBiden) <a href=\"https:\/\/twitter.com\/JoeBiden\/status\/1328338891544387585?ref_src=twsrc%5Etfw\" target=\"_blank\" rel=\"noopener\">November 16, 2020<\/a><\/blockquote><script async src=\"https:\/\/platform.twitter.com\/widgets.js\" charset=\"utf-8\"><\/script>\n<\/div><\/figure>\n\n\n\n<p>A\u00fan debe seguirse ejerciendo el distanciamiento social y el uso de tapabocas para controlar el virus.<\/p>\n\n\n\n<p>Sin embargo, el a\u00fan mandatario, Donald Trump, continua sin admitir su derrota, situaci\u00f3n que no permite que establecer un di\u00e1logo con el equipo de transici\u00f3n del presidente electo, Joe Biden, y con ello, no se tengan acciones contundentes para detener la pandemia que hasta el momento ha dejado m\u00e1s de 11.2 millones de personas contagiadas y m\u00e1s de 246 mil muertes.<\/p>\n<\/div><\/div>\n","protected":false},"excerpt":{"rendered":"<p>Pen\u00ednsula 360 Press [P360]. El presidente electo de EE. UU., Joe Biden, asegur\u00f3 que, si el gobierno actual no se coordina con el que est\u00e1 por entrar el 20 de enero, y el cual encabeza, \u00abm\u00e1s gente puede morir\u00bb debido a la pandemia por COVID-19, situaci\u00f3n que puede esperar hasta el 20 de enero, cuando [&hellip;]<\/p>\n","protected":false},"author":4,"featured_media":2546,"comment_status":"open","ping_status":"open","sticky":false,"template":"","format":"standard","meta":{"footnotes":""},"categories":[12,14,8],"tags":[273],"class_list":{"0":"post-2544","1":"post","2":"type-post","3":"status-publish","4":"format-standard","5":"has-post-thumbnail","7":"category-health","8":"category-cover","9":"category-usworld","10":"tag-ccj"},"_links":{"self":[{"href":"https:\/\/peninsula360press.com\/es_mx\/wp-json\/wp\/v2\/posts\/2544","targetHints":{"allow":["GET"]}}],"collection":[{"href":"https:\/\/peninsula360press.com\/es_mx\/wp-json\/wp\/v2\/posts"}],"about":[{"href":"https:\/\/peninsula360press.com\/es_mx\/wp-json\/wp\/v2\/types\/post"}],"author":[{"embeddable":true,"href":"https:\/\/peninsula360press.com\/es_mx\/wp-json\/wp\/v2\/users\/4"}],"replies":[{"embeddable":true,"href":"https:\/\/peninsula360press.com\/es_mx\/wp-json\/wp\/v2\/comments?post=2544"}],"version-history":[{"count":2,"href":"https:\/\/peninsula360press.com\/es_mx\/wp-json\/wp\/v2\/posts\/2544\/revisions"}],"predecessor-version":[{"id":7545,"href":"https:\/\/peninsula360press.com\/es_mx\/wp-json\/wp\/v2\/posts\/2544\/revisions\/7545"}],"wp:featuredmedia":[{"embeddable":true,"href":"https:\/\/peninsula360press.com\/es_mx\/wp-json\/wp\/v2\/media\/2546"}],"wp:attachment":[{"href":"https:\/\/peninsula360press.com\/es_mx\/wp-json\/wp\/v2\/media?parent=2544"}],"wp:term":[{"taxonomy":"category","embeddable":true,"href":"https:\/\/peninsula360press.com\/es_mx\/wp-json\/wp\/v2\/categories?post=2544"},{"taxonomy":"post_tag","embeddable":true,"href":"https:\/\/peninsula360press.com\/es_mx\/wp-json\/wp\/v2\/tags?post=2544"}],"curies":[{"name":"wp","href":"https:\/\/api.w.org\/{rel}","templated":true}]}}