{"id":25514,"date":"2024-09-04T13:21:07","date_gmt":"2024-09-04T20:21:07","guid":{"rendered":"https:\/\/peninsula360press.com\/?p=25514"},"modified":"2024-09-05T18:05:45","modified_gmt":"2024-09-06T01:05:45","slug":"fiestas-patrias","status":"publish","type":"post","link":"https:\/\/peninsula360press.com\/es_mx\/fiestas-patrias\/","title":{"rendered":"Redwood City alista todo para Fiestas Patrias"},"content":{"rendered":"<figure id=\"attachment_20037\" aria-describedby=\"caption-attachment-20037\" style=\"width: 1600px\" class=\"wp-caption alignnone\"><img fetchpriority=\"high\" decoding=\"async\" class=\"wp-image-20037 size-full\" src=\"https:\/\/peninsula360press.com\/wp-content\/uploads\/2023\/09\/Fiestas-patrias-RWC-2023-13.jpeg\" alt=\"Redwood City alista todo para Fiestas Patrias\" width=\"1600\" height=\"1066\" srcset=\"https:\/\/peninsula360press.com\/wp-content\/uploads\/2023\/09\/Fiestas-patrias-RWC-2023-13.jpeg 1600w, https:\/\/peninsula360press.com\/wp-content\/uploads\/2023\/09\/Fiestas-patrias-RWC-2023-13-300x200.jpeg 300w, https:\/\/peninsula360press.com\/wp-content\/uploads\/2023\/09\/Fiestas-patrias-RWC-2023-13-1024x682.jpeg 1024w, https:\/\/peninsula360press.com\/wp-content\/uploads\/2023\/09\/Fiestas-patrias-RWC-2023-13-768x512.jpeg 768w, https:\/\/peninsula360press.com\/wp-content\/uploads\/2023\/09\/Fiestas-patrias-RWC-2023-13-18x12.jpeg 18w, https:\/\/peninsula360press.com\/wp-content\/uploads\/2023\/09\/Fiestas-patrias-RWC-2023-13-150x100.jpeg 150w, https:\/\/peninsula360press.com\/wp-content\/uploads\/2023\/09\/Fiestas-patrias-RWC-2023-13-696x464.jpeg 696w, https:\/\/peninsula360press.com\/wp-content\/uploads\/2023\/09\/Fiestas-patrias-RWC-2023-13-1068x712.jpeg 1068w\" sizes=\"(max-width: 1600px) 100vw, 1600px\" \/><figcaption id=\"caption-attachment-20037\" class=\"wp-caption-text\">Redwood City ya se prepara para celebrar las Fiestas Patrias, un festejo de muchos pa\u00edses latinoamericanos y la conmemoraci\u00f3n de la Independencia de M\u00e9xico, donde se espera acudan personas de toda el \u00c1rea de la Bah\u00eda para disfrutar entre m\u00fasica, espect\u00e1culos, comida y diversas actividades. Foto: Fiestas Patrias 2023 en Redwood City P360P<\/figcaption><\/figure>\n<p><span style=\"font-size: 10pt;\"><em>[Estamos en WhatsApp.\u00a0<a href=\"https:\/\/whatsapp.com\/channel\/0029VaKsQjT5K3zOISbFea2Q\" target=\"_blank\" rel=\"noopener\">Empieza a seguirnos ahora<\/a>]<\/em><\/span><\/p>\n<p>Escucha esta nota:<\/p>\n<audio class=\"wp-audio-shortcode\" id=\"audio-25514-1\" preload=\"none\" style=\"width: 100%;\" controls=\"controls\"><source type=\"audio\/mpeg\" src=\"https:\/\/peninsula360press.com\/wp-content\/uploads\/2024\/09\/Viviana-5084503.mp3?_=1\" \/><a href=\"https:\/\/peninsula360press.com\/wp-content\/uploads\/2024\/09\/Viviana-5084503.mp3\">https:\/\/peninsula360press.com\/wp-content\/uploads\/2024\/09\/Viviana-5084503.mp3<\/a><\/audio>\n<p>&nbsp;<\/p>\n<p><span style=\"font-weight: 400;\">Redwood City ya se prepara para celebrar las Fiestas Patrias, un festejo de muchos pa\u00edses latinoamericanos y la conmemoraci\u00f3n de la Independencia de M\u00e9xico, donde se espera acudan personas de toda el \u00c1rea de la Bah\u00eda para disfrutar entre m\u00fasica, espect\u00e1culos, comida y diversas actividades.\u00a0<\/span><\/p>\n<p><span style=\"font-weight: 400;\">El evento que se llevar\u00e1 a cabo el domingo 15 de septiembre de 15:00 a 20:00 horas en Courthouse Square, localizado en el 2200 de Broadway, contar\u00e1 con aut\u00e9ntica comida mexicana, vendedores de artesan\u00eda y una tradicional Ceremonia de la Bandera dirigida por la c\u00f3nsul general de M\u00e9xico, Ana Luisa Vallejo Barba.<\/span><\/p>\n<p><span style=\"font-weight: 400;\">La plaza se llenar\u00e1 de coloridos y glamurosos bailes de Ballet Folkl\u00f3rico, m\u00fasica de mariachi en directo, zona infantil y actuaciones musicales en directo, \u00a1incluido el cabeza de cartel, Las F\u00e9nix!<\/span><\/p>\n<p><span style=\"font-weight: 400;\">Cabe destacar que esta es una celebraci\u00f3n comunitaria gratuita.<\/span><\/p>\n<p><b>Programa del evento\u00a0<\/b><\/p>\n<p><span style=\"font-weight: 400;\">15:00-15:30 horas <\/span> <span style=\"font-weight: 400;\">Actuaci\u00f3n Cultural Casa C\u00edrculo<\/span><\/p>\n<p><span style=\"font-weight: 400;\">15:30-16:30 horas <\/span> <span style=\"font-weight: 400;\">Mariachi<\/span><\/p>\n<p><span style=\"font-weight: 400;\">16:30-17:15 horas <\/span> <span style=\"font-weight: 400;\">Gabriela Sep\u00falveda<\/span><\/p>\n<p><span style=\"font-weight: 400;\">17:20-18:00 horas <\/span> <span style=\"font-weight: 400;\">Ballet Folkl\u00f3rico M\u00e9xico Vivo<\/span><\/p>\n<p><span style=\"font-weight: 400;\">18:00-18:30 horas <\/span> <span style=\"font-weight: 400;\">Ceremonia de Bandera, Consulado General de M\u00e9xico en San Francisco<\/span><\/p>\n<p><span style=\"font-weight: 400;\">18:30-20:00 horas <\/span> <span style=\"font-weight: 400;\">Las F\u00e9nix<\/span><\/p>\n<p><span style=\"font-weight: 400;\">Cabe destacar que la bandera mexicana ser\u00e1 izada por segundo a\u00f1o consecutivo justo antes del evento de Fiestas Patrias.<br \/>\n<\/span><\/p>\n<p><img decoding=\"async\" class=\"alignnone wp-image-25515 size-full\" src=\"https:\/\/peninsula360press.com\/wp-content\/uploads\/2024\/09\/Fiestas-Patrias-2024.jpeg\" alt=\"\" width=\"1057\" height=\"1600\" srcset=\"https:\/\/peninsula360press.com\/wp-content\/uploads\/2024\/09\/Fiestas-Patrias-2024.jpeg 1057w, https:\/\/peninsula360press.com\/wp-content\/uploads\/2024\/09\/Fiestas-Patrias-2024-198x300.jpeg 198w, https:\/\/peninsula360press.com\/wp-content\/uploads\/2024\/09\/Fiestas-Patrias-2024-676x1024.jpeg 676w, https:\/\/peninsula360press.com\/wp-content\/uploads\/2024\/09\/Fiestas-Patrias-2024-768x1163.jpeg 768w, https:\/\/peninsula360press.com\/wp-content\/uploads\/2024\/09\/Fiestas-Patrias-2024-1015x1536.jpeg 1015w, https:\/\/peninsula360press.com\/wp-content\/uploads\/2024\/09\/Fiestas-Patrias-2024-8x12.jpeg 8w, https:\/\/peninsula360press.com\/wp-content\/uploads\/2024\/09\/Fiestas-Patrias-2024-150x227.jpeg 150w, https:\/\/peninsula360press.com\/wp-content\/uploads\/2024\/09\/Fiestas-Patrias-2024-300x454.jpeg 300w, https:\/\/peninsula360press.com\/wp-content\/uploads\/2024\/09\/Fiestas-Patrias-2024-696x1054.jpeg 696w\" sizes=\"(max-width: 1057px) 100vw, 1057px\" \/><\/p>\n<p><em><strong>Te puede interesar:<\/strong> <a href=\"https:\/\/peninsula360press.com\/es_mx\/tertulia-latinoamericana\/\">Tertulia Latinoamericana Promueve Coalici\u00f3n para el Voto<\/a><\/em><\/p>\n","protected":false},"excerpt":{"rendered":"<p>[Estamos en WhatsApp.\u00a0Empieza a seguirnos ahora] Escucha esta nota: &nbsp; Redwood City ya se prepara para celebrar las Fiestas Patrias, un festejo de muchos pa\u00edses latinoamericanos y la conmemoraci\u00f3n de la Independencia de M\u00e9xico, donde se espera acudan personas de toda el \u00c1rea de la Bah\u00eda para disfrutar entre m\u00fasica, espect\u00e1culos, comida y diversas actividades.\u00a0 [&hellip;]<\/p>\n","protected":false},"author":7,"featured_media":20037,"comment_status":"open","ping_status":"open","sticky":false,"template":"","format":"standard","meta":{"footnotes":""},"categories":[9,14],"tags":[],"class_list":{"0":"post-25514","1":"post","2":"type-post","3":"status-publish","4":"format-standard","5":"has-post-thumbnail","7":"category-community","8":"category-cover"},"_links":{"self":[{"href":"https:\/\/peninsula360press.com\/es_mx\/wp-json\/wp\/v2\/posts\/25514","targetHints":{"allow":["GET"]}}],"collection":[{"href":"https:\/\/peninsula360press.com\/es_mx\/wp-json\/wp\/v2\/posts"}],"about":[{"href":"https:\/\/peninsula360press.com\/es_mx\/wp-json\/wp\/v2\/types\/post"}],"author":[{"embeddable":true,"href":"https:\/\/peninsula360press.com\/es_mx\/wp-json\/wp\/v2\/users\/7"}],"replies":[{"embeddable":true,"href":"https:\/\/peninsula360press.com\/es_mx\/wp-json\/wp\/v2\/comments?post=25514"}],"version-history":[{"count":3,"href":"https:\/\/peninsula360press.com\/es_mx\/wp-json\/wp\/v2\/posts\/25514\/revisions"}],"predecessor-version":[{"id":25531,"href":"https:\/\/peninsula360press.com\/es_mx\/wp-json\/wp\/v2\/posts\/25514\/revisions\/25531"}],"wp:featuredmedia":[{"embeddable":true,"href":"https:\/\/peninsula360press.com\/es_mx\/wp-json\/wp\/v2\/media\/20037"}],"wp:attachment":[{"href":"https:\/\/peninsula360press.com\/es_mx\/wp-json\/wp\/v2\/media?parent=25514"}],"wp:term":[{"taxonomy":"category","embeddable":true,"href":"https:\/\/peninsula360press.com\/es_mx\/wp-json\/wp\/v2\/categories?post=25514"},{"taxonomy":"post_tag","embeddable":true,"href":"https:\/\/peninsula360press.com\/es_mx\/wp-json\/wp\/v2\/tags?post=25514"}],"curies":[{"name":"wp","href":"https:\/\/api.w.org\/{rel}","templated":true}]}}