{"id":2591,"date":"2020-11-19T02:02:51","date_gmt":"2020-11-19T02:02:51","guid":{"rendered":"https:\/\/peninsula360press.com\/?p=2591"},"modified":"2021-02-05T09:57:26","modified_gmt":"2021-02-05T17:57:26","slug":"festival-gabo-siguen-las-historias","status":"publish","type":"post","link":"https:\/\/peninsula360press.com\/es_mx\/festival-gabo-siguen-las-historias\/","title":{"rendered":"Festival Gabo: siguen las historias"},"content":{"rendered":"\n<figure class=\"wp-block-image size-large\"><img fetchpriority=\"high\" decoding=\"async\" width=\"1024\" height=\"684\" src=\"https:\/\/peninsula360press.com\/wp-content\/uploads\/2020\/11\/IMG-WEB_Clase-magistral-1-1024x684.jpg\" alt=\"\" class=\"wp-image-2592\" srcset=\"https:\/\/peninsula360press.com\/wp-content\/uploads\/2020\/11\/IMG-WEB_Clase-magistral-1-1024x684.jpg 1024w, https:\/\/peninsula360press.com\/wp-content\/uploads\/2020\/11\/IMG-WEB_Clase-magistral-1-300x200.jpg 300w, https:\/\/peninsula360press.com\/wp-content\/uploads\/2020\/11\/IMG-WEB_Clase-magistral-1-768x513.jpg 768w, https:\/\/peninsula360press.com\/wp-content\/uploads\/2020\/11\/IMG-WEB_Clase-magistral-1-16x12.jpg 16w, https:\/\/peninsula360press.com\/wp-content\/uploads\/2020\/11\/IMG-WEB_Clase-magistral-1-450x300.jpg 450w, https:\/\/peninsula360press.com\/wp-content\/uploads\/2020\/11\/IMG-WEB_Clase-magistral-1-780x521.jpg 780w, https:\/\/peninsula360press.com\/wp-content\/uploads\/2020\/11\/IMG-WEB_Clase-magistral-1.jpg 1200w\" sizes=\"(max-width: 1024px) 100vw, 1024px\" \/><\/figure>\n\n\n\n<h5 class=\"wp-block-heading\">Cristian Carlos. Pen\u00ednsula 360 Press [P360P]<\/h5>\n\n\n\n<p>Con el lema: \u00abSiguen las historias\u00bb, en esta ocasi\u00f3n, y de manera virtual, se llevar\u00e1 a cabo al octava edici\u00f3n del Festival Gabo por la Fundaci\u00f3n Gabo, una instituci\u00f3n creada por el periodista y Nobel de Literatura colombiano Gabriel Garc\u00eda M\u00e1rquez.<\/p>\n\n\n\n<p>Su misi\u00f3n, se\u00f1alan, \u00abes promover un mejor periodismo y el est\u00edmulo de la creatividad, con \u00e9nfasis en el m\u00e9todo de taller y en la memoria de nuestro fundador. Lo hacemos a trav\u00e9s de iniciativas como el Taller de periodismo, el Festival Gabo\u00bb, entre otros.<\/p>\n\n\n\n<p>De acuerdo a la fundaci\u00f3n, esta es \u00abla gran celebraci\u00f3n del periodismo iberoamericano\u00bb; que, a\u00f1o con a\u00f1o, se lleva a cabo en Medell\u00edn, Colombia. All\u00ed, se honra a finalistas y ganadores del Premio Gabo. \u00abEl Festival Gabo es posible gracias a una alianza p\u00fablico-privada conformada por la Fundaci\u00f3n Gabo junto a la Alcald\u00eda de Medell\u00edn y los grupos Bancolombia y Sura con sus filiales en Am\u00e9rica Latina\u00bb, se\u00f1ala la fundaci\u00f3n.<\/p>\n\n\n\n<p>Para esta edici\u00f3n se cuentan con dos invitados de honor: <a href=\"https:\/\/festivalgabo.us15.list-manage.com\/track\/click?u=ec514c38a205e3a02fc8d3a59&amp;id=0280c6e764&amp;e=28eaa36429\" target=\"_blank\" rel=\"noopener\">Benjamin Moser<\/a>, ganador del Premio Pulitzer 2020 por\u00a0<em>Sontag: Her Life and Work<\/em>, inspirado en el trabajo de Susan Sontag. Y\u00a0<a href=\"https:\/\/festivalgabo.us15.list-manage.com\/track\/click?u=ec514c38a205e3a02fc8d3a59&amp;id=07cbe18d5c&amp;e=28eaa36429\" target=\"_blank\" rel=\"noopener\">Alessandro Baricco<\/a>, fil\u00f3sofo y escritor, autor del ensayo\u00a0<em>Los b\u00e1rbaros<\/em>, y\u00a0<em>The Game<\/em>, un libro que, mencionan, \u00abprofundiza sobre el impacto de la revoluci\u00f3n digital en el pensamiento humanista y la cultura en general\u00bb.<\/p>\n\n\n\n<p>Adem\u00e1s, el Festival Gabo contar\u00e1 con diez clases maestras y dos charlas \u2013todas gratuitas\u2013 que incluyen a personalidades del intelecto contempor\u00e1neo de Iberoam\u00e9rica y EE. UU. No olvides inscribirte en el sitio web del Festival Gabo: <a href=\"https:\/\/premioggm.org\/noticias\/2020\/11\/inscribete-a-las-clases-magistrales-del-festival-gabo-no8\/\" target=\"_blank\" rel=\"noopener\">https:\/\/premioggm.org\/noticias\/2020\/11\/inscribete-a-las-clases-magistrales-del-festival-gabo-no8\/<\/a><\/p>\n\n\n\n<p><\/p>\n","protected":false},"excerpt":{"rendered":"<p>Cristian Carlos. Pen\u00ednsula 360 Press [P360P] Con el lema: \u00abSiguen las historias\u00bb, en esta ocasi\u00f3n, y de manera virtual, se llevar\u00e1 a cabo al octava edici\u00f3n del Festival Gabo por la Fundaci\u00f3n Gabo, una instituci\u00f3n creada por el periodista y Nobel de Literatura colombiano Gabriel Garc\u00eda M\u00e1rquez. Su misi\u00f3n, se\u00f1alan, \u00abes promover un mejor periodismo [&hellip;]<\/p>\n","protected":false},"author":4,"featured_media":2593,"comment_status":"open","ping_status":"open","sticky":false,"template":"","format":"standard","meta":{"footnotes":""},"categories":[14,11,7],"tags":[273],"class_list":{"0":"post-2591","1":"post","2":"type-post","3":"status-publish","4":"format-standard","5":"has-post-thumbnail","7":"category-cover","8":"category-culture","9":"category-events","10":"tag-ccj"},"_links":{"self":[{"href":"https:\/\/peninsula360press.com\/es_mx\/wp-json\/wp\/v2\/posts\/2591","targetHints":{"allow":["GET"]}}],"collection":[{"href":"https:\/\/peninsula360press.com\/es_mx\/wp-json\/wp\/v2\/posts"}],"about":[{"href":"https:\/\/peninsula360press.com\/es_mx\/wp-json\/wp\/v2\/types\/post"}],"author":[{"embeddable":true,"href":"https:\/\/peninsula360press.com\/es_mx\/wp-json\/wp\/v2\/users\/4"}],"replies":[{"embeddable":true,"href":"https:\/\/peninsula360press.com\/es_mx\/wp-json\/wp\/v2\/comments?post=2591"}],"version-history":[{"count":1,"href":"https:\/\/peninsula360press.com\/es_mx\/wp-json\/wp\/v2\/posts\/2591\/revisions"}],"predecessor-version":[{"id":2594,"href":"https:\/\/peninsula360press.com\/es_mx\/wp-json\/wp\/v2\/posts\/2591\/revisions\/2594"}],"wp:featuredmedia":[{"embeddable":true,"href":"https:\/\/peninsula360press.com\/es_mx\/wp-json\/wp\/v2\/media\/2593"}],"wp:attachment":[{"href":"https:\/\/peninsula360press.com\/es_mx\/wp-json\/wp\/v2\/media?parent=2591"}],"wp:term":[{"taxonomy":"category","embeddable":true,"href":"https:\/\/peninsula360press.com\/es_mx\/wp-json\/wp\/v2\/categories?post=2591"},{"taxonomy":"post_tag","embeddable":true,"href":"https:\/\/peninsula360press.com\/es_mx\/wp-json\/wp\/v2\/tags?post=2591"}],"curies":[{"name":"wp","href":"https:\/\/api.w.org\/{rel}","templated":true}]}}