{"id":26090,"date":"2024-10-15T12:29:38","date_gmt":"2024-10-15T19:29:38","guid":{"rendered":"https:\/\/peninsula360press.com\/?p=26090"},"modified":"2024-10-17T10:26:15","modified_gmt":"2024-10-17T17:26:15","slug":"frontera-sur-de-mexico","status":"publish","type":"post","link":"https:\/\/peninsula360press.com\/es_mx\/frontera-sur-de-mexico\/","title":{"rendered":"ACNUR revela que 13% de los mexicanos quiere el cierre de la frontera sur de M\u00e9xico"},"content":{"rendered":"<figure id=\"attachment_26094\" aria-describedby=\"caption-attachment-26094\" style=\"width: 1280px\" class=\"wp-caption alignnone\"><img fetchpriority=\"high\" decoding=\"async\" class=\"wp-image-26094 size-full\" src=\"https:\/\/peninsula360press.com\/wp-content\/uploads\/2024\/10\/frontera-mexico.png\" alt=\"ACNUR revela que 13% de los mexicanos quiere el cierre de la frontera sur de M\u00e9xico\" width=\"1280\" height=\"857\" srcset=\"https:\/\/peninsula360press.com\/wp-content\/uploads\/2024\/10\/frontera-mexico.png 1280w, https:\/\/peninsula360press.com\/wp-content\/uploads\/2024\/10\/frontera-mexico-300x201.png 300w, https:\/\/peninsula360press.com\/wp-content\/uploads\/2024\/10\/frontera-mexico-1024x686.png 1024w, https:\/\/peninsula360press.com\/wp-content\/uploads\/2024\/10\/frontera-mexico-768x514.png 768w, https:\/\/peninsula360press.com\/wp-content\/uploads\/2024\/10\/frontera-mexico-18x12.png 18w, https:\/\/peninsula360press.com\/wp-content\/uploads\/2024\/10\/frontera-mexico-150x100.png 150w, https:\/\/peninsula360press.com\/wp-content\/uploads\/2024\/10\/frontera-mexico-696x466.png 696w, https:\/\/peninsula360press.com\/wp-content\/uploads\/2024\/10\/frontera-mexico-1068x715.png 1068w\" sizes=\"(max-width: 1280px) 100vw, 1280px\" \/><figcaption id=\"caption-attachment-26094\" class=\"wp-caption-text\">El Comisionado de las Naciones Unidas para los Refugiados (ACNUR) en M\u00e9xico, revel\u00f3 que 13 por ciento de los mexicanos cree que se debe cerrar la frontera sur de M\u00e9xico.<\/figcaption><\/figure>\n<p>Escucha esta nota:<\/p>\n<audio class=\"wp-audio-shortcode\" id=\"audio-26090-1\" preload=\"none\" style=\"width: 100%;\" controls=\"controls\"><source type=\"audio\/mpeg\" src=\"https:\/\/peninsula360press.com\/wp-content\/uploads\/2024\/10\/Viviana-5459612.mp3?_=1\" \/><a href=\"https:\/\/peninsula360press.com\/wp-content\/uploads\/2024\/10\/Viviana-5459612.mp3\">https:\/\/peninsula360press.com\/wp-content\/uploads\/2024\/10\/Viviana-5459612.mp3<\/a><\/audio>\n<p>&nbsp;<\/p>\n<p><span style=\"font-weight: 400;\">El <a href=\"https:\/\/www.acnur.org\/mx\/\" target=\"_blank\" rel=\"noopener\">Comisionado de las Naciones Unidas para los Refugiados<\/a> (ACNUR) en M\u00e9xico, revel\u00f3 que 13 por ciento de los mexicanos cree que se debe cerrar la frontera sur del pa\u00eds, y que los inmigrantes que llegan al pa\u00eds deben ser retornados a sus naciones de origen.<\/span><\/p>\n<p><span style=\"font-weight: 400;\">Ello de acuerdo con los resultados de la encuesta \u201c\u00bfQu\u00e9 piensa la poblaci\u00f3n mexicana sobre la movilidad humana?\u201d, elaborada por Data Opini\u00f3n P\u00fablica y Mercados, donde se detallan las percepciones de la ciudadan\u00eda hacia quienes ingresan a M\u00e9xico de manera irregular.\u00a0<\/span><\/p>\n<p><span style=\"font-weight: 400;\">Ante la pregunta \u00bfCu\u00e1les cree usted que son las razones por las que salen de sus pa\u00edses de origen las personas en situaci\u00f3n de movilidad que est\u00e1n llegando a su localidad?, 85 por ciento respondi\u00f3 que se deb\u00eda a causas econ\u00f3micas, y s\u00f3lo 10 por ciento refiri\u00f3 violencia en el pa\u00eds de origen.\u00a0<\/span><\/p>\n<p><span style=\"font-weight: 400;\">Este resultado resalta el desconocimiento que existe sobre las causas de la movilidad humana. Seg\u00fan el Reporte de Monitoreo de Protecci\u00f3n de ACNUR 2023, m\u00e1s de 50 por ciento de las personas en situaci\u00f3n irregular salieron de sus pa\u00edses por violencia, inseguridad y amenazas.<\/span><\/p>\n<p><span style=\"font-weight: 400;\">Asimismo, 45 por ciento dijo desconocer la diferencia entre una persona migrante, quien sale de su pa\u00eds principalmente por razones econ\u00f3micas, y una persona refugiada, quien no puede ser devuelta a su pa\u00eds pues su vida, seguridad o libertad correr\u00edan peligro.\u00a0<\/span><\/p>\n<p><span style=\"font-weight: 400;\">Dicho resultado pudiera impactar en las percepciones hacia la poblaci\u00f3n en movilidad, pues al ignorar las implicaciones que tiene para una persona ser refugiada, se desconocen sus derechos y las obligaciones que tiene el Estado en su protecci\u00f3n internacional.\u00a0<\/span><\/p>\n<p><span style=\"font-weight: 400;\">En cuanto al reconocimiento de los derechos de las personas refugiadas, la legislaci\u00f3n mexicana est\u00e1 entre las m\u00e1s desarrolladas de la regi\u00f3n, se\u00f1al\u00f3 la agencia de la ONU en un comunicado.<\/span><\/p>\n<p><span style=\"font-weight: 400;\">Asimismo, precis\u00f3 que casi la mitad de las personas considera que los derechos de las personas refugiadas y migrantes se respetan poco o nada.\u00a0<\/span><\/p>\n<p><b>La poblaci\u00f3n est\u00e1 dividida respecto a cu\u00e1l debe ser la respuesta gubernamental hacia las personas refugiadas y migrantes: 51 por ciento destac\u00f3 que el gobierno debe dar respuestas de acuerdo con sus derechos y necesidades; 32 por ciento refiri\u00f3 que solo debe permitirles transitar r\u00e1pidamente por M\u00e9xico, en tanto que 13 por ciento afirm\u00f3 que se debe cerrar la frontera sur y expulsarlos a su pa\u00eds.<\/b><\/p>\n<p><span style=\"font-weight: 400;\">Ante un listado de prejuicios hacia personas refugiadas y migrantes, 52 por ciento estuvo de acuerdo con la aseveraci\u00f3n la presencia de personas refugiadas y migrantes aumenta la delincuencia en mi ciudad; 48 por ciento con la frase las personas refugiadas y migrantes rechazan las costumbres del lugar a donde llegan y 41 por ciento aval\u00f3 que la presencia de personas refugiadas y migrantes en las calles provoca un entorno desagradable.<\/span><\/p>\n<p><span style=\"font-weight: 400;\">En tanto, el informe puntualiza que un 34 por ciento de los mil 8 personas encuestadas estuvo de acuerdo con la afirmaci\u00f3n se debe dar empleo s\u00f3lo a refugiados y migrantes con altos niveles de educaci\u00f3n y capital econ\u00f3mico, y 28 por ciento coincidi\u00f3 con la frase cuando hay desempleo, debe negarse el trabajo a personas refugiadas y migrantes.\u00a0<\/span><\/p>\n<p><span style=\"font-weight: 400;\">A la pregunta Si fuera responsable de un negocio, \u00bfqu\u00e9 tan dispuesto estar\u00eda a contratar a una persona refugiada o migrante?, 35 por ciento respondi\u00f3 \u201calgo\u201d y 34 por ciento, \u201cmucho\u201d.<\/span><\/p>\n<p><span style=\"font-weight: 400;\">Por otra parte, al cuestionarles \u00bfQu\u00e9 tanto considera que los conflictos y tensiones en la sociedad se deben a diferencias por ser originario de otro pa\u00eds?, 27 por ciento respondi\u00f3 \u201cmucho\u201d y 37 por ciento \u201calgo\u201d, respuesta que refuerza la necesidad de impulsar acciones de coexistencia pac\u00edfica entre personas en movilidad y comunidades locales para evitar el miedo y el rechazo a la diversidad.\u00a0<\/span><\/p>\n<p><span style=\"font-weight: 400;\">Al mismo tiempo, 80 por ciento refiri\u00f3 estar dispuesto a participar en actividades para generar lazos culturales con la poblaci\u00f3n en movilidad, fundamental para superar prejuicios y estereotipos.<\/span><\/p>\n<p><span style=\"font-weight: 400;\">ACNUR subray\u00f3 que, ante un panorama de continuas llegadas de personas que necesitan asilo y protecci\u00f3n, es imprescindible seguir trabajando en identificar las causas de la discriminaci\u00f3n y reforzar acciones para prevenir y erradicar prejuicios, estereotipos y estigmas hacia personas refugiadas y migrantes.<\/span><\/p>\n<p><span style=\"font-weight: 400;\">\u201cLa evidencia y los datos fiables son las mejores herramientas para contrarrestar los prejuicios. Como la falta de informaci\u00f3n real es amiga de la xenofobia, el conocimiento de los datos reales favorece la inclusi\u00f3n\u201d, indic\u00f3 Giovanni Lepri, Representante de ACNUR en M\u00e9xico.<\/span><\/p>\n<p><em><strong>Te puede interesar:<\/strong> <a href=\"https:\/\/peninsula360press.com\/es_mx\/deportacion-masiva\/\">Mayor\u00edas de los estados indecisos apoyan la v\u00eda a la ciudadan\u00eda frente a la deportaci\u00f3n masiva<\/a><\/em><\/p>\n","protected":false},"excerpt":{"rendered":"<p>Escucha esta nota: &nbsp; El Comisionado de las Naciones Unidas para los Refugiados (ACNUR) en M\u00e9xico, revel\u00f3 que 13 por ciento de los mexicanos cree que se debe cerrar la frontera sur del pa\u00eds, y que los inmigrantes que llegan al pa\u00eds deben ser retornados a sus naciones de origen. Ello de acuerdo con los [&hellip;]<\/p>\n","protected":false},"author":7,"featured_media":26094,"comment_status":"open","ping_status":"open","sticky":false,"template":"","format":"standard","meta":{"footnotes":""},"categories":[8],"tags":[],"class_list":{"0":"post-26090","1":"post","2":"type-post","3":"status-publish","4":"format-standard","5":"has-post-thumbnail","7":"category-usworld"},"_links":{"self":[{"href":"https:\/\/peninsula360press.com\/es_mx\/wp-json\/wp\/v2\/posts\/26090","targetHints":{"allow":["GET"]}}],"collection":[{"href":"https:\/\/peninsula360press.com\/es_mx\/wp-json\/wp\/v2\/posts"}],"about":[{"href":"https:\/\/peninsula360press.com\/es_mx\/wp-json\/wp\/v2\/types\/post"}],"author":[{"embeddable":true,"href":"https:\/\/peninsula360press.com\/es_mx\/wp-json\/wp\/v2\/users\/7"}],"replies":[{"embeddable":true,"href":"https:\/\/peninsula360press.com\/es_mx\/wp-json\/wp\/v2\/comments?post=26090"}],"version-history":[{"count":5,"href":"https:\/\/peninsula360press.com\/es_mx\/wp-json\/wp\/v2\/posts\/26090\/revisions"}],"predecessor-version":[{"id":26137,"href":"https:\/\/peninsula360press.com\/es_mx\/wp-json\/wp\/v2\/posts\/26090\/revisions\/26137"}],"wp:featuredmedia":[{"embeddable":true,"href":"https:\/\/peninsula360press.com\/es_mx\/wp-json\/wp\/v2\/media\/26094"}],"wp:attachment":[{"href":"https:\/\/peninsula360press.com\/es_mx\/wp-json\/wp\/v2\/media?parent=26090"}],"wp:term":[{"taxonomy":"category","embeddable":true,"href":"https:\/\/peninsula360press.com\/es_mx\/wp-json\/wp\/v2\/categories?post=26090"},{"taxonomy":"post_tag","embeddable":true,"href":"https:\/\/peninsula360press.com\/es_mx\/wp-json\/wp\/v2\/tags?post=26090"}],"curies":[{"name":"wp","href":"https:\/\/api.w.org\/{rel}","templated":true}]}}