{"id":26273,"date":"2024-10-28T12:22:41","date_gmt":"2024-10-28T19:22:41","guid":{"rendered":"https:\/\/peninsula360press.com\/?p=26273"},"modified":"2024-10-29T14:13:02","modified_gmt":"2024-10-29T21:13:02","slug":"isla-basura-llaman-a-puerto-rico","status":"publish","type":"post","link":"https:\/\/peninsula360press.com\/es_mx\/isla-basura-llaman-a-puerto-rico\/","title":{"rendered":"Racismo y xenofobia en mitin pro Trump: \u201cisla basura\u201d llaman a Puerto Rico"},"content":{"rendered":"<figure id=\"attachment_26275\" aria-describedby=\"caption-attachment-26275\" style=\"width: 1280px\" class=\"wp-caption alignnone\"><img fetchpriority=\"high\" decoding=\"async\" class=\"wp-image-26275 size-full\" src=\"https:\/\/peninsula360press.com\/wp-content\/uploads\/2024\/10\/comediante-racista-trump.png\" alt=\"Racismo y xenofobia en mitin pro Trump: isla basura llaman a Puerto Rico\" width=\"1280\" height=\"857\" srcset=\"https:\/\/peninsula360press.com\/wp-content\/uploads\/2024\/10\/comediante-racista-trump.png 1280w, https:\/\/peninsula360press.com\/wp-content\/uploads\/2024\/10\/comediante-racista-trump-300x201.png 300w, https:\/\/peninsula360press.com\/wp-content\/uploads\/2024\/10\/comediante-racista-trump-1024x686.png 1024w, https:\/\/peninsula360press.com\/wp-content\/uploads\/2024\/10\/comediante-racista-trump-768x514.png 768w, https:\/\/peninsula360press.com\/wp-content\/uploads\/2024\/10\/comediante-racista-trump-18x12.png 18w, https:\/\/peninsula360press.com\/wp-content\/uploads\/2024\/10\/comediante-racista-trump-150x100.png 150w, https:\/\/peninsula360press.com\/wp-content\/uploads\/2024\/10\/comediante-racista-trump-696x466.png 696w, https:\/\/peninsula360press.com\/wp-content\/uploads\/2024\/10\/comediante-racista-trump-1068x715.png 1068w\" sizes=\"(max-width: 1280px) 100vw, 1280px\" \/><figcaption id=\"caption-attachment-26275\" class=\"wp-caption-text\">El comediante Tony Hinchcliffe, en pleno mitin pro Trump en Nueva York llam\u00f3 a Puerto Rico isla basura.<\/figcaption><\/figure>\n<p>Escucha esta nota:<\/p>\n<audio class=\"wp-audio-shortcode\" id=\"audio-26273-1\" preload=\"none\" style=\"width: 100%;\" controls=\"controls\"><source type=\"audio\/mpeg\" src=\"https:\/\/peninsula360press.com\/wp-content\/uploads\/2024\/10\/Viviana-5588119.mp3?_=1\" \/><a href=\"https:\/\/peninsula360press.com\/wp-content\/uploads\/2024\/10\/Viviana-5588119.mp3\">https:\/\/peninsula360press.com\/wp-content\/uploads\/2024\/10\/Viviana-5588119.mp3<\/a><\/audio>\n<p>&nbsp;<\/p>\n<p><span style=\"font-weight: 400;\">A escasos d\u00edas de que se lleven a cabo elecciones generales en Estados Unidos, las amenazas contra los inmigrantes por parte del candidato republicano a la presidencia, Donald Trump, han rebasado todo el imaginario, secundado por partidarios que han sumado chistes racistas, como el comediante Tony Hinchcliffe, quien en pleno mitin en Nueva York llam\u00f3 a Puerto Rico una \u201cisla flotante de basura\u201d.<\/span><\/p>\n<p><span style=\"font-weight: 400;\">El escenario fue el Madison Square Garden, el evento: un mitin de Donald Trump. Ah\u00ed, Hinchcliffe, quien tambi\u00e9n conduce el podcast \u201cKill Tony\u201d, se sinti\u00f3 en circo de tres pistas y, al ser telonero, decidi\u00f3 atacar a uno de las comunidades que podr\u00edan cambiar el sentido de las elecciones este pr\u00f3ximo martes, los latinos.<\/span><\/p>\n<p><span style=\"font-weight: 400;\">\u201cHay una isla flotante de basura en medio del oc\u00e9ano en este momento. Creo que se llama Puerto Rico\u201d, dijo el humorista.<\/span><\/p>\n<p><span style=\"font-weight: 400;\">El chiste no fue gracioso, mucho menos para los votantes latinos, lo que podr\u00eda costarle millones de votos al candidato republicano. Analistas coincidieron en que Trump debe ser cauto en este tipo de acciones, sin embargo, al magnate parece no importarle.\u00a0<\/span><\/p>\n<p><span style=\"font-weight: 400;\">A las reacciones contra el p\u00e9simo \u201cchiste\u201d, se sumaron las de varios pol\u00edticos dem\u00f3cratas, entre ellos la de la congresista Alexandria Ocasio-Cortez, de ascendencia puertorrique\u00f1a, y el candidato a vicepresidente, Tim Walz, quien dijo en un video: \u201c\u00bfqui\u00e9n es ese imb\u00e9cil?\u201d.<\/span><\/p>\n<p><span style=\"font-weight: 400;\">Tony Hinchcliffe revir\u00f3 a lo dicho por Walz y a trav\u00e9s de su cuenta en X contest\u00f3: \u201cEsta gente no tiene sentido del humor. Es una locura que un candidato a vicepresidente se tome un tiempo de su \u2018apretada agenda\u2019 para analizar un chiste sacado de contexto para que parezca racista. Me encanta Puerto Rico y voy de vacaciones all\u00ed. Me burl\u00e9 de todo el mundo&#8230; mira todo el programa. Soy comediante, Tim&#8230; tal vez sea hora de cambiarte el tamp\u00f3n\u201d.\u00a0<\/span><\/p>\n<p><span style=\"font-weight: 400;\">Por su parte, Kamala Harris, contendiente de Donald Trump a la presidencia, dej\u00f3 en claro su postura anunciando acciones para apoyar a los habitantes de la isla, en caso de convertirse en presidente.<\/span><\/p>\n<p><span style=\"font-weight: 400;\">\u201cHay demasiado en juego en esta elecci\u00f3n para los votantes puertorrique\u00f1os y para Puerto Rico. Y esta elecci\u00f3n no es solo una entre Donald Trump y yo, es una lecci\u00f3n entre dos visiones muy diferentes para nuestra naci\u00f3n: una, la suya, centrada en el pasado y en s\u00ed mismo, y la otra, la nuestra, centrada en el futuro y en ustedes\u201d, se\u00f1al\u00f3 la candidata en un <\/span><a href=\"https:\/\/x.com\/KamalaHarris\/status\/1850586660662100394\" target=\"_blank\" rel=\"noopener\"><span style=\"font-weight: 400;\">video emitido en X<\/span><\/a><span style=\"font-weight: 400;\">.<\/span><\/p>\n<blockquote class=\"twitter-tweet\" data-media-max-width=\"560\">\n<p dir=\"ltr\" lang=\"en\">Throughout my career, I\u2019ve always fought for the people of Puerto Rico. Every chance he got, Donald Trump abandoned and insulted them.<\/p>\n<p>As president, I will invest in Puerto Rico&#8217;s future so that Puerto Ricans can not just get by, but get ahead. <a href=\"https:\/\/t.co\/jkqOPWBhIy\">pic.twitter.com\/jkqOPWBhIy<\/a><\/p>\n<p>\u2014 Kamala Harris (@KamalaHarris) <a href=\"https:\/\/twitter.com\/KamalaHarris\/status\/1850586660662100394?ref_src=twsrc%5Etfw\" target=\"_blank\" rel=\"noopener\">October 27, 2024<\/a><\/p><\/blockquote>\n<p><script async src=\"https:\/\/platform.twitter.com\/widgets.js\" charset=\"utf-8\"><\/script><\/p>\n<p><span style=\"font-weight: 400;\">\u201cPuerto Rico es el lugar de algunos de las personas m\u00e1s talentosas innovadoras y ambiciosas de nuestra naci\u00f3n y los puertorrique\u00f1os merecen una presidenta que vea esa fortaleza e invierta en ella\u201d, subray\u00f3 Harris.<\/span><\/p>\n<p><span style=\"font-weight: 400;\">Kamala record\u00f3 la falta de acci\u00f3n por parte de Donald Trump, luego de que dos huracanes golpearan la isla.<\/span><\/p>\n<p><span style=\"font-weight: 400;\">\u201cNunca olvidar\u00e9 lo que hizo Donald Trump y lo que no hizo, cuando Puerto Rico m\u00e1s necesitaba un l\u00edder emp\u00e1tico y competente abandon\u00f3 a la isla, intent\u00f3 bloquear la ayuda despu\u00e9s de dos huracanes devastadores consecutivos y no ofreci\u00f3 nada m\u00e1s que toallas de papel e insultos. Y ahora Donald Trump promete ser\u00e1 a\u00fan m\u00e1s extremista, hablando de usar el ej\u00e9rcito contra sus enemigos pol\u00edticos y de ser un dictador desde el primer d\u00eda. Los puertorrique\u00f1os merecen algo mejor, como presidenta yo siempre luchar\u00e9 por ustedes y sus familias. Juntos podemos pasar p\u00e1gina y trazar un nuevo y alegre camino hacia adelante un futuro en el que todos m\u00e1s que sobrevivir puedan salir adelante\u201d, precis\u00f3.<\/span><\/p>\n<p><span style=\"font-weight: 400;\">En tanto, la Liga de Ciudadanos Latinoamericanos Unidos (LULAC, por sus siglas en ingl\u00e9s), exigi\u00f3 una disculpa formal de la campa\u00f1a de Trump, adem\u00e1s de la retractaci\u00f3n del comediante. A esta petici\u00f3n tambi\u00e9n se sumaron las de organizaciones como Voto Latino, UnidosUS, Mi Familia Vota, America&#8217;s Voice y la Federaci\u00f3n Hispana.<\/span><\/p>\n<p><b>Trump y su ret\u00f3rica antiinmigrante<\/b><\/p>\n<p><span style=\"font-weight: 400;\">En el mismo \u201crally\u201d, Trump record\u00f3 que, de ganar la elecci\u00f3n el pr\u00f3ximo \u201cs\u00faper martes\u201d, en su primer d\u00eda firmar\u00e1 acciones para llevar a cabo deportaciones masivas.<\/span><\/p>\n<p><span style=\"font-weight: 400;\">&#8220;El primer d\u00eda, lanzar\u00e9 el mayor programa de deportaci\u00f3n en la historia estadounidense. Rescatar\u00e9 cada ciudad y pueblo que haya sido invadido y conquistado&#8221;, dijo Trump. &#8220;Una vez que asuma el cargo, la invasi\u00f3n migratoria de nuestro pa\u00eds terminar\u00e1 y comenzar\u00e1 la restauraci\u00f3n de nuestro pa\u00eds&#8221;.<\/span><\/p>\n<p><span style=\"font-weight: 400;\">En el evento, al cual tambi\u00e9n acudi\u00f3 el magnate y empresario Elon Musk, Donald Trump no cambi\u00f3 su retorica antiinmigrante, sino que la impuls\u00f3, adem\u00e1s de argumentar que sus adversarios pol\u00edticos han permitido una \u201cinvasi\u00f3n migratoria\u201d, precisando que \u201cel enemigo est\u00e1 dentro\u201d.<\/span><\/p>\n<p><b>Voto latino: la clave del triunfo<\/b><\/p>\n<p><span style=\"font-weight: 400;\">De acuerdo con el Pew Research Center, se estima que 36.2 millones de personas hispanas est\u00e1n habilitadas para votar este a\u00f1o, frente a los 32.3 millones de 2020, lo que representa el 50 por ciento del crecimiento total de votantes habilitados durante este per\u00edodo.<\/span><\/p>\n<p><b>Mientras que cada a\u00f1o, alrededor de 1.4 millones de hispanos en Estados Unidos se vuelven elegibles para votar. Se estima que los latinos representar\u00e1n 14.7 por ciento de todos los votantes elegibles este 5 de noviembre de 2024, un nuevo r\u00e9cord.<\/b><\/p>\n<p><span style=\"font-weight: 400;\">Seg\u00fan una encuesta de esa misma organizaci\u00f3n realizada del 26 de agosto al 2 de septiembre de 2024, una mayor\u00eda de los votantes latinos registrados (57 por ciento) dicen que votar\u00edan por la vicepresidenta Kamala Harris y el 39 por ciento lo har\u00edan por el expresidente Donald Trump.<\/span><\/p>\n<p><span style=\"font-weight: 400;\">Los partidarios de ambos candidatos ya tienen una opini\u00f3n clara. Entre los votantes latinos registrados, el 79 por ciento de los partidarios de Harris y el 77 por ciento de los partidarios de Trump dicen que est\u00e1n seguros de votar por su candidato.\u00a0<\/span><\/p>\n<blockquote class=\"instagram-media\" style=\"background: #FFF; border: 0; border-radius: 3px; box-shadow: 0 0 1px 0 rgba(0,0,0,0.5),0 1px 10px 0 rgba(0,0,0,0.15); margin: 1px; max-width: 540px; min-width: 326px; padding: 0; width: calc(100% - 2px);\" data-instgrm-captioned=\"\" data-instgrm-permalink=\"https:\/\/www.instagram.com\/p\/DBrdBPaSsYs\/?utm_source=ig_embed&amp;utm_campaign=loading\" data-instgrm-version=\"14\">\n<div style=\"padding: 16px;\">\n<p>&nbsp;<\/p>\n<div style=\"display: flex; flex-direction: row; align-items: center;\">\n<div style=\"background-color: #f4f4f4; border-radius: 50%; flex-grow: 0; height: 40px; margin-right: 14px; width: 40px;\"><\/div>\n<div style=\"display: flex; flex-direction: column; flex-grow: 1; justify-content: center;\">\n<div style=\"background-color: #f4f4f4; border-radius: 4px; flex-grow: 0; height: 14px; margin-bottom: 6px; width: 100px;\"><\/div>\n<div style=\"background-color: #f4f4f4; border-radius: 4px; flex-grow: 0; height: 14px; width: 60px;\"><\/div>\n<\/div>\n<\/div>\n<div style=\"padding: 19% 0;\"><\/div>\n<div style=\"display: block; height: 50px; margin: 0 auto 12px; width: 50px;\"><\/div>\n<div style=\"padding-top: 8px;\">\n<div style=\"color: #3897f0; font-family: Arial,sans-serif; font-size: 14px; font-style: normal; font-weight: 550; line-height: 18px;\">Ver esta publicaci\u00f3n en Instagram<\/div>\n<\/div>\n<div style=\"padding: 12.5% 0;\"><\/div>\n<div style=\"display: flex; flex-direction: row; margin-bottom: 14px; align-items: center;\">\n<div>\n<div style=\"background-color: #f4f4f4; border-radius: 50%; height: 12.5px; width: 12.5px; transform: translateX(0px) translateY(7px);\"><\/div>\n<div style=\"background-color: #f4f4f4; height: 12.5px; transform: rotate(-45deg) translateX(3px) translateY(1px); width: 12.5px; flex-grow: 0; margin-right: 14px; margin-left: 2px;\"><\/div>\n<div style=\"background-color: #f4f4f4; border-radius: 50%; height: 12.5px; width: 12.5px; transform: translateX(9px) translateY(-18px);\"><\/div>\n<\/div>\n<div style=\"margin-left: 8px;\">\n<div style=\"background-color: #f4f4f4; border-radius: 50%; flex-grow: 0; height: 20px; width: 20px;\"><\/div>\n<div style=\"width: 0; height: 0; border-top: 2px solid transparent; border-left: 6px solid #f4f4f4; border-bottom: 2px solid transparent; transform: translateX(16px) translateY(-4px) rotate(30deg);\"><\/div>\n<\/div>\n<div style=\"margin-left: auto;\">\n<div style=\"width: 0px; border-top: 8px solid #F4F4F4; border-right: 8px solid transparent; transform: translateY(16px);\"><\/div>\n<div style=\"background-color: #f4f4f4; flex-grow: 0; height: 12px; width: 16px; transform: translateY(-4px);\"><\/div>\n<div style=\"width: 0; height: 0; border-top: 8px solid #F4F4F4; border-left: 8px solid transparent; transform: translateY(-4px) translateX(8px);\"><\/div>\n<\/div>\n<\/div>\n<div style=\"display: flex; flex-direction: column; flex-grow: 1; justify-content: center; margin-bottom: 24px;\">\n<div style=\"background-color: #f4f4f4; border-radius: 4px; flex-grow: 0; height: 14px; margin-bottom: 6px; width: 224px;\"><\/div>\n<div style=\"background-color: #f4f4f4; border-radius: 4px; flex-grow: 0; height: 14px; width: 144px;\"><\/div>\n<\/div>\n<p>&nbsp;<\/p>\n<p style=\"color: #c9c8cd; font-family: Arial,sans-serif; font-size: 14px; line-height: 17px; margin-bottom: 0; margin-top: 8px; overflow: hidden; padding: 8px 0 7px; text-align: center; text-overflow: ellipsis; white-space: nowrap;\"><a style=\"color: #c9c8cd; font-family: Arial,sans-serif; font-size: 14px; font-style: normal; font-weight: normal; line-height: 17px; text-decoration: none;\" href=\"https:\/\/www.instagram.com\/p\/DBrdBPaSsYs\/?utm_source=ig_embed&amp;utm_campaign=loading\" target=\"_blank\" rel=\"noopener\">Una publicaci\u00f3n compartida de Peninsula 360 (@peninsula360press)<\/a><\/p>\n<\/div>\n<\/blockquote>\n<p><script async src=\"\/\/www.instagram.com\/embed.js\"><\/script><\/p>\n<p><em><strong>Te puede interesar:<\/strong> <a href=\"https:\/\/peninsula360press.com\/es_mx\/trump-evoca-al-fascismo\/\">Persecuci\u00f3n a inmigrantes por parte de Trump evoca al fascismo<\/a><\/em><\/p>\n","protected":false},"excerpt":{"rendered":"<p>Escucha esta nota: &nbsp; A escasos d\u00edas de que se lleven a cabo elecciones generales en Estados Unidos, las amenazas contra los inmigrantes por parte del candidato republicano a la presidencia, Donald Trump, han rebasado todo el imaginario, secundado por partidarios que han sumado chistes racistas, como el comediante Tony Hinchcliffe, quien en pleno mitin [&hellip;]<\/p>\n","protected":false},"author":7,"featured_media":26275,"comment_status":"open","ping_status":"open","sticky":false,"template":"","format":"standard","meta":{"footnotes":""},"categories":[14,8],"tags":[],"class_list":{"0":"post-26273","1":"post","2":"type-post","3":"status-publish","4":"format-standard","5":"has-post-thumbnail","7":"category-cover","8":"category-usworld"},"_links":{"self":[{"href":"https:\/\/peninsula360press.com\/es_mx\/wp-json\/wp\/v2\/posts\/26273","targetHints":{"allow":["GET"]}}],"collection":[{"href":"https:\/\/peninsula360press.com\/es_mx\/wp-json\/wp\/v2\/posts"}],"about":[{"href":"https:\/\/peninsula360press.com\/es_mx\/wp-json\/wp\/v2\/types\/post"}],"author":[{"embeddable":true,"href":"https:\/\/peninsula360press.com\/es_mx\/wp-json\/wp\/v2\/users\/7"}],"replies":[{"embeddable":true,"href":"https:\/\/peninsula360press.com\/es_mx\/wp-json\/wp\/v2\/comments?post=26273"}],"version-history":[{"count":4,"href":"https:\/\/peninsula360press.com\/es_mx\/wp-json\/wp\/v2\/posts\/26273\/revisions"}],"predecessor-version":[{"id":26304,"href":"https:\/\/peninsula360press.com\/es_mx\/wp-json\/wp\/v2\/posts\/26273\/revisions\/26304"}],"wp:featuredmedia":[{"embeddable":true,"href":"https:\/\/peninsula360press.com\/es_mx\/wp-json\/wp\/v2\/media\/26275"}],"wp:attachment":[{"href":"https:\/\/peninsula360press.com\/es_mx\/wp-json\/wp\/v2\/media?parent=26273"}],"wp:term":[{"taxonomy":"category","embeddable":true,"href":"https:\/\/peninsula360press.com\/es_mx\/wp-json\/wp\/v2\/categories?post=26273"},{"taxonomy":"post_tag","embeddable":true,"href":"https:\/\/peninsula360press.com\/es_mx\/wp-json\/wp\/v2\/tags?post=26273"}],"curies":[{"name":"wp","href":"https:\/\/api.w.org\/{rel}","templated":true}]}}