{"id":26361,"date":"2024-11-06T13:30:45","date_gmt":"2024-11-06T20:30:45","guid":{"rendered":"https:\/\/peninsula360press.com\/?p=26361"},"modified":"2024-11-06T14:39:13","modified_gmt":"2024-11-06T21:39:13","slug":"cultura-el-mejor-antidoto-contra-el-odio","status":"publish","type":"post","link":"https:\/\/peninsula360press.com\/es_mx\/cultura-el-mejor-antidoto-contra-el-odio\/","title":{"rendered":"Cultura, el mejor ant\u00eddoto contra el odio"},"content":{"rendered":"<p>Escucha esta nota:<\/p>\n<audio class=\"wp-audio-shortcode\" id=\"audio-26361-1\" preload=\"none\" style=\"width: 100%;\" controls=\"controls\"><source type=\"audio\/mpeg\" src=\"https:\/\/peninsula360press.com\/wp-content\/uploads\/2024\/11\/Viviana-5685522.mp3?_=1\" \/><a href=\"https:\/\/peninsula360press.com\/wp-content\/uploads\/2024\/11\/Viviana-5685522.mp3\">https:\/\/peninsula360press.com\/wp-content\/uploads\/2024\/11\/Viviana-5685522.mp3<\/a><\/audio>\n<p>&nbsp;<\/p>\n<p><span style=\"font-weight: 400;\">Hoy he despertado con el alma encogida. Me entristece ver c\u00f3mo la humanidad parece incapaz de aprender de sus errores. El legado duradero del colonialismo y el imperialismo, con sus impactos corrosivos -dividiendo pa\u00edses, razas y estableciendo castas- sigue despleg\u00e1ndose ante nuestros ojos. Estos sistemas arraigados de opresi\u00f3n, xenofobia y racismo han resurgido, permitiendo que abusos de derechos humanos, antes universalmente condenados, resurjan con una fuerza alarmante.<\/span><\/p>\n<p><span style=\"font-weight: 400;\">Los resultados de la elecci\u00f3n se\u00f1alan una realidad escalofriante para las comunidades marginadas en todo el mundo: las minor\u00edas raciales y \u00e9tnicas, mujeres y ni\u00f1as, pobres, trabajadores migrantes, minor\u00edas perseguidas, personas con discapacidades y muchos otros considerados \u201cmenos poderosos\u201d, enfrentan nuevas amenazas de explotaci\u00f3n.\u00a0<\/span><\/p>\n<p><span style=\"font-weight: 400;\">El racismo sist\u00e9mico, la xenofobia, el colorismo y los prejuicios, aunque lejos de ser nuevos, parecen haber revivido con mayor intensidad.<\/span><\/p>\n<p><span style=\"font-weight: 400;\">El hecho preocupante es que muchos ciudadanos aceptan o son indiferentes a estas fuerzas discriminatorias, lo cual refleja los desequilibrios de poder profundamente arraigados que alimentan la opresi\u00f3n. Estos problemas fundamentales no son meros vestigios del pasado; contin\u00faan manifest\u00e1ndose hoy, otorgando un preocupante permiso para que la discriminaci\u00f3n vuelva a entrar tanto en las esferas p\u00fablicas como en las privadas.<\/span><\/p>\n<p><span style=\"font-weight: 400;\">Las comunidades con mayor riesgo incluyen aquellas que carecen de protecciones adecuadas y que han soportado persecuci\u00f3n y marginaci\u00f3n, ya sea a manos de gobiernos o de actores explotadores en el sector privado. Esto incluye a los trabajadores migrantes con salarios bajos, minor\u00edas \u00e9tnicas y raciales, inmigrantes, prisioneros, mujeres y ni\u00f1as, refugiados y otros grupos vulnerables. Estas personas, ya de por s\u00ed entre las m\u00e1s ignoradas y subvaloradas, ahora enfrentan una creciente ola de xenofobia y pol\u00edticas antiinmigrantes.<\/span><\/p>\n<p><span style=\"font-weight: 400;\">No podemos permitirnos ignorar el resurgimiento de estas ideolog\u00edas regresivas. La historia nos ha mostrado las consecuencias desgarradoras de un prejuicio y una discriminaci\u00f3n sin control.\u00a0<\/span><\/p>\n<p><span style=\"font-weight: 400;\">Ahora, m\u00e1s que nunca, debemos mantenernos unidos contra la opresi\u00f3n en todas sus formas, defendiendo la justicia, la igualdad y la dignidad para todas las personas, independientemente de su origen o estatus social.\u00a0<\/span><\/p>\n<p><span style=\"font-weight: 400;\">La verdadera fortaleza de la humanidad reside en su diversidad, y nuestro progreso colectivo depende de nuestra capacidad para aprender de nuestro pasado y abogar por un futuro basado en la compasi\u00f3n y la inclusividad.<\/span><\/p>\n<p><span style=\"font-weight: 400;\">Sabemos que el trabajo de difusi\u00f3n cultural es esencial para la expansi\u00f3n del odio, y en <a href=\"https:\/\/casacirculocultural.org\/\" target=\"_blank\" rel=\"noopener\">Casa C\u00edrculo Cultural<\/a> reforzaremos nuestro compromiso de seguir trabajando duro con y para nuestra comunidad.<\/span><\/p>\n<p><em><strong>Te puede interesar:<\/strong> <a href=\"https:\/\/peninsula360press.com\/es_mx\/veronica-escamez-recibe-premio-ohtli-2022\/\">Ver\u00f3nica Esc\u00e1mez, fundadora de Casa C\u00edrculo Cultural, recibe el Premio Ohtli 2022<\/a><\/em><\/p>\n","protected":false},"excerpt":{"rendered":"<p>Escucha esta nota: &nbsp; Hoy he despertado con el alma encogida. Me entristece ver c\u00f3mo la humanidad parece incapaz de aprender de sus errores. El legado duradero del colonialismo y el imperialismo, con sus impactos corrosivos -dividiendo pa\u00edses, razas y estableciendo castas- sigue despleg\u00e1ndose ante nuestros ojos. Estos sistemas arraigados de opresi\u00f3n, xenofobia y racismo [&hellip;]<\/p>\n","protected":false},"author":58,"featured_media":26365,"comment_status":"open","ping_status":"open","sticky":false,"template":"","format":"standard","meta":{"footnotes":""},"categories":[5],"tags":[],"class_list":{"0":"post-26361","1":"post","2":"type-post","3":"status-publish","4":"format-standard","5":"has-post-thumbnail","7":"category-opinion"},"_links":{"self":[{"href":"https:\/\/peninsula360press.com\/es_mx\/wp-json\/wp\/v2\/posts\/26361","targetHints":{"allow":["GET"]}}],"collection":[{"href":"https:\/\/peninsula360press.com\/es_mx\/wp-json\/wp\/v2\/posts"}],"about":[{"href":"https:\/\/peninsula360press.com\/es_mx\/wp-json\/wp\/v2\/types\/post"}],"author":[{"embeddable":true,"href":"https:\/\/peninsula360press.com\/es_mx\/wp-json\/wp\/v2\/users\/58"}],"replies":[{"embeddable":true,"href":"https:\/\/peninsula360press.com\/es_mx\/wp-json\/wp\/v2\/comments?post=26361"}],"version-history":[{"count":4,"href":"https:\/\/peninsula360press.com\/es_mx\/wp-json\/wp\/v2\/posts\/26361\/revisions"}],"predecessor-version":[{"id":26369,"href":"https:\/\/peninsula360press.com\/es_mx\/wp-json\/wp\/v2\/posts\/26361\/revisions\/26369"}],"wp:featuredmedia":[{"embeddable":true,"href":"https:\/\/peninsula360press.com\/es_mx\/wp-json\/wp\/v2\/media\/26365"}],"wp:attachment":[{"href":"https:\/\/peninsula360press.com\/es_mx\/wp-json\/wp\/v2\/media?parent=26361"}],"wp:term":[{"taxonomy":"category","embeddable":true,"href":"https:\/\/peninsula360press.com\/es_mx\/wp-json\/wp\/v2\/categories?post=26361"},{"taxonomy":"post_tag","embeddable":true,"href":"https:\/\/peninsula360press.com\/es_mx\/wp-json\/wp\/v2\/tags?post=26361"}],"curies":[{"name":"wp","href":"https:\/\/api.w.org\/{rel}","templated":true}]}}