{"id":27232,"date":"2024-12-20T22:05:20","date_gmt":"2024-12-21T05:05:20","guid":{"rendered":"https:\/\/peninsula360press.com\/?p=27232"},"modified":"2024-12-23T09:11:06","modified_gmt":"2024-12-23T16:11:06","slug":"rescatan-a-160-menores-guatemaltecos-presuntas-victimas-de-la-secta-judia-lev-tahor","status":"publish","type":"post","link":"https:\/\/peninsula360press.com\/es_mx\/rescatan-a-160-menores-guatemaltecos-presuntas-victimas-de-la-secta-judia-lev-tahor\/","title":{"rendered":"Rescatan a 160 menores guatemaltecos, presuntas v\u00edctimas de la secta jud\u00eda Lev Tahor"},"content":{"rendered":"<p>&nbsp;<\/p>\n<figure id=\"attachment_27233\" aria-describedby=\"caption-attachment-27233\" style=\"width: 672px\" class=\"wp-caption alignnone\"><img fetchpriority=\"high\" decoding=\"async\" class=\"wp-image-27233 size-full\" src=\"https:\/\/peninsula360press.com\/wp-content\/uploads\/2024\/12\/Comunidad-Lev-Tahor-en-Guatemala.jpeg\" alt=\"Vista \u00e1rea de la comunidad de la secta jud\u00eda Lev Tahor en El Amatillo, Guatemala\" width=\"672\" height=\"672\" srcset=\"https:\/\/peninsula360press.com\/wp-content\/uploads\/2024\/12\/Comunidad-Lev-Tahor-en-Guatemala.jpeg 672w, https:\/\/peninsula360press.com\/wp-content\/uploads\/2024\/12\/Comunidad-Lev-Tahor-en-Guatemala-300x300.jpeg 300w, https:\/\/peninsula360press.com\/wp-content\/uploads\/2024\/12\/Comunidad-Lev-Tahor-en-Guatemala-150x150.jpeg 150w, https:\/\/peninsula360press.com\/wp-content\/uploads\/2024\/12\/Comunidad-Lev-Tahor-en-Guatemala-12x12.jpeg 12w, https:\/\/peninsula360press.com\/wp-content\/uploads\/2024\/12\/Comunidad-Lev-Tahor-en-Guatemala-560x560.jpeg 560w\" sizes=\"(max-width: 672px) 100vw, 672px\" \/><figcaption id=\"caption-attachment-27233\" class=\"wp-caption-text\">Vista \u00e1rea de la comunidad de la secta jud\u00eda Lev Tahor en El Amatillo, Guatemala. Foto: De la cuenta de X @FJimenezmingob<\/figcaption><\/figure>\n<p>Escucha esta nota:<\/p>\n<audio class=\"wp-audio-shortcode\" id=\"audio-27232-1\" preload=\"none\" style=\"width: 100%;\" controls=\"controls\"><source type=\"audio\/mpeg\" src=\"https:\/\/peninsula360press.com\/wp-content\/uploads\/2024\/12\/Viviana-6154911.mp3?_=1\" \/><a href=\"https:\/\/peninsula360press.com\/wp-content\/uploads\/2024\/12\/Viviana-6154911.mp3\">https:\/\/peninsula360press.com\/wp-content\/uploads\/2024\/12\/Viviana-6154911.mp3<\/a><\/audio>\n<p>&nbsp;<\/p>\n<p><span style=\"font-weight: 400;\">El Ministerio P\u00fablico y la Polic\u00eda Nacional Civil de Guatemala rescataron a 160 menores de edad, presuntas v\u00edctimas de abuso en una comunidad de la secta jud\u00eda ortodoxa Lev Tahor ubicada en la aldea El Amatillo, Santa Rosa.<\/span><\/p>\n<p><span style=\"font-weight: 400;\">Durante el operativo que se llev\u00f3 a cabo este jueves, la Fiscal\u00eda contra la Trata de Personas report\u00f3 el hallazgo de la osamenta de un menor; adem\u00e1s, tambi\u00e9n fueron puestas bajo resguardo 40 mujeres de la comunidad.<\/span><\/p>\n<p><span style=\"font-weight: 400;\">La fiscal\u00eda inform\u00f3 que el pasado 11 de noviembre recibi\u00f3 una denuncia en la que se se\u00f1ala en particular a un miembro de la secta, acusado de delitos de trata de personas en modalidad de embarazo forzado, maltrato contra personas menores de edad y violaci\u00f3n de menores.<\/span><\/p>\n<p><span style=\"font-weight: 400;\">El Ministerio P\u00fablico detall\u00f3 en su cuenta de la red social X que durante los allanamientos tambi\u00e9n encontraron pasaportes extranjeros y nacionales, una grabadora de video digital, computadoras y otros indicios.<\/span><\/p>\n<p><span style=\"font-weight: 400;\">Adem\u00e1s, el MP aclar\u00f3 que no se trata de acciones en contra de una comunidad religiosa: \u201cEs fundamental que se comprenda que esta operaci\u00f3n se realiza en seguimiento a una serie de denuncias y est\u00e1 dirigida contra individuos se\u00f1alados de cometer delitos graves de trata de personas\u201d.<\/span><\/p>\n<p>&nbsp;<\/p>\n<p>&nbsp;<\/p>\n<p>&nbsp;<\/p>\n<p><em><strong>Te puede interesar: <\/strong><\/em><a href=\"https:\/\/peninsula360press.com\/es_mx\/tiroteo-en-escuela-cristiana-en-wisconsin\/\">Tiroteo en escuela cristiana en Wisconsin deja saldo de 3 muertos y 6 heridos<\/a><\/p>\n","protected":false},"excerpt":{"rendered":"<p>&nbsp; Escucha esta nota: &nbsp; El Ministerio P\u00fablico y la Polic\u00eda Nacional Civil de Guatemala rescataron a 160 menores de edad, presuntas v\u00edctimas de abuso en una comunidad de la secta jud\u00eda ortodoxa Lev Tahor ubicada en la aldea El Amatillo, Santa Rosa. Durante el operativo que se llev\u00f3 a cabo este jueves, la Fiscal\u00eda [&hellip;]<\/p>\n","protected":false},"author":61,"featured_media":27233,"comment_status":"open","ping_status":"open","sticky":false,"template":"","format":"standard","meta":{"footnotes":""},"categories":[8],"tags":[322,321],"class_list":{"0":"post-27232","1":"post","2":"type-post","3":"status-publish","4":"format-standard","5":"has-post-thumbnail","7":"category-usworld","8":"tag-presuntas-victimas-de-la-secta-judia-lev-tahor","9":"tag-rescatan-a-160-menores-guatemaltecos"},"_links":{"self":[{"href":"https:\/\/peninsula360press.com\/es_mx\/wp-json\/wp\/v2\/posts\/27232","targetHints":{"allow":["GET"]}}],"collection":[{"href":"https:\/\/peninsula360press.com\/es_mx\/wp-json\/wp\/v2\/posts"}],"about":[{"href":"https:\/\/peninsula360press.com\/es_mx\/wp-json\/wp\/v2\/types\/post"}],"author":[{"embeddable":true,"href":"https:\/\/peninsula360press.com\/es_mx\/wp-json\/wp\/v2\/users\/61"}],"replies":[{"embeddable":true,"href":"https:\/\/peninsula360press.com\/es_mx\/wp-json\/wp\/v2\/comments?post=27232"}],"version-history":[{"count":5,"href":"https:\/\/peninsula360press.com\/es_mx\/wp-json\/wp\/v2\/posts\/27232\/revisions"}],"predecessor-version":[{"id":27280,"href":"https:\/\/peninsula360press.com\/es_mx\/wp-json\/wp\/v2\/posts\/27232\/revisions\/27280"}],"wp:featuredmedia":[{"embeddable":true,"href":"https:\/\/peninsula360press.com\/es_mx\/wp-json\/wp\/v2\/media\/27233"}],"wp:attachment":[{"href":"https:\/\/peninsula360press.com\/es_mx\/wp-json\/wp\/v2\/media?parent=27232"}],"wp:term":[{"taxonomy":"category","embeddable":true,"href":"https:\/\/peninsula360press.com\/es_mx\/wp-json\/wp\/v2\/categories?post=27232"},{"taxonomy":"post_tag","embeddable":true,"href":"https:\/\/peninsula360press.com\/es_mx\/wp-json\/wp\/v2\/tags?post=27232"}],"curies":[{"name":"wp","href":"https:\/\/api.w.org\/{rel}","templated":true}]}}