{"id":2734,"date":"2020-11-26T02:46:15","date_gmt":"2020-11-26T02:46:15","guid":{"rendered":"https:\/\/peninsula360press.com\/?p=2734"},"modified":"2021-02-05T09:57:24","modified_gmt":"2021-02-05T17:57:24","slug":"diego-maradona-y-fidel-castro-dos-revolucionarios-que-partieron-un-25-de-noviembre","status":"publish","type":"post","link":"https:\/\/peninsula360press.com\/es_mx\/diego-maradona-y-fidel-castro-dos-revolucionarios-que-partieron-un-25-de-noviembre\/","title":{"rendered":"Diego Maradona y Fidel Castro, dos revolucionarios que partieron un 25 de noviembre"},"content":{"rendered":"\n<div class=\"wp-block-image\"><figure class=\"aligncenter size-large\"><img fetchpriority=\"high\" decoding=\"async\" width=\"615\" height=\"1024\" src=\"https:\/\/peninsula360press.com\/wp-content\/uploads\/2020\/11\/unnamed-file-615x1024.jpg\" alt=\"\" class=\"wp-image-2735\" srcset=\"https:\/\/peninsula360press.com\/wp-content\/uploads\/2020\/11\/unnamed-file-615x1024.jpg 615w, https:\/\/peninsula360press.com\/wp-content\/uploads\/2020\/11\/unnamed-file-180x300.jpg 180w, https:\/\/peninsula360press.com\/wp-content\/uploads\/2020\/11\/unnamed-file-768x1278.jpg 768w, https:\/\/peninsula360press.com\/wp-content\/uploads\/2020\/11\/unnamed-file-923x1536.jpg 923w, https:\/\/peninsula360press.com\/wp-content\/uploads\/2020\/11\/unnamed-file-7x12.jpg 7w, https:\/\/peninsula360press.com\/wp-content\/uploads\/2020\/11\/unnamed-file-450x749.jpg 450w, https:\/\/peninsula360press.com\/wp-content\/uploads\/2020\/11\/unnamed-file-780x1298.jpg 780w, https:\/\/peninsula360press.com\/wp-content\/uploads\/2020\/11\/unnamed-file.jpg 1054w\" sizes=\"(max-width: 615px) 100vw, 615px\" \/><figcaption>Ilustraci\u00f3n de <strong><a href=\"https:\/\/peninsula360press.com\/tag\/rober-diaz\/\">Rober D\u00edaz<\/a><\/strong>.<\/figcaption><\/figure><\/div>\n\n\n\n<h5 class=\"wp-block-heading\">Redacci\u00f3n. Pen\u00ednsula 360 Press [P360P].<\/h5>\n\n\n\n<p>La palabra \u00abrevoluci\u00f3n\u00bb refiere a huellas de batalla, no necesariamente pol\u00edtica, tambi\u00e9n social. Es indudable que Diego Maradona marc\u00f3 un antes y un despu\u00e9s en el soccer internacional. Su gran capacidad con el bal\u00f3n en la pierna izquierda, su liderazgo dentro y fuera de la cancha y la manera en la que combat\u00eda al m\u00e1ximo \u00f3rgano del soccer mundial, la Federaci\u00f3n Internacional de F\u00fatbol Asociaci\u00f3n \u2013FIFA, por sus siglas en franc\u00e9s\u2013 hacen que el legado del 10 argentino sea eterno.<\/p>\n\n\n\n<p>Esta ma\u00f1ana, se confirm\u00f3 que, tras ser v\u00edctima de un paro cardiorrespiratorio, el ex jugador del Napoli, Barcelona y el Boca Juniors falleci\u00f3 a los 60 a\u00f1os. Lo comunic\u00f3 el jefe de prensa del c\u00e9lebre argentino, Sebasti\u00e1n Sanchi, al referir que, por lo menos, cuatro ambulancias se dirigieron a la casa de Maradona de Buenos Aires; sin embargo, no fue posible hacer nada.&nbsp;<\/p>\n\n\n\n<p>A principios de noviembre, Diego Maradona estuvo internado diez d\u00edas por una descompensaci\u00f3n, aunque ya en el hospital se le diagnostic\u00f3 un hematoma subdural.&nbsp;<\/p>\n\n\n\n<p>La partida de \u00abEl Pelusa\u00bb de inmediato hace recordar uno de los grandes episodios en la historia del soccer mundial cuando, en 1986, Argentina se coron\u00f3 en el Estadio Azteca para levantar su segunda Copa del Mundo con el astro como capit\u00e1n.&nbsp;<\/p>\n\n\n\n<p>Quiz\u00e1 la victoria ante Alemania en la final no es la m\u00e1s recordada en la carrera de Diego Armando, sino el juego de cuartos de final, del 22 de junio, del mismo campeonato ante Inglaterra, cuando marc\u00f3 los dos goles de la victoria, en un juego marcado pol\u00edticamente por la disputa de las Islas Maldivas.<\/p>\n\n\n\n<p>Maradona arrastr\u00f3 la pelota desde medio campo y eludi\u00f3 a todos los rivales ingleses hasta llegar al \u00e1rea rival, donde sac\u00f3 al portero, lo esquiv\u00f3 y, barri\u00e9ndose, empuj\u00f3 el bal\u00f3n para marcar a favor de la albiceleste.<\/p>\n\n\n\n<p>Al minuto 51, tras una serie de rebotes en el \u00e1rea del arquero ingl\u00e9s, Peter Shilton, quien med\u00eda 20 cent\u00edmetros m\u00e1s que el \u00ab10\u00bb, el bal\u00f3n qued\u00f3 en el aire y ambos jugadores se levantaron para competir por \u00e9l. Diego Maradona simul\u00f3 golpearlo con la cabeza; sin embargo, lo hizo con la mano y termin\u00f3 marcando para que Argentina se encaminara hacia el t\u00edtulo mundial.<\/p>\n\n\n\n<p>Maradona siempre fue m\u00e1s rebelde que sargento. Tras la Copa Mundial, llev\u00f3 al Napoli de la Serie A italiana, un equipo modesto y con poco presupuesto, a competir y ganarles el \u00abScudetto\u00bb en 1987 a los poderosos Mil\u00e1n, Inter de Mil\u00e1n y Juventus, enmarcando la guerra futbol\u00edstica del sur contra el norte italiano.&nbsp;<\/p>\n\n\n\n<p>Tras el t\u00edtulo, el due\u00f1o del Mil\u00e1n, Silvio Berlusconi, trat\u00f3 de incorporar a sus filas al astro argentino, pero \u00e9ste se neg\u00f3 y renov\u00f3 su contrato con el humilde Napoli hasta 1993. Los supuestos nexos con la mafia siciliana y la gran estima de la gente pronto hicieron que N\u00e1poles se conociera como \u00abla ciudad de Diego\u00bb.<\/p>\n\n\n\n<p>El 25 de noviembre de 2016, tambi\u00e9n parti\u00f3 una de las grandes figuras de la pol\u00edtica mundial e \u00edntimo amigo del de Buenos Aires: Fidel Castro, a los 90 a\u00f1os.<\/p>\n\n\n\n<p>En 1987 se conocieron, cuando Maradona declar\u00f3 tener una admiraci\u00f3n por el cubano, as\u00ed como por Ernesto \u00abCh\u00e9\u00bb Guevara, a quien llev\u00f3 tatuado en su brazo como s\u00edmbolo de la liberaci\u00f3n latinoamericana, movimiento que acompa\u00f1\u00f3 en el deporte, cuando FIFA no permit\u00eda a futbolistas estadounidenses competir por los galardones m\u00e1s valiosos, de lo que lleg\u00f3 a declarar que, tanto \u00e9l, como el mexicano Hugo S\u00e1nchez, tendr\u00edan Balones de Oro si el \u00f3rgano no hubiese sido excluyente.<\/p>\n\n\n\n<p>Fidel Castro apoy\u00f3 a Maradona en el a\u00f1o 2000, cuando en enero se intern\u00f3 en un centro de rehabilitaci\u00f3n para desintoxicarse de las drogas en Cuba. Diego Maradona no ocultaba que, adem\u00e1s de ser zurdo en el terreno de juego, simpatizaba con los ideales de izquierda en Latinoam\u00e9rica; le regal\u00f3 una taza de ba\u00f1o al presidente cubano, a quien nombr\u00f3 su \u00absegundo padre\u00bb, argumentando que, cada vez que la usara, le dedicara el acto a Estados Unidos y George Bush.<\/p>\n\n\n\n<p>Maradona tambi\u00e9n expres\u00f3 sentirse perseguido por FIFA cuando, en la Copa del Mundo de Estados Unidos 1994, un control antidopaje puso fin a su carrera en la Selecci\u00f3n Argentina. El 30 de julio de aquel a\u00f1o, cuatro d\u00edas despu\u00e9s de que Argentina venci\u00f3 2-1 a Nigeria en el certamen, Diego Armando Maradona declar\u00f3: \u00abNo me drogu\u00e9, me cortaron las piernas\u00bb, luego de que, al medio tiempo de ese juego, el an\u00e1lisis de orina del capit\u00e1n saliera positivo a efedrina.&nbsp;<\/p>\n\n\n\n<p>FIFA pidi\u00f3 a la Asociaci\u00f3n del F\u00fatbol Argentino \u2013AFA\u2013 retirar al astro de la competencia y, con ello, no volverlo a ver vestir la albiceleste. Lo extraordinario del caso es que fue al medio tiempo de un partido, cuando, com\u00fanmente, los controles antidopaje se realizan al finalizar los cotejos, adem\u00e1s de que, en aquel juego, una enfermera ingres\u00f3 a la cancha para retirar al futbolista del brazo.&nbsp;<\/p>\n\n\n\n<p>El sustento de tal acto se basa en la especulaci\u00f3n de un complot contra Maradona por jugar el la Copa Mundial en terreno estadounidense, luego de declararse partidario de los ideales de Fidel Castro.<\/p>\n\n\n\n<p>El 25 de noviembre marcar\u00e1 la historia y resignificar\u00e1 la palabra \u00abrevoluci\u00f3n\u00bb en el diccionario, a\u00f1adi\u00e9ndole momentos en los que dos estandartes de ideales y creencias partieron para dejar un legado en dos esf\u00e9ricos: el bal\u00f3n y el planeta.<\/p>\n\n\n\n<h6 class=\"wp-block-heading\">EEJ<\/h6>\n","protected":false},"excerpt":{"rendered":"<p>Redacci\u00f3n. Pen\u00ednsula 360 Press [P360P]. La palabra \u00abrevoluci\u00f3n\u00bb refiere a huellas de batalla, no necesariamente pol\u00edtica, tambi\u00e9n social. Es indudable que Diego Maradona marc\u00f3 un antes y un despu\u00e9s en el soccer internacional. Su gran capacidad con el bal\u00f3n en la pierna izquierda, su liderazgo dentro y fuera de la cancha y la manera en [&hellip;]<\/p>\n","protected":false},"author":4,"featured_media":2735,"comment_status":"open","ping_status":"open","sticky":false,"template":"","format":"standard","meta":{"footnotes":""},"categories":[13],"tags":[273],"class_list":{"0":"post-2734","1":"post","2":"type-post","3":"status-publish","4":"format-standard","5":"has-post-thumbnail","7":"category-sports","8":"tag-ccj"},"_links":{"self":[{"href":"https:\/\/peninsula360press.com\/es_mx\/wp-json\/wp\/v2\/posts\/2734","targetHints":{"allow":["GET"]}}],"collection":[{"href":"https:\/\/peninsula360press.com\/es_mx\/wp-json\/wp\/v2\/posts"}],"about":[{"href":"https:\/\/peninsula360press.com\/es_mx\/wp-json\/wp\/v2\/types\/post"}],"author":[{"embeddable":true,"href":"https:\/\/peninsula360press.com\/es_mx\/wp-json\/wp\/v2\/users\/4"}],"replies":[{"embeddable":true,"href":"https:\/\/peninsula360press.com\/es_mx\/wp-json\/wp\/v2\/comments?post=2734"}],"version-history":[{"count":3,"href":"https:\/\/peninsula360press.com\/es_mx\/wp-json\/wp\/v2\/posts\/2734\/revisions"}],"predecessor-version":[{"id":2742,"href":"https:\/\/peninsula360press.com\/es_mx\/wp-json\/wp\/v2\/posts\/2734\/revisions\/2742"}],"wp:featuredmedia":[{"embeddable":true,"href":"https:\/\/peninsula360press.com\/es_mx\/wp-json\/wp\/v2\/media\/2735"}],"wp:attachment":[{"href":"https:\/\/peninsula360press.com\/es_mx\/wp-json\/wp\/v2\/media?parent=2734"}],"wp:term":[{"taxonomy":"category","embeddable":true,"href":"https:\/\/peninsula360press.com\/es_mx\/wp-json\/wp\/v2\/categories?post=2734"},{"taxonomy":"post_tag","embeddable":true,"href":"https:\/\/peninsula360press.com\/es_mx\/wp-json\/wp\/v2\/tags?post=2734"}],"curies":[{"name":"wp","href":"https:\/\/api.w.org\/{rel}","templated":true}]}}